{"id":14694,"date":"2025-06-05T18:33:23","date_gmt":"2025-06-05T22:33:23","guid":{"rendered":"https:\/\/agromt.news\/?p=14694"},"modified":"2025-06-05T18:33:23","modified_gmt":"2025-06-05T22:33:23","slug":"o-segredo-para-fortalecer-sua-marca","status":"publish","type":"post","link":"https:\/\/agromt.news\/?p=14694","title":{"rendered":"o segredo para fortalecer sua marca"},"content":{"rendered":"<p> <br \/>\n<br \/><img decoding=\"async\" src=\"https:\/\/agromt.news\/wp-content\/uploads\/2025\/06\/o-segredo-para-fortalecer-sua-marca.png\" \/><\/p>\n<div>\n<p>Neste epis\u00f3dio do Porteira Aberta Empreender, vamos falar sobre a import\u00e2ncia de ter um portf\u00f3lio, um cart\u00e3o de visitas e uma apresenta\u00e7\u00e3o estrat\u00e9gica.<\/p>\n<p>Ao combinar esses tr\u00eas elementos, voc\u00ea constr\u00f3i uma identidade profissional forte, transmite confian\u00e7a e aumenta suas chances de conquistar novos clientes. Quer saber mais?<\/p>\n<p><a href=\"https:\/\/www.youtube.com\/watch?v=Ga_0wry0VcA\">Assista agora ao Porteira Aberta Empreender!<\/a> <\/p>\n<p><strong>#PROGRAMA #12<\/strong><\/p>\n<figure class=\"wp-block-embed is-type-video is-provider-youtube wp-block-embed-youtube wp-embed-aspect-16-9 wp-has-aspect-ratio\">\n<p>\n<iframe title=\"Portf\u00f3lio e apresenta\u00e7\u00e3o estrat\u00e9gica: o segredo para fortalecer sua marca\" width=\"800\" height=\"450\" src=\"https:\/\/www.youtube.com\/embed\/Ga_0wry0VcA?feature=oembed\" frameborder=\"0\" allow=\"accelerometer; autoplay; clipboard-write; encrypted-media; gyroscope; picture-in-picture; web-share\" referrerpolicy=\"strict-origin-when-cross-origin\" allowfullscreen><\/iframe>\n<\/p>\n<\/figure>\n<ul class=\"wp-block-list\">\n<li><em>Participe do Porteira Aberta Empreender: envie perguntas, sugest\u00f5es e conte sua hist\u00f3ria de empreendedorismo pelo\u00a0<\/em><a href=\"https:\/\/api.whatsapp.com\/send?phone=5511932796720&amp;PorteiraAbertaEmpreender=SuaMensagem\"><strong>WhatsApp<\/strong><\/a><\/li>\n<\/ul>\n<p>#<\/p>\n<h2 class=\"wp-block-heading\" id=\"h-como-feiras-e-eventos-podem-impulsionar-o-seu-negocio\">Como Feiras e Eventos podem impulsionar o seu neg\u00f3cio<\/h2>\n<p><strong>#PROGRAMA #11<\/strong><\/p>\n<p>Neste epis\u00f3dio do Porteira Aberta Empreender, vamos falar sobre a import\u00e2ncia de participar de feiras e eventos, como a WTN e a Anuga, com exemplos de quem j\u00e1 esteve l\u00e1.<\/p>\n<figure class=\"wp-block-embed is-type-video is-provider-youtube wp-block-embed-youtube wp-embed-aspect-16-9 wp-has-aspect-ratio\">\n<p>\n<iframe title=\"Como aproveitar de feiras e eventos para crescer e fortalecer seu neg\u00f3cio?\" width=\"800\" height=\"450\" src=\"https:\/\/www.youtube.com\/embed\/pgNgpiOyHMo?feature=oembed\" frameborder=\"0\" allow=\"accelerometer; autoplay; clipboard-write; encrypted-media; gyroscope; picture-in-picture; web-share\" referrerpolicy=\"strict-origin-when-cross-origin\" allowfullscreen><\/iframe>\n<\/p>\n<\/figure>\n<p>Vamos acompanhar dicas estrat\u00e9gicas de especialistas do Sebrae.<\/p>\n<p>Entre os destaques est\u00e3o:<\/p>\n<ul class=\"wp-block-list\">\n<li>Entenda como escolher o evento certo para o seu neg\u00f3cio<\/li>\n<li>A import\u00e2ncia de produtos bem apresentados (embalagens, r\u00f3tulos, identidade visual)<\/li>\n<li>Como construir uma apresenta\u00e7\u00e3o que passe clareza e confian\u00e7a<\/li>\n<li>O papel das capacita\u00e7\u00f5es do Sebrae na prepara\u00e7\u00e3o para esses momentos<\/li>\n<\/ul>\n<p>Quer saber mais?<\/p>\n<p>Assista agora ao <a href=\"https:\/\/www.youtube.com\/watch?v=pN-UqFTjIws\">Porteira Aberta Empreender <\/a>e d\u00ea o primeiro passo para transformar seu neg\u00f3cio<\/p>\n<h2 class=\"wp-block-heading\" id=\"h-saiba-como-transformar-sua-propriedade-rural-em-um-negocio-lucrativo\">Saiba como transformar sua propriedade rural em um neg\u00f3cio lucrativo<\/h2>\n<p><strong>#PROGRAMA #10<\/strong><\/p>\n<p>Neste epis\u00f3dio do Porteira Aberta Empreender, vamos explorar o tema gest\u00e3o de neg\u00f3cios para os micro e pequenos produtores rurais.<\/p>\n<p>Descubra estrat\u00e9gias para agregar valor \u00e0 sua propriedade, otimizar suas finan\u00e7as e aproveitar as melhores oportunidades do mercado com Victor Rodrigues Ferreira, analista de competitividade do Sebrae Nacional.<\/p>\n<p>Entre os destaques est\u00e3o:  <\/p>\n<ul class=\"wp-block-list\">\n<li>Realizar compras coletivas;<\/li>\n<li>Atentar-se a sazonalidade dos produtos; <\/li>\n<li>Planejar gest\u00e3o de custos e pre\u00e7os;<\/li>\n<li>Investir em capacita\u00e7\u00e3o.<\/li>\n<\/ul>\n<p> Quer saber mais? <\/p>\n<p>Assista agora ao <a href=\"https:\/\/www.youtube.com\/watch?v=pN-UqFTjIws\">Porteira Aberta Empreender <\/a>e d\u00ea o primeiro passo para transformar seu neg\u00f3cio!<\/p>\n<figure class=\"wp-block-embed is-type-video is-provider-youtube wp-block-embed-youtube wp-embed-aspect-16-9 wp-has-aspect-ratio\">\n<p>\n<iframe title=\"Gest\u00e3o de Neg\u00f3cios | Porteira Aberta Empreender | Sebrae e Canal Rural\" width=\"800\" height=\"450\" src=\"https:\/\/www.youtube.com\/embed\/pN-UqFTjIws?feature=oembed\" frameborder=\"0\" allow=\"accelerometer; autoplay; clipboard-write; encrypted-media; gyroscope; picture-in-picture; web-share\" referrerpolicy=\"strict-origin-when-cross-origin\" allowfullscreen><\/iframe>\n<\/p>\n<\/figure>\n<p>#<\/p>\n<h2 class=\"wp-block-heading\" id=\"h-descubra-como-os-selos-agregam-valor-a-producao-rural\">Descubra como os selos agregam valor \u00e0 produ\u00e7\u00e3o rural<\/h2>\n<p><strong>#PROGRAMA #9<\/strong><\/p>\n<p>Voc\u00ea sabia que ter um selo pode aumentar a rentabilidade da sua produ\u00e7\u00e3o rural?<\/p>\n<p>Os selos agregam valor ao produto, abrem portas para novos mercados e fortalecem a confian\u00e7a do consumidor. <\/p>\n<p>Quer saber como conquistar o seu certificado?<\/p>\n<p>Ent\u00e3o aperte o<a href=\"https:\/\/www.youtube.com\/watch?v=WTAinHFJ0Q8\"> play<\/a> e assista ao programa Porteira Aberta Empreender. A hora \u00e9 de potencializar os resultados do seu neg\u00f3cio.<\/p>\n<figure class=\"wp-block-embed is-type-video is-provider-youtube wp-block-embed-youtube wp-embed-aspect-16-9 wp-has-aspect-ratio\">\n<p>\n<iframe title=\"Descubra como os selos agregam valor \u00e0 produ\u00e7\u00e3o rural | Porteira Aberta Empreender\" width=\"800\" height=\"450\" src=\"https:\/\/www.youtube.com\/embed\/WTAinHFJ0Q8?feature=oembed\" frameborder=\"0\" allow=\"accelerometer; autoplay; clipboard-write; encrypted-media; gyroscope; picture-in-picture; web-share\" referrerpolicy=\"strict-origin-when-cross-origin\" allowfullscreen><\/iframe>\n<\/p>\n<\/figure>\n<p>#<\/p>\n<p><strong>#PROGRAMA #8<\/strong><\/p>\n<p>Nesta edi\u00e7\u00e3o do Porteira Aberta Empreender, voc\u00ea vai descobrir:<\/p>\n<ul class=\"wp-block-list\">\n<li>Como a tecnologia, a gen\u00e9tica e a insemina\u00e7\u00e3o artificial podem abrir a porteira para o sucesso do seu neg\u00f3cio;<\/li>\n<li>Como o pequeno produtor rural pode acessar inova\u00e7\u00f5es tecnol\u00f3gicas de ponta para aumentar a produ\u00e7\u00e3o e otimizar processos;<\/li>\n<li>Como ferramentas digitais como WhatsApp Business e o Instagram podem simplificar a comunica\u00e7\u00e3o e criar novas oportunidades no agroneg\u00f3cio.<\/li>\n<\/ul>\n<p>Quer saber mais?  <\/p>\n<p>Ent\u00e3o aperte o<a href=\"https:\/\/www.youtube.com\/watch?v=1wcBWUBF71A\"> play<\/a> e assista ao programa.<\/p>\n<\/div>\n<div>\n<figure class=\"wp-block-embed is-type-video is-provider-youtube wp-block-embed-youtube wp-embed-aspect-16-9 wp-has-aspect-ratio\">\n<p>\n<iframe title=\"Inova\u00e7\u00e3o descomplicada: como a tecnologia pode transformar o seu neg\u00f3cio| Porteira Aberta Empreender\" width=\"800\" height=\"450\" src=\"https:\/\/www.youtube.com\/embed\/1wcBWUBF71A?feature=oembed\" frameborder=\"0\" allow=\"accelerometer; autoplay; clipboard-write; encrypted-media; gyroscope; picture-in-picture; web-share\" referrerpolicy=\"strict-origin-when-cross-origin\" allowfullscreen><\/iframe>\n<\/p>\n<\/figure>\n<ul class=\"wp-block-list\">\n<li><strong><em>Participe do Porteira Aberta Empreender: envie perguntas, sugest\u00f5es e conte sua hist\u00f3ria de empreendedorismo pelo\u00a0<\/em><\/strong><a href=\"https:\/\/api.whatsapp.com\/send?phone=5511932796720&amp;PorteiraAbertaEmpreender=SuaMensagem\"><strong><em>WhatsApp<\/em><\/strong><\/a><\/li>\n<\/ul>\n<p><strong>#PROGRAMA #7<\/strong><\/p>\n<h2 class=\"wp-block-heading\" id=\"h-gestao-feminina-oferece-um-novo-olhar-ao-agro\">Gest\u00e3o feminina oferece um novo olhar ao agro<\/h2>\n<p>Neste epis\u00f3dio do Porteira Aberta Empreender, voc\u00ea vai acompanhar hist\u00f3rias de produtoras rurais que conquistaram novos mercados, mostrando a for\u00e7a e a determina\u00e7\u00e3o feminina no agro.<\/p>\n<p>Juliana Almeida, diretora de Administra\u00e7\u00e3o e Finan\u00e7as do Sebrae Alagoas, compartilha orienta\u00e7\u00f5es essenciais sobre gest\u00e3o de neg\u00f3cios rurais liderados por mulheres. <\/p>\n<p>Al\u00e9m disso, oferece dicas valiosas que podem ajudar pequenas produtoras a prosperarem em seus empreendimentos.<\/p>\n<p>Ent\u00e3o, aperte o<a href=\"https:\/\/youtu.be\/c3as9JrPVr8?feature=shared\"> play<\/a> e assista ao programa.<\/p>\n<figure class=\"wp-block-embed is-type-video is-provider-youtube wp-block-embed-youtube wp-embed-aspect-16-9 wp-has-aspect-ratio\">\n<p>\n<iframe title=\"Mulheres do agro: gest\u00e3o feminina traz diferencial em propriedade rural | Porteira Aberta Empreender\" width=\"800\" height=\"450\" src=\"https:\/\/www.youtube.com\/embed\/c3as9JrPVr8?feature=oembed\" frameborder=\"0\" allow=\"accelerometer; autoplay; clipboard-write; encrypted-media; gyroscope; picture-in-picture; web-share\" referrerpolicy=\"strict-origin-when-cross-origin\" allowfullscreen><\/iframe>\n<\/p>\n<\/figure>\n<p>#<\/p>\n<h2 class=\"wp-block-heading\" id=\"h-inovacao-e-empreendedorismo-feminino\">Inova\u00e7\u00e3o e empreendedorismo feminino<\/h2>\n<p><strong>#PROGRAMA #6<\/strong><\/p>\n<p>Nesta edi\u00e7\u00e3o, voc\u00ea vai conhecer hist\u00f3rias de mulheres que com muita disciplina, planejamento e qualifica\u00e7\u00e3o conseguiram inovar o neg\u00f3cio no campo e o Sebrae foi um alicerce para as conquistas.\u00a0<\/p>\n<p>Um dos assuntos abordados no programa Porteira Aberta Empreender, foi sobre o Sebrae\/Delas com a participa\u00e7\u00e3o de Renata Malheiros, que \u00e9 gestora nacional do Sebrae\/Delas e especialista em empreendedorismo feminino.\u00a0Voc\u00ea tamb\u00e9m vai conhecer a hist\u00f3ria de uma produtora de uva no Paran\u00e1, que conquistou o primeiro lugar no pr\u00eamio nacional do \u2018Sebrae Mulheres de Neg\u00f3cios\u2019<\/p>\n<p>Ent\u00e3o, aperte o <a href=\"https:\/\/youtu.be\/LCsw0tAstIM?si=OCjIkoEGSlNcV2Zb\">play e descubra! \u25b6\ufe0f\u2728<\/a><\/p>\n<figure class=\"wp-block-embed is-type-video is-provider-youtube wp-block-embed-youtube wp-embed-aspect-16-9 wp-has-aspect-ratio\">\n<p>\n<iframe title=\"A inova\u00e7\u00e3o das mulheres do agro | Porteira Aberta Empreender | Sebrae e Canal Rural\" width=\"800\" height=\"450\" src=\"https:\/\/www.youtube.com\/embed\/LCsw0tAstIM?feature=oembed\" frameborder=\"0\" allow=\"accelerometer; autoplay; clipboard-write; encrypted-media; gyroscope; picture-in-picture; web-share\" referrerpolicy=\"strict-origin-when-cross-origin\" allowfullscreen><\/iframe>\n<\/p>\n<\/figure>\n<ul class=\"wp-block-list\">\n<li><strong><em>Participe do Porteira Aberta Empreender: envie perguntas, sugest\u00f5es e conte sua hist\u00f3ria de empreendedorismo pelo\u00a0<\/em><\/strong><a href=\"https:\/\/api.whatsapp.com\/send?phone=5511932796720&amp;PorteiraAbertaEmpreender=SuaMensagem\"><strong><em>WhatsApp<\/em><\/strong><\/a><\/li>\n<\/ul>\n<h2 class=\"wp-block-heading\" id=\"h-capacitacao-o-caminho-para-impulsionar-seu-negocio\">Capacita\u00e7\u00e3o: o caminho para impulsionar seu neg\u00f3cio<\/h2>\n<p><strong>#PROGRAMA #5<\/strong><\/p>\n<p>Que tal investir em conhecimento e expandir seu neg\u00f3cio no mercado? O nesta edi\u00e7\u00e3o do Porteira Aberta Empreender, vamos falar sobre capacita\u00e7\u00e3o. A qualifica\u00e7\u00e3o abre portas para novas oportunidades, melhora a gest\u00e3o, ajuda no planejamento e, claro, na rentabilidade do seu empreendimento rural. No campo, isso se traduz em mais efici\u00eancia, inova\u00e7\u00e3o e produtividade. Ent\u00e3o, aperte o <a href=\"https:\/\/www.youtube.com\/watch?v=PH2Yb6H2n6o\">play e descubra<\/a> como dar o pr\u00f3ximo passo rumo ao sucesso! <\/p>\n<ul class=\"wp-block-list\">\n<li><strong><em>Participe do Porteira Aberta Empreender: envie perguntas, sugest\u00f5es e conte sua hist\u00f3ria de empreendedorismo pelo\u00a0<\/em><\/strong><a href=\"https:\/\/api.whatsapp.com\/send?phone=5511932796720&amp;PorteiraAbertaEmpreender=SuaMensagem\"><strong><em>WhatsApp<\/em><\/strong><\/a><\/li>\n<\/ul>\n<h2 class=\"wp-block-heading\" id=\"h-programa-5-tema-capacitacao-o-caminho-para-impulsionar-seu-negocio\">#<strong>PROGRAMA #<\/strong>5 | Tema: Capacita\u00e7\u00e3o: o caminho para impulsionar seu neg\u00f3cio<\/h2>\n<p><iframe title=\"Capacita\u00e7\u00e3o | Porteira Aberta Empreender | Sebrae e Canal Rural\" width=\"800\" height=\"450\" src=\"https:\/\/www.youtube.com\/embed\/PH2Yb6H2n6o?feature=oembed\" frameborder=\"0\" allow=\"accelerometer; autoplay; clipboard-write; encrypted-media; gyroscope; picture-in-picture; web-share\" referrerpolicy=\"strict-origin-when-cross-origin\" allowfullscreen><\/iframe><\/p>\n<h2 class=\"wp-block-heading\" id=\"h-exportacao-para-pequenos-produtores\">Exporta\u00e7\u00e3o para pequenos produtores<\/h2>\n<p><strong>#PROGRAMA #4 <\/strong><\/p>\n<p>Nesta edi\u00e7\u00e3o do Porteira Aberta Empreender, voc\u00ea vai conhecer algumas formas de exporta\u00e7\u00e3o para pequenos produtores rurais. A exemplo do Fairtrade (Com\u00e9rcio Justo, em portugu\u00eas) e das Trading Companies (Empresas Comerciais Exportadoras, em portugu\u00eas). Quer saber mais sobre como transformar o seu neg\u00f3cio? Ent\u00e3o, aperte o <a href=\"https:\/\/youtu.be\/jlC_xnGTxlo?si=kMXXg0BPuxRHMT9q\">play e descubra! \u25b6\ufe0f\u2728<\/a><\/p>\n<ul class=\"wp-block-list\">\n<li><strong><em>Participe do Porteira Aberta Empreender: envie perguntas, sugest\u00f5es e conte sua hist\u00f3ria de empreendedorismo pelo\u00a0<\/em><\/strong><a href=\"https:\/\/api.whatsapp.com\/send?phone=5511932796720&amp;PorteiraAbertaEmpreender=SuaMensagem\"><strong><em>WhatsApp<\/em><\/strong><\/a><\/li>\n<\/ul>\n<h2 class=\"wp-block-heading\" id=\"h-programa-4-tema-exportacao-para-pequenos-produtores\">#<strong>PROGRAMA #4<\/strong> | Tema: Exporta\u00e7\u00e3o para pequenos produtores<\/h2>\n<figure class=\"wp-block-embed is-type-video is-provider-youtube wp-block-embed-youtube wp-embed-aspect-16-9 wp-has-aspect-ratio\">\n<p>\n<iframe title=\"Exporta\u00e7\u00e3o para pequenos produtores | Porteira Aberta Empreender | Sebrae e Canal Rural\" width=\"800\" height=\"450\" src=\"https:\/\/www.youtube.com\/embed\/jlC_xnGTxlo?feature=oembed\" frameborder=\"0\" allow=\"accelerometer; autoplay; clipboard-write; encrypted-media; gyroscope; picture-in-picture; web-share\" referrerpolicy=\"strict-origin-when-cross-origin\" allowfullscreen><\/iframe>\n<\/p>\n<\/figure>\n<p>#<strong>PROGRAMA #3<\/strong> <\/p>\n<h2 class=\"wp-block-heading\" id=\"h-acesso-ao-credito-saiba-as-melhores-formas-de-investimento\">Acesso ao Cr\u00e9dito: saiba as melhores formas de investimento<\/h2>\n<p>Nesta edi\u00e7\u00e3o do Porteira Aberta Empreender, vamos mostrar como solicitar financiamento de forma simples e eficiente, de acordo com a sua necessidade.<\/p>\n<p>Voc\u00ea tamb\u00e9m vai conhecer o Fundo de Aval \u00e0s Micro e Pequenas Empresas (FAMP), uma solu\u00e7\u00e3o que pode destravar o cr\u00e9dito para quem aposta na agroind\u00fastria e quer expandir seus neg\u00f3cios.<\/p>\n<ul class=\"wp-block-list\">\n<li><strong><em>Participe do Porteira Aberta Empreender: envie perguntas, sugest\u00f5es e conte sua hist\u00f3ria de empreendedorismo pelo\u00a0<\/em><\/strong><a href=\"https:\/\/api.whatsapp.com\/send?phone=5511932796720&amp;PorteiraAbertaEmpreender=SuaMensagem\"><strong><em>WhatsApp<\/em><\/strong><\/a>.<\/li>\n<\/ul>\n<h2 class=\"wp-block-heading\" id=\"h-programa-3-tema-acesso-ao-credito\">#<strong>PROGRAMA #<\/strong>3 | Tema: Acesso ao Cr\u00e9dito <\/h2>\n<figure class=\"wp-block-embed is-type-video is-provider-youtube wp-block-embed-youtube wp-embed-aspect-16-9 wp-has-aspect-ratio\">\n<p>\n<iframe title=\"Acesso ao cr\u00e9dito | Porteira Aberta Empreender | Sebrae e Canal Rural\" width=\"800\" height=\"450\" src=\"https:\/\/www.youtube.com\/embed\/LLMUni18Kwg?feature=oembed\" frameborder=\"0\" allow=\"accelerometer; autoplay; clipboard-write; encrypted-media; gyroscope; picture-in-picture; web-share\" referrerpolicy=\"strict-origin-when-cross-origin\" allowfullscreen><\/iframe>\n<\/p>\n<\/figure>\n<p>O programa Porteira Aberta Empreender \u00e9 uma produ\u00e7\u00e3o do Canal Rural em parceria com o\u00a0<a href=\"https:\/\/agenciasebrae.com.br\/\">Sebrae<\/a>, e \u00e9 o lugar certo para voc\u00ea descobrir produtos, servi\u00e7os e inova\u00e7\u00f5es que v\u00e3o fortalecer seu o empreendedorismo no campo.<\/p>\n<p><strong>#3<\/strong><\/p>\n<h2 class=\"wp-block-heading\" id=\"h-indicacao-geografica-protege-ativos-do-territorio-como-historia-e-saberes\">Indica\u00e7\u00e3o Geogr\u00e1fica: \u201cprotege ativos do territ\u00f3rio como hist\u00f3ria e saberes\u201d<\/h2>\n<p>Neste programa do Porteira Aberta Empreender, descubra como as\u00a0<a href=\"https:\/\/www.canalrural.com.br\/empreendedorismo\/banana-que-era-descartada-ganha-valor-e-mercado\/\">Indica\u00e7\u00f5es Geogr\u00e1ficas<\/a>\u00a0(IGs) podem contribuir para a valoriza\u00e7\u00e3o dos produtos e servi\u00e7os rurais, destacar qualidades e fortalecer as tradi\u00e7\u00f5es regionais.<\/p>\n<p>Hulda Giesbrecht, coordenadora de Tecnologias Portadoras do Futuro do Sebrae, explica: \u201cA IG protege os ativos de um territ\u00f3rio, como sua hist\u00f3ria, saberes e fatores naturais.\u201d<\/p>\n<p>Acompanhe hist\u00f3rias inspiradoras, exemplos de sucesso e dicas pr\u00e1ticas para compreender o impacto desse reconhecimento no mercado. Acesse,\u00a0<a href=\"https:\/\/www.youtube.com\/watch?v=UjOOxBEZ-q4\">AQUI<\/a> <\/p>\n<h2 class=\"wp-block-heading\" id=\"h-programa-2-tema-indicacao-geografica\"><strong>PROGRAMA #<\/strong>2 | Tema: Indica\u00e7\u00e3o Geogr\u00e1fica<\/h2>\n<figure class=\"wp-block-embed is-type-video is-provider-youtube wp-block-embed-youtube wp-embed-aspect-16-9 wp-has-aspect-ratio\">\n<p>\n<iframe title=\"Indica\u00e7\u00f5es Geogr\u00e1ficas | Porteira Aberta Empreender | Sebrae e Canal Rural\" width=\"800\" height=\"450\" src=\"https:\/\/www.youtube.com\/embed\/UjOOxBEZ-q4?feature=oembed\" frameborder=\"0\" allow=\"accelerometer; autoplay; clipboard-write; encrypted-media; gyroscope; picture-in-picture; web-share\" referrerpolicy=\"strict-origin-when-cross-origin\" allowfullscreen><\/iframe>\n<\/p>\n<\/figure>\n<ul class=\"wp-block-list\">\n<li><strong><em>Participe do Porteira Aberta Empreender: envie perguntas, sugest\u00f5es e conte sua hist\u00f3ria de empreendedorismo pelo\u00a0<\/em><\/strong><a href=\"https:\/\/api.whatsapp.com\/send?phone=5511932796720&amp;PorteiraAbertaEmpreender=SuaMensagem\"><strong><em>WhatsApp<\/em><\/strong><\/a>.<\/li>\n<\/ul>\n<p>O programa Porteira Aberta Empreender \u00e9 uma produ\u00e7\u00e3o do Canal Rural em parceria com o\u00a0<a href=\"https:\/\/agenciasebrae.com.br\/\">Sebrae<\/a>, e \u00e9 o lugar certo para voc\u00ea descobrir produtos, servi\u00e7os e inova\u00e7\u00f5es que v\u00e3o fortalecer seu o empreendedorismo no campo.<\/p>\n<p>#<\/p>\n<h2 class=\"wp-block-heading\" id=\"h-credito-consciente-a-chave-para-crescer-no-campo\">Cr\u00e9dito consciente: a chave para crescer no campo!<\/h2>\n<p>No primeiro epis\u00f3dio do Porteira Aberta Empreender, descubra como acessar cr\u00e9dito de forma respons\u00e1vel e estrat\u00e9gica para transformar o seu neg\u00f3cio rural. Confira:<\/p>\n<p><strong>PROGRAMA #1<\/strong> | Tema: Cr\u00e9dito Consciente<\/p>\n<figure class=\"wp-block-embed is-type-video is-provider-youtube wp-block-embed-youtube wp-embed-aspect-16-9 wp-has-aspect-ratio\">\n<p>\n<iframe title=\"Cr\u00e9dito Consciente | Porteira Aberta Empreender | Sebrae e Canal Rural\" width=\"800\" height=\"450\" src=\"https:\/\/www.youtube.com\/embed\/fKws4aDk_aI?feature=oembed\" frameborder=\"0\" allow=\"accelerometer; autoplay; clipboard-write; encrypted-media; gyroscope; picture-in-picture; web-share\" referrerpolicy=\"strict-origin-when-cross-origin\" allowfullscreen><\/iframe>\n<\/p>\n<\/figure><\/div>\n<p><br \/>\n<br \/><a href=\"https:\/\/www.canalrural.com.br\/empreendedorismo\/portfolio-e-apresentacao-estrategica-o-segredo-para-fortalecer-sua-marca\/\">Source link <\/a><\/p>\n","protected":false},"excerpt":{"rendered":"<p>Neste epis\u00f3dio do Porteira Aberta Empreender, vamos falar sobre a import\u00e2ncia de ter um portf\u00f3lio, um cart\u00e3o de visitas e<\/p>\n","protected":false},"author":1,"featured_media":14695,"comment_status":"open","ping_status":"open","sticky":false,"template":"","format":"standard","meta":{"_monsterinsights_skip_tracking":false,"_monsterinsights_sitenote_active":false,"_monsterinsights_sitenote_note":"","_monsterinsights_sitenote_category":0,"_uf_show_specific_survey":0,"_uf_disable_surveys":false,"footnotes":""},"categories":[1],"tags":[],"class_list":["post-14694","post","type-post","status-publish","format-standard","has-post-thumbnail","hentry","category-news"],"_links":{"self":[{"href":"https:\/\/agromt.news\/index.php?rest_route=\/wp\/v2\/posts\/14694"}],"collection":[{"href":"https:\/\/agromt.news\/index.php?rest_route=\/wp\/v2\/posts"}],"about":[{"href":"https:\/\/agromt.news\/index.php?rest_route=\/wp\/v2\/types\/post"}],"author":[{"embeddable":true,"href":"https:\/\/agromt.news\/index.php?rest_route=\/wp\/v2\/users\/1"}],"replies":[{"embeddable":true,"href":"https:\/\/agromt.news\/index.php?rest_route=%2Fwp%2Fv2%2Fcomments&post=14694"}],"version-history":[{"count":0,"href":"https:\/\/agromt.news\/index.php?rest_route=\/wp\/v2\/posts\/14694\/revisions"}],"wp:featuredmedia":[{"embeddable":true,"href":"https:\/\/agromt.news\/index.php?rest_route=\/wp\/v2\/media\/14695"}],"wp:attachment":[{"href":"https:\/\/agromt.news\/index.php?rest_route=%2Fwp%2Fv2%2Fmedia&parent=14694"}],"wp:term":[{"taxonomy":"category","embeddable":true,"href":"https:\/\/agromt.news\/index.php?rest_route=%2Fwp%2Fv2%2Fcategories&post=14694"},{"taxonomy":"post_tag","embeddable":true,"href":"https:\/\/agromt.news\/index.php?rest_route=%2Fwp%2Fv2%2Ftags&post=14694"}],"curies":[{"name":"wp","href":"https:\/\/api.w.org\/{rel}","templated":true}]}}