{"id":14685,"date":"2025-06-05T14:55:32","date_gmt":"2025-06-05T18:55:32","guid":{"rendered":"https:\/\/agromt.news\/?p=14685"},"modified":"2025-06-05T14:55:32","modified_gmt":"2025-06-05T18:55:32","slug":"moratoria-da-soja-trava-bilhoes-no-campo-stf-suspende-julgamento-virtual-sem-data-para-retomada","status":"publish","type":"post","link":"https:\/\/agromt.news\/?p=14685","title":{"rendered":"Morat\u00f3ria da Soja trava bilh\u00f5es no campo; STF suspende julgamento virtual sem data para retomada"},"content":{"rendered":"<p> <br \/>\n<br \/><img decoding=\"async\" src=\"https:\/\/agromt.news\/wp-content\/uploads\/2025\/06\/Moratoria-da-Soja-trava-bilhoes-no-campo-STF-suspende-julgamento.jpg\" \/><\/p>\n<div>\n<p>O Supremo Tribunal Federal (<a href=\"https:\/\/www.canalrural.com.br\/?s=STF\">STF<\/a>) suspendeu o julgamento virtual da Lei n\u00ba 12.709\/2024, que prev\u00ea o corte de incentivos a <a href=\"https:\/\/www.canalrural.com.br\/agricultura\/projeto-soja-brasil\/\">empresas signat\u00e1rias<\/a> da Morat\u00f3ria da Soja em Mato Grosso. O julgamento havia iniciado no dia 30 de maio e, at\u00e9 a suspens\u00e3o, haviam sido apresentados os votos do relator, ministro Fl\u00e1vio Dino, e do ministro Alexandre de Moraes. A vota\u00e7\u00e3o ocorria no plen\u00e1rio virtual da Corte e tinha previs\u00e3o de encerramento no dia 6 de junho.<\/p>\n<figure class=\"wp-block-embed is-type-video is-provider-youtube wp-block-embed-youtube wp-embed-aspect-16-9 wp-has-aspect-ratio\">\n<p>\n<iframe title=\"Morat\u00f3ria da Soja restringe 2,7 milh\u00f5es de hectares em MT | Patrulheiro Agro ep. 192\" width=\"800\" height=\"450\" src=\"https:\/\/www.youtube.com\/embed\/K_OgapZpU_k?feature=oembed\" frameborder=\"0\" allow=\"accelerometer; autoplay; clipboard-write; encrypted-media; gyroscope; picture-in-picture; web-share\" referrerpolicy=\"strict-origin-when-cross-origin\" allowfullscreen><\/iframe>\n<\/p>\n<\/figure>\n<p>A norma estadual tem provocado intensa rea\u00e7\u00e3o entre produtores rurais e representantes do setor agropecu\u00e1rio. A Morat\u00f3ria da Soja \u00e9 um compromisso volunt\u00e1rio assumido por empresas compradoras para n\u00e3o adquirir gr\u00e3os cultivados em \u00e1reas desmatadas no bioma Amaz\u00f4nia ap\u00f3s julho de 2008. No entanto, produtores mato-grossenses relatam impactos econ\u00f4micos severos, mesmo quando suas propriedades est\u00e3o regularizadas junto aos \u00f3rg\u00e3os ambientais. H\u00e1 casos em que produtores foram inclu\u00eddos na \u2018lista da morat\u00f3ria\u2019 e tiveram perdas de at\u00e9 500 mil reais por safra, devido \u00e0 restri\u00e7\u00e3o de compradores.<\/p>\n<ul class=\"wp-block-list\">\n<li><strong><em>Fique por dentro das novidades e not\u00edcias recentes sobre a soja! Participe da nossa comunidade atrav\u00e9s do\u00a0<a href=\"https:\/\/chat.whatsapp.com\/BmMRwA0TZ2DHGyhzoaVEWu\">link<\/a><\/em><\/strong>!<\/li>\n<\/ul>\n<\/div>\n<div>\n<p>Segundo produtores de munic\u00edpios como Itapur\u00e1, Novo Maring\u00e1 e Itanhang\u00e1, a Morat\u00f3ria da Soja tem dificultado o acesso ao cr\u00e9dito e a comercializa\u00e7\u00e3o da safra, mesmo em \u00e1reas regularizadas pelos \u00f3rg\u00e3os ambientais. Diante da recusa das grandes empresas em negociar com propriedades inclu\u00eddas na \u2018lista da morat\u00f3ria\u2019, muitos agricultores recorreram ao mercado informal, enfrentando riscos como inadimpl\u00eancia, evas\u00e3o fiscal e inseguran\u00e7a jur\u00eddica. A Aprosoja-MT estima que a medida impacte cerca de 2,7 milh\u00f5es de hectares em 85 munic\u00edpios de Mato Grosso, com uma retra\u00e7\u00e3o superior a R$20 bilh\u00f5es de reais por ano na economia estadual.<\/p>\n<p>Nesse contexto, a Aprosoja-MT ingressou com a\u00e7\u00e3o civil contra empresas e associa\u00e7\u00f5es signat\u00e1rias da morat\u00f3ria, cobrando indeniza\u00e7\u00f5es por danos morais e financeiros que j\u00e1 ultrapassam 1 bilh\u00e3o de reais. A entidade argumenta que os acordos ambientais privados violam a legisla\u00e7\u00e3o brasileira, restringem a livre iniciativa dos produtores e comprometem o desenvolvimento social e econ\u00f4mico do estado. A retomada do julgamento no STF ainda n\u00e3o tem data definida, mas a decis\u00e3o da Corte ser\u00e1 crucial para definir os limites entre compromissos privados de sustentabilidade e as pol\u00edticas p\u00fablicas de apoio ao setor agropecu\u00e1rio.<\/p>\n<\/p><\/div>\n<p><br \/>\n<br \/><a href=\"https:\/\/www.canalrural.com.br\/agricultura\/projeto-soja-brasil\/moratoria-da-soja-trava-bilhoes-no-campo-stf-suspende-julgamento-virtual-sem-data-para-retomada\/\">Source link <\/a><\/p>\n","protected":false},"excerpt":{"rendered":"<p>O Supremo Tribunal Federal (STF) suspendeu o julgamento virtual da Lei n\u00ba 12.709\/2024, que prev\u00ea o corte de incentivos a<\/p>\n","protected":false},"author":1,"featured_media":14686,"comment_status":"open","ping_status":"open","sticky":false,"template":"","format":"standard","meta":{"_monsterinsights_skip_tracking":false,"_monsterinsights_sitenote_active":false,"_monsterinsights_sitenote_note":"","_monsterinsights_sitenote_category":0,"_uf_show_specific_survey":0,"_uf_disable_surveys":false,"footnotes":""},"categories":[1],"tags":[],"class_list":["post-14685","post","type-post","status-publish","format-standard","has-post-thumbnail","hentry","category-news"],"_links":{"self":[{"href":"https:\/\/agromt.news\/index.php?rest_route=\/wp\/v2\/posts\/14685"}],"collection":[{"href":"https:\/\/agromt.news\/index.php?rest_route=\/wp\/v2\/posts"}],"about":[{"href":"https:\/\/agromt.news\/index.php?rest_route=\/wp\/v2\/types\/post"}],"author":[{"embeddable":true,"href":"https:\/\/agromt.news\/index.php?rest_route=\/wp\/v2\/users\/1"}],"replies":[{"embeddable":true,"href":"https:\/\/agromt.news\/index.php?rest_route=%2Fwp%2Fv2%2Fcomments&post=14685"}],"version-history":[{"count":0,"href":"https:\/\/agromt.news\/index.php?rest_route=\/wp\/v2\/posts\/14685\/revisions"}],"wp:featuredmedia":[{"embeddable":true,"href":"https:\/\/agromt.news\/index.php?rest_route=\/wp\/v2\/media\/14686"}],"wp:attachment":[{"href":"https:\/\/agromt.news\/index.php?rest_route=%2Fwp%2Fv2%2Fmedia&parent=14685"}],"wp:term":[{"taxonomy":"category","embeddable":true,"href":"https:\/\/agromt.news\/index.php?rest_route=%2Fwp%2Fv2%2Fcategories&post=14685"},{"taxonomy":"post_tag","embeddable":true,"href":"https:\/\/agromt.news\/index.php?rest_route=%2Fwp%2Fv2%2Ftags&post=14685"}],"curies":[{"name":"wp","href":"https:\/\/api.w.org\/{rel}","templated":true}]}}