{"id":14679,"date":"2025-06-05T13:14:03","date_gmt":"2025-06-05T17:14:03","guid":{"rendered":"https:\/\/agromt.news\/?p=14679"},"modified":"2025-06-05T13:14:03","modified_gmt":"2025-06-05T17:14:03","slug":"mercado-interno-se-apoia-na-exportacao","status":"publish","type":"post","link":"https:\/\/agromt.news\/?p=14679","title":{"rendered":"mercado interno se apoia na exporta\u00e7\u00e3o"},"content":{"rendered":"<p> <br \/>\n<\/p>\n<div>\n<div class=\"row\">\n<div class=\"col-lg col-infos mt-0 mt-lg-0\">\n<div class=\"section-sub-title\">\n<p itemprop=\"description\">&#13;<br \/>\n                                Brasil embarcou 173,80 mil toneladas de carne bovina at\u00e9 a quarta semana de maio&#13;\n                            <\/p>\n<\/p><\/div>\n<div class=\"container\">\n<div class=\"row\">\n<div class=\"col-lg p-0\">\n<div>\n<div class=\"block-news-main-infos mt-3 text-start\">\n<p>                                            <strong class=\"fn\" itemprop=\"author\" style=\"color: rgb(112, 112, 112); \">&#13;<br \/>\n                                                <a href=\"https:\/\/www.agrolink.com.br\/noticias\/javascript:;\" class=\"text-uppercase\" target=\"_blank\" style=\"color: rgb(112, 112, 112); \" rel=\"noopener\">Agrolink<\/a>&#13;<br \/>\n&#13;<br \/>\n                                                    &#8211; Seane Lennon&#13;<br \/>\n&#13;<br \/>\n                                            <\/strong><br \/>\n                                        <\/p>\n<p>                                            <abbr><time datetime=\"2025-06-05T11:30\" itemprop=\"datePublished dateModified\">Publicado em 05\/06\/2025 \u00e0s 11:30h.<\/time><\/abbr><br \/>\n                                            <\/p><\/div>\n<\/p><\/div>\n<\/p><\/div>\n<div class=\"col-lg p-0 text-lg-end\">\n<div>\n<div id=\"mdEnviarPagina\" class=\"modal fade\" role=\"dialog\">\n<div class=\"modal-dialog\">\n<div class=\"modal-content\">\n<div class=\"modal-body\">\n<p><strong>Estimado usu\u00e1rio.<\/strong><br \/>Preencha o formul\u00e1rio abaixo para remeter a p\u00e1gina.<\/p>\n<\/p><\/div>\n<\/p><\/div>\n<\/p><\/div>\n<\/div><\/div>\n<\/p><\/div>\n<\/p><\/div>\n<\/p><\/div>\n<\/p><\/div>\n<\/p><\/div>\n<div class=\"row justify-content-md-center mt-3\">\n<div class=\"col-lg-auto col-image block-news-main-image\">\n<p>                                <img decoding=\"async\" src=\"https:\/\/www.agrolink.com.br\/upload\/imagens-resizes\/40c947826c8548759a1abe16bb2e0995_858x483.jpg\" class=\"lazyload img-fluid\"\/><br \/>\n                                                <span class=\"publicity-photo d-block mt-1\">Foto: Pixabay<\/span><\/p><\/div>\n<\/p><\/div>\n<div class=\"section-description section-description-noticias mt-3\">\n<p style=\"text-align:justify\">As exporta\u00e7\u00f5es brasileiras de carne bovina exerceram papel relevante na sustenta\u00e7\u00e3o dos pre\u00e7os da arroba do boi gordo durante o m\u00eas de maio, conforme aponta a an\u00e1lise semanal do Instituto Mato-Grossense de Economia Agropecu\u00e1ria (Imea), divulgada nesta segunda-feira (2).&#13;\n<\/p>\n<p style=\"text-align:justify\">Segundo o levantamento, o Brasil embarcou 173,80 mil toneladas de carne bovina at\u00e9 a quarta semana de maio. A m\u00e9dia di\u00e1ria de exporta\u00e7\u00f5es foi de 10,86 mil toneladas, o que representa um avan\u00e7o de 7,62% em rela\u00e7\u00e3o ao mesmo per\u00edodo de 2024.<\/p>\n<p style=\"text-align:justify\">A receita tamb\u00e9m apresentou crescimento. De acordo com o Imea, o pre\u00e7o m\u00e9dio por tonelada exportada atingiu US$ 5.177,67, uma alta de 14,98% em rela\u00e7\u00e3o ao valor observado um ano antes. Com isso, o montante financeiro gerado pelas exporta\u00e7\u00f5es chegou a US$ 899,90 milh\u00f5es no m\u00eas, com m\u00e9dia di\u00e1ria de US$ 56,24 milh\u00f5es \u2014 incremento de 23,75% no comparativo anual.&#13;\n<\/p>\n<p style=\"text-align:justify\">\u201cO aumento nas exporta\u00e7\u00f5es foi fundamental para equilibrar o mercado diante da alta oferta de carne bovina, t\u00edpica do m\u00eas de maio\u201d, avaliou o Imea. A an\u00e1lise aponta ainda que, mesmo com o volume elevado de carne dispon\u00edvel internamente, o crescimento da demanda externa e a valoriza\u00e7\u00e3o da tonelada exportada impediram recuos mais acentuados nos pre\u00e7os do boi gordo.&#13;\n<\/p>\n<p style=\"text-align:justify\">A tend\u00eancia, segundo o Instituto, \u00e9 de que os pre\u00e7os no mercado interno continuem sustentados nos pr\u00f3ximos meses, diante do cen\u00e1rio favor\u00e1vel nas exporta\u00e7\u00f5es.<\/p>\n<\/p><\/div>\n<\/p><\/div>\n<p><script data-cfasync=\"false\">\n    !function (f, b, e, v, n, t, s) {\n        if (f.fbq) return; n = f.fbq = function () {\n            n.callMethod ?\n                n.callMethod.apply(n, arguments) : n.queue.push(arguments)\n        };\n        if (!f._fbq) f._fbq = n; n.push = n; n.loaded = !0; n.version = '2.0';\n        n.queue = []; t = b.createElement(e); t.async = !0;\n        t.src = v; s = b.getElementsByTagName(e)[0];\n        s.parentNode.insertBefore(t, s)\n    }(window, document, 'script',\n        'https:\/\/connect.facebook.net\/en_US\/fbevents.js');\n    fbq('init', '522546078623747');\n    fbq('track', 'PageView');\n<\/script><br \/>\n<br \/><br \/>\n<br \/><a href=\"https:\/\/www.agrolink.com.br\/noticias\/boi-gordo--mercado-interno-se-apoia-na-exportacao_502648.html\">Source link <\/a><\/p>\n","protected":false},"excerpt":{"rendered":"<p>&#13; Brasil embarcou 173,80 mil toneladas de carne bovina at\u00e9 a quarta semana de maio&#13; &#13; Agrolink&#13; &#13; &#8211; Seane<\/p>\n","protected":false},"author":1,"featured_media":10781,"comment_status":"open","ping_status":"open","sticky":false,"template":"","format":"standard","meta":{"_monsterinsights_skip_tracking":false,"_monsterinsights_sitenote_active":false,"_monsterinsights_sitenote_note":"","_monsterinsights_sitenote_category":0,"_uf_show_specific_survey":0,"_uf_disable_surveys":false,"footnotes":""},"categories":[8,1,14],"tags":[],"class_list":["post-14679","post","type-post","status-publish","format-standard","has-post-thumbnail","hentry","category-agro","category-news","category-politica-agro"],"_links":{"self":[{"href":"https:\/\/agromt.news\/index.php?rest_route=\/wp\/v2\/posts\/14679"}],"collection":[{"href":"https:\/\/agromt.news\/index.php?rest_route=\/wp\/v2\/posts"}],"about":[{"href":"https:\/\/agromt.news\/index.php?rest_route=\/wp\/v2\/types\/post"}],"author":[{"embeddable":true,"href":"https:\/\/agromt.news\/index.php?rest_route=\/wp\/v2\/users\/1"}],"replies":[{"embeddable":true,"href":"https:\/\/agromt.news\/index.php?rest_route=%2Fwp%2Fv2%2Fcomments&post=14679"}],"version-history":[{"count":0,"href":"https:\/\/agromt.news\/index.php?rest_route=\/wp\/v2\/posts\/14679\/revisions"}],"wp:featuredmedia":[{"embeddable":true,"href":"https:\/\/agromt.news\/index.php?rest_route=\/wp\/v2\/media\/10781"}],"wp:attachment":[{"href":"https:\/\/agromt.news\/index.php?rest_route=%2Fwp%2Fv2%2Fmedia&parent=14679"}],"wp:term":[{"taxonomy":"category","embeddable":true,"href":"https:\/\/agromt.news\/index.php?rest_route=%2Fwp%2Fv2%2Fcategories&post=14679"},{"taxonomy":"post_tag","embeddable":true,"href":"https:\/\/agromt.news\/index.php?rest_route=%2Fwp%2Fv2%2Ftags&post=14679"}],"curies":[{"name":"wp","href":"https:\/\/api.w.org\/{rel}","templated":true}]}}