{"id":14672,"date":"2025-06-05T11:06:45","date_gmt":"2025-06-05T15:06:45","guid":{"rendered":"https:\/\/agromt.news\/?p=14672"},"modified":"2025-06-05T11:06:45","modified_gmt":"2025-06-05T15:06:45","slug":"suinos-fecham-maio-com-precos-firmes","status":"publish","type":"post","link":"https:\/\/agromt.news\/?p=14672","title":{"rendered":"Su\u00ednos fecham maio com pre\u00e7os firmes"},"content":{"rendered":"<p> <br \/>\n<br \/><img decoding=\"async\" src=\"https:\/\/imagens-cdn.canalrural.com.br\/wp-content\/uploads\/50023440116_c1fb56bd7f_c.jpg\" \/><\/p>\n<div>\n<p>Os pre\u00e7os m\u00e9dios do su\u00edno vivo em maio superaram os do m\u00eas anterior. \u00c9 o que apontam os levantamentos do <a href=\"https:\/\/www.canalrural.com.br\/tag\/cepea\/\">Centro de Estudos Avan\u00e7ados em Economia Aplicada (Cepea)<\/a>.<\/p>\n<p>Segundo o instituto, as cota\u00e7\u00f5es estiveram firmes nas tr\u00eas primeiras semanas de maio na maior parte das regi\u00f5es acompanhadas, sustentadas pelo tradicional aquecimento na demanda em decorr\u00eancia do dia das m\u00e3es.\u00a0<\/p>\n<\/div>\n<div>\n<p>No encerramento do m\u00eas, por\u00e9m, a procura mais fraca e o cen\u00e1rio especulativo em raz\u00e3o da gripe avi\u00e1ria pressionaram os valores, conforme explicam pesquisadores do Cepea. Na regi\u00e3o SP-5 que compreende as cidades de Bragan\u00e7a Paulista, Campinas, Piracicaba, S\u00e3o Paulo e Sorocaba, o su\u00edno vivo foi negociado \u00e0 m\u00e9dia de R$ 8,55\/kg em maio. O valor representa uma alta de 1,5% em rela\u00e7\u00e3o \u00e0 de abril.\u00a0<\/p>\n<p>Em Arapoti (PR), o avan\u00e7o foi de 2,9%, para R$ 8,44\/kg. No atacado da Grande S\u00e3o Paulo, a carca\u00e7a especial su\u00edna valorizou 2,4% de abril para maio. Sendo, assim, comercializada \u00e0 m\u00e9dia de R$ 12,74\/kg no \u00faltimo m\u00eas.<\/p>\n<p><em>*Sob supervis\u00e3o de Luis Roberto Toledo<\/em><\/p>\n<\/p><\/div>\n<p><br \/>\n<br \/><a href=\"https:\/\/www.canalrural.com.br\/aves-e-suinos\/suinos-fecham-maio-com-precos-firmes\/\">Source link <\/a><\/p>\n","protected":false},"excerpt":{"rendered":"<p>Os pre\u00e7os m\u00e9dios do su\u00edno vivo em maio superaram os do m\u00eas anterior. \u00c9 o que apontam os levantamentos do<\/p>\n","protected":false},"author":1,"featured_media":13439,"comment_status":"open","ping_status":"open","sticky":false,"template":"","format":"standard","meta":{"_monsterinsights_skip_tracking":false,"_monsterinsights_sitenote_active":false,"_monsterinsights_sitenote_note":"","_monsterinsights_sitenote_category":0,"_uf_show_specific_survey":0,"_uf_disable_surveys":false,"footnotes":""},"categories":[1],"tags":[],"class_list":["post-14672","post","type-post","status-publish","format-standard","has-post-thumbnail","hentry","category-news"],"_links":{"self":[{"href":"https:\/\/agromt.news\/index.php?rest_route=\/wp\/v2\/posts\/14672"}],"collection":[{"href":"https:\/\/agromt.news\/index.php?rest_route=\/wp\/v2\/posts"}],"about":[{"href":"https:\/\/agromt.news\/index.php?rest_route=\/wp\/v2\/types\/post"}],"author":[{"embeddable":true,"href":"https:\/\/agromt.news\/index.php?rest_route=\/wp\/v2\/users\/1"}],"replies":[{"embeddable":true,"href":"https:\/\/agromt.news\/index.php?rest_route=%2Fwp%2Fv2%2Fcomments&post=14672"}],"version-history":[{"count":0,"href":"https:\/\/agromt.news\/index.php?rest_route=\/wp\/v2\/posts\/14672\/revisions"}],"wp:featuredmedia":[{"embeddable":true,"href":"https:\/\/agromt.news\/index.php?rest_route=\/wp\/v2\/media\/13439"}],"wp:attachment":[{"href":"https:\/\/agromt.news\/index.php?rest_route=%2Fwp%2Fv2%2Fmedia&parent=14672"}],"wp:term":[{"taxonomy":"category","embeddable":true,"href":"https:\/\/agromt.news\/index.php?rest_route=%2Fwp%2Fv2%2Fcategories&post=14672"},{"taxonomy":"post_tag","embeddable":true,"href":"https:\/\/agromt.news\/index.php?rest_route=%2Fwp%2Fv2%2Ftags&post=14672"}],"curies":[{"name":"wp","href":"https:\/\/api.w.org\/{rel}","templated":true}]}}