{"id":14670,"date":"2025-06-05T10:37:45","date_gmt":"2025-06-05T14:37:45","guid":{"rendered":"https:\/\/agromt.news\/?p=14670"},"modified":"2025-06-05T10:37:45","modified_gmt":"2025-06-05T14:37:45","slug":"acordo-ue-mercosul-comporta-risco-para-agricultores-europeus-diz-macron","status":"publish","type":"post","link":"https:\/\/agromt.news\/?p=14670","title":{"rendered":"Acordo UE-Mercosul &#8216;comporta risco para agricultores europeus&#8217;, diz Macron"},"content":{"rendered":"<p> <br \/>\n<br \/><img decoding=\"async\" src=\"https:\/\/agromt.news\/wp-content\/uploads\/2025\/06\/Acordo-Mercosul-UE-entidades-da-Franca-cobram-oposicao-de-Macron-antes.jpg\" \/><\/p>\n<div>\n<p>O presidente da Fran\u00e7a, Emmanuel Macron, disse que o <strong><a href=\"http:\/\/www.canalrural.com.br\/tag\/acrodo-mercosul-e-ue\/\">acordo entre a Uni\u00e3o Europeia e o Mercosul <\/a><\/strong>\u201ccomporta um risco para os agricultores europeus\u201d e que \u201cos pa\u00edses do Mercosul n\u00e3o est\u00e3o no mesmo n\u00edvel de regulamenta\u00e7\u00e3o\u201d que a imposta na Europa. Esse seria um entrave, na vis\u00e3o do presidente franc\u00eas, para a assinatura do acordo. <\/p>\n<p>O presidente Luiz In\u00e1cio Lula da Silva respondeu dizendo que nenhum outro presidente no mundo defende mais o meio ambiente que ele. <\/p>\n<p>Lula e Macron concederam entrevista coletiva \u00e0 imprensa ap\u00f3s reuni\u00e3o que tiveram em Paris nesta quinta-feira (5). Macron disse que a Fran\u00e7a \u201c\u00e9 a favor do com\u00e9rcio livre e equitativo\u201d e que ele pr\u00f3prio defendeu \u201cacordos que conseguimos melhorar, mas justamente por serem acordos que permitem baixar as tarifas, eles o fazem de uma maneira justa\u201d. <\/p>\n<p>\u201cAgora, esse acordo (UE-Mercosul), nesse momento estrat\u00e9gico, \u00e9 bom para muitos setores, mas comporta um risco para os agricultores europeus. Na Europa, por princ\u00edpios que o presidente Lula e seu governo compartilham, a ecologia, reduzir emiss\u00e3o de CO2, proteger a biodiversidade, proibimos aos nossos agricultores utilizar esses agrot\u00f3xicos, por exemplo, (para) respeitar mais o meio ambiente. Mas os pa\u00edses do Mercosul n\u00e3o est\u00e3o no mesmo n\u00edvel de regulamenta\u00e7\u00e3o. \u00c9 uma discrep\u00e2ncia. N\u00e3o \u00e9 uma discrep\u00e2ncia de competitividade e de qualidade, mas uma discrep\u00e2ncia na regulamenta\u00e7\u00e3o\u201d, declarou. <\/p>\n<p>Macron disse ser preciso \u201caprimorar o acordo, trabalhar para termos cl\u00e1usulas de salvaguarda, de espelho, para que nesse setor consigamos (avan\u00e7ar)\u201d. O presidente brasileiro, por sua vez, disse que seu governo tem compromisso com o meio ambiente e a redu\u00e7\u00e3o do desmatamento. Citou sua ministra do Meio Ambiente, Marina Silva, e fez uma brincadeira de que ela est\u00e1 \u201cmagrinha\u201d de tanto trabalhar. <\/p>\n<\/div>\n<div>\n<p>\u201cPode ter no mundo algu\u00e9m preocupado com o meio ambiente igual ao meu governo, mas n\u00e3o tem ningu\u00e9m melhor. Pode ter no mundo algu\u00e9m que tem uma ministra que apanha todo dia da imprensa por tentar cuidar do pa\u00eds e do clima, mas n\u00e3o tem (ningu\u00e9m) melhor que a ministra Marina. \u00c9 importante que os agricultores franceses saibam que nossa agricultura possivelmente \u00e9 complementar\u201d, declarou. <\/p>\n<p>Apesar do tom bem humorado em alguns momentos de sua fala, Lula foi enf\u00e1tico ao pedir a Macron que n\u00e3o haja d\u00favidas do compromisso do governo brasileiro com a redu\u00e7\u00e3o do desmatamento. Citou produtos importados da Fran\u00e7a pelo Brasil que tamb\u00e9m s\u00e3o produzidos em solo brasileiro \u2013 e nem por isso inviabilizam o acordo com a Uni\u00e3o Europeia. \u201cEmbora o Brasil esteja se transformando em um pa\u00eds produtor de vinho, estamos facilitando a exporta\u00e7\u00e3o de vinhos franceses. Embora o Brasil seja produtor de queijos, n\u00e3o queremos competir com os franceses. Enquanto estejamos produzindo boas champanhes, a gente n\u00e3o quer proibir a champanhe francesa\u201d, declarou. <\/p>\n<p>\u201cQueria pedir ao Macron uma coisa muito s\u00e9ria. N\u00e3o permita que nenhum pa\u00eds europeu coloque d\u00favida sobre a defesa que o Brasil faz para diminuir o desmatamento no Brasil. Voc\u00eas conhecem o territ\u00f3rio brasileiro, temos cinco biomas muito importantes, e os tratamos como nossa pr\u00f3pria cama, queremos bem cuidados e bem preservados. Agora, \u00e9 um territ\u00f3rio de 8,5 milh\u00f5es de km2. N\u00e3o \u00e9 f\u00e1cil de controlar. Meu pa\u00eds tinha sido quase destru\u00eddo. O Ibama tinha 700 funcion\u00e1rios a menos do que em 2010\u201d, afirmou. <\/p>\n<p>Lula disse que \u201cn\u00e3o est\u00e1 dif\u00edcil fazer o acordo\u201d. Afirmou que ele pr\u00f3prio se disp\u00f5e a conversar com agricultores franceses \u201cpara mostrar que eles v\u00e3o ganhar com o acordo UE-Mercosul, estou convencido de que v\u00e3o ganhar\u201d. <\/p>\n<p>Ainda afirmou que ele pr\u00f3prio era contra a globaliza\u00e7\u00e3o e o livre com\u00e9rcio em 1980, quando iniciou sua carreira pol\u00edtica, mas foi convencido do contr\u00e1rio. \u201c(Esse acordo) \u00e9 uma resposta \u00e0queles que n\u00e3o querem mais o multilateralismo. N\u00f3s n\u00e3o queremos voltar ao protecionismo. Nos 1980, me convenceram que era preciso ter livre com\u00e9rcio. Eu era contra. De que era preciso a globaliza\u00e7\u00e3o. Eu era contra. Depois que o Brasil entra, agora os que propuseram n\u00e3o querem mais porque ficamos competitivos? Isso n\u00e3o vale\u201d, afirmou.<\/p>\n<\/p><\/div>\n<p><br \/>\n<br \/><a href=\"https:\/\/www.canalrural.com.br\/economia\/acordo-ue-mercosul-comporta-risco-para-agricultores-europeus-diz-macron\/\">Source link <\/a><\/p>\n","protected":false},"excerpt":{"rendered":"<p>O presidente da Fran\u00e7a, Emmanuel Macron, disse que o acordo entre a Uni\u00e3o Europeia e o Mercosul \u201ccomporta um risco<\/p>\n","protected":false},"author":1,"featured_media":14638,"comment_status":"open","ping_status":"open","sticky":false,"template":"","format":"standard","meta":{"_monsterinsights_skip_tracking":false,"_monsterinsights_sitenote_active":false,"_monsterinsights_sitenote_note":"","_monsterinsights_sitenote_category":0,"_uf_show_specific_survey":0,"_uf_disable_surveys":false,"footnotes":""},"categories":[1],"tags":[],"class_list":["post-14670","post","type-post","status-publish","format-standard","has-post-thumbnail","hentry","category-news"],"_links":{"self":[{"href":"https:\/\/agromt.news\/index.php?rest_route=\/wp\/v2\/posts\/14670"}],"collection":[{"href":"https:\/\/agromt.news\/index.php?rest_route=\/wp\/v2\/posts"}],"about":[{"href":"https:\/\/agromt.news\/index.php?rest_route=\/wp\/v2\/types\/post"}],"author":[{"embeddable":true,"href":"https:\/\/agromt.news\/index.php?rest_route=\/wp\/v2\/users\/1"}],"replies":[{"embeddable":true,"href":"https:\/\/agromt.news\/index.php?rest_route=%2Fwp%2Fv2%2Fcomments&post=14670"}],"version-history":[{"count":0,"href":"https:\/\/agromt.news\/index.php?rest_route=\/wp\/v2\/posts\/14670\/revisions"}],"wp:featuredmedia":[{"embeddable":true,"href":"https:\/\/agromt.news\/index.php?rest_route=\/wp\/v2\/media\/14638"}],"wp:attachment":[{"href":"https:\/\/agromt.news\/index.php?rest_route=%2Fwp%2Fv2%2Fmedia&parent=14670"}],"wp:term":[{"taxonomy":"category","embeddable":true,"href":"https:\/\/agromt.news\/index.php?rest_route=%2Fwp%2Fv2%2Fcategories&post=14670"},{"taxonomy":"post_tag","embeddable":true,"href":"https:\/\/agromt.news\/index.php?rest_route=%2Fwp%2Fv2%2Ftags&post=14670"}],"curies":[{"name":"wp","href":"https:\/\/api.w.org\/{rel}","templated":true}]}}