{"id":14667,"date":"2025-06-05T09:55:06","date_gmt":"2025-06-05T13:55:06","guid":{"rendered":"https:\/\/agromt.news\/?p=14667"},"modified":"2025-06-05T09:55:06","modified_gmt":"2025-06-05T13:55:06","slug":"tarifas-dos-eua-aceleram-clima-favoravel-para-acordo-mercosul-uniao-europeia","status":"publish","type":"post","link":"https:\/\/agromt.news\/?p=14667","title":{"rendered":"Tarifas dos EUA aceleram clima favor\u00e1vel para acordo Mercosul-Uni\u00e3o Europeia"},"content":{"rendered":"<p> <br \/>\n<\/p>\n<div>\n<p>A recente onda de medidas tarif\u00e1rias adotadas pelos <strong><a href=\"http:\/\/www.canalrural.com.br\/tag\/estados-unidos\/\">Estados Unidos<\/a><\/strong> reacendeu a urg\u00eancia de reconfigura\u00e7\u00f5es nas cadeias globais de com\u00e9rcio \u2014 e o acordo entre Mercosul e Uni\u00e3o Europeia, h\u00e1 anos em compasso de espera, pode finalmente sair do papel. Diante da escalada protecionista norte-americana, que amea\u00e7a produtos europeus com tarifas de at\u00e9 50%, ganha for\u00e7a a l\u00f3gica de diversifica\u00e7\u00e3o de mercados e alian\u00e7as comerciais por parte da Europa.<\/p>\n<p>A Uni\u00e3o Europeia, ciente dos riscos geopol\u00edticos e econ\u00f4micos desse novo cen\u00e1rio, j\u00e1 deu um importante passo ao aprovar institucionalmente o acordo. Falta agora a ratifica\u00e7\u00e3o pelos parlamentos nacionais dos 27 pa\u00edses-membros. A maior resist\u00eancia vem da Fran\u00e7a, onde setores agr\u00edcolas pressionam contra o pacto temendo competi\u00e7\u00e3o com produtos sul-americanos \u2014 notadamente da agropecu\u00e1ria brasileira.<\/p>\n<p>Nesse contexto, a visita do presidente Luiz In\u00e1cio Lula da Silva a Paris ganha contornos estrat\u00e9gicos. A diplomacia brasileira tem buscado construir pontes com o governo de Emmanuel Macron, tentando desfazer percep\u00e7\u00f5es negativas sobre o Brasil em \u00e1reas como meio ambiente, rastreabilidade e sustentabilidade no campo. Lula leva consigo n\u00e3o s\u00f3 compromissos com pr\u00e1ticas sustent\u00e1veis, como tamb\u00e9m a narrativa de que o Brasil precisa de mercados e parceiros \u2014 n\u00e3o de obst\u00e1culos.<\/p>\n<p>Mais do que uma coincid\u00eancia, a converg\u00eancia de interesses \u00e9 clara: enquanto a Europa enfrenta uma amea\u00e7a comercial concreta dos EUA, o Mercosul oferece acesso a um dos mercados mais din\u00e2micos do mundo em alimentos, energia e mat\u00e9rias-primas. A assinatura do acordo seria uma resposta concreta ao isolacionismo americano \u2014 e uma sinaliza\u00e7\u00e3o clara de que o multilateralismo ainda tem for\u00e7a no s\u00e9culo 21.<\/p>\n<\/div>\n<div>\n<p>Al\u00e9m disso, o momento \u00e9 politicamente oportuno. Com elei\u00e7\u00f5es no horizonte europeu e crises internas nos EUA, firmar um acordo ambicioso com o Mercosul permite \u00e0 Uni\u00e3o Europeia demonstrar protagonismo estrat\u00e9gico, tanto econ\u00f4mico quanto diplom\u00e1tico.<\/p>\n<p>O Brasil, por sua vez, refor\u00e7a seu papel como ator global confi\u00e1vel e defensor do com\u00e9rcio livre com responsabilidade ambiental. O agro brasileiro, motor da nossa economia, pode ser o grande beneficiado com o avan\u00e7o do tratado, desde que haja contrapartidas estruturais que assegurem competitividade e valorizem os produtores nacionais.<\/p>\n<p>Nesse xadrez global, a press\u00e3o externa pode ser justamente o fator que faltava para que o jogo vire a favor da integra\u00e7\u00e3o entre Europa e Am\u00e9rica do Sul. A janela de oportunidade est\u00e1 aberta \u2014 e o Brasil tem em m\u00e3os as cartas certas para jogar.<\/p>\n<div class=\"wp-block-media-text is-stacked-on-mobile\">\n<figure class=\"wp-block-media-text__media\"><img fetchpriority=\"high\" decoding=\"async\" width=\"683\" height=\"1024\" alt=\"Miguel Daoud\" class=\"wp-image-4095706 size-full\"  data-lazy- src=\"https:\/\/agromt.news\/wp-content\/uploads\/2025\/04\/Como-guerras-e-crises-moldaram-o-preco-das-commodities-nos.jpg\"\/><img decoding=\"async\" width=\"683\" height=\"1024\" src=\"https:\/\/agromt.news\/wp-content\/uploads\/2025\/04\/Como-guerras-e-crises-moldaram-o-preco-das-commodities-nos.jpg\" alt=\"Miguel Daoud\" class=\"wp-image-4095706 size-full\"  \/><\/figure>\n<div class=\"wp-block-media-text__content\">\n<p class=\"has-text-align-center\"><em><strong>Miguel Daoud<\/strong>\u00a0\u00e9 comentarista de Economia e Pol\u00edtica\u00a0do Canal Rural<\/em><\/p>\n<\/div>\n<\/div>\n<hr class=\"wp-block-separator has-alpha-channel-opacity\"\/>\n<p><em>O\u00a0<strong>Canal Rural<\/strong>\u00a0n\u00e3o se responsabiliza pelas opini\u00f5es e conceitos emitidos nos textos desta sess\u00e3o, sendo os conte\u00fados de inteira responsabilidade de seus autores. A empresa se reserva o direito de fazer ajustes no texto para adequa\u00e7\u00e3o \u00e0s normas de publica\u00e7\u00e3o.<\/em><\/p>\n<\/p><\/div>\n<p><br \/>\n<br \/><a href=\"https:\/\/www.canalrural.com.br\/opiniao-noticias\/tarifas-dos-eua-aceleram-clima-favoravel-para-acordo-mercosul-uniao-europeia\/\">Source link <\/a><\/p>\n","protected":false},"excerpt":{"rendered":"<p>A recente onda de medidas tarif\u00e1rias adotadas pelos Estados Unidos reacendeu a urg\u00eancia de reconfigura\u00e7\u00f5es nas cadeias globais de com\u00e9rcio<\/p>\n","protected":false},"author":1,"featured_media":5138,"comment_status":"open","ping_status":"open","sticky":false,"template":"","format":"standard","meta":{"_monsterinsights_skip_tracking":false,"_monsterinsights_sitenote_active":false,"_monsterinsights_sitenote_note":"","_monsterinsights_sitenote_category":0,"_uf_show_specific_survey":0,"_uf_disable_surveys":false,"footnotes":""},"categories":[1],"tags":[],"class_list":["post-14667","post","type-post","status-publish","format-standard","has-post-thumbnail","hentry","category-news"],"_links":{"self":[{"href":"https:\/\/agromt.news\/index.php?rest_route=\/wp\/v2\/posts\/14667"}],"collection":[{"href":"https:\/\/agromt.news\/index.php?rest_route=\/wp\/v2\/posts"}],"about":[{"href":"https:\/\/agromt.news\/index.php?rest_route=\/wp\/v2\/types\/post"}],"author":[{"embeddable":true,"href":"https:\/\/agromt.news\/index.php?rest_route=\/wp\/v2\/users\/1"}],"replies":[{"embeddable":true,"href":"https:\/\/agromt.news\/index.php?rest_route=%2Fwp%2Fv2%2Fcomments&post=14667"}],"version-history":[{"count":0,"href":"https:\/\/agromt.news\/index.php?rest_route=\/wp\/v2\/posts\/14667\/revisions"}],"wp:featuredmedia":[{"embeddable":true,"href":"https:\/\/agromt.news\/index.php?rest_route=\/wp\/v2\/media\/5138"}],"wp:attachment":[{"href":"https:\/\/agromt.news\/index.php?rest_route=%2Fwp%2Fv2%2Fmedia&parent=14667"}],"wp:term":[{"taxonomy":"category","embeddable":true,"href":"https:\/\/agromt.news\/index.php?rest_route=%2Fwp%2Fv2%2Fcategories&post=14667"},{"taxonomy":"post_tag","embeddable":true,"href":"https:\/\/agromt.news\/index.php?rest_route=%2Fwp%2Fv2%2Ftags&post=14667"}],"curies":[{"name":"wp","href":"https:\/\/api.w.org\/{rel}","templated":true}]}}