{"id":14665,"date":"2025-06-05T09:40:57","date_gmt":"2025-06-05T13:40:57","guid":{"rendered":"https:\/\/agromt.news\/?p=14665"},"modified":"2025-06-05T09:40:57","modified_gmt":"2025-06-05T13:40:57","slug":"lula-pede-que-macron-abra-coracao-para-acordo-com-mercosul","status":"publish","type":"post","link":"https:\/\/agromt.news\/?p=14665","title":{"rendered":"Lula pede que Macron &#8216;abra cora\u00e7\u00e3o&#8217;\u00a0para acordo com Mercosul"},"content":{"rendered":"<p> <br \/>\n<br \/><img decoding=\"async\" src=\"https:\/\/agromt.news\/wp-content\/uploads\/2025\/06\/Lula-pede-que-Macron-abra-coracao-para-acordo-com-Mercosul.jpg\" \/><\/p>\n<div>\n<p>Ap\u00f3s se reunir com o presidente da Fran\u00e7a, Emmanuel Macron, nesta quinta-feira (5) em Paris, o presidente Luiz In\u00e1cio Lula da Silva agradeceu a hospitalidade que, segundo ele, \u201csomente um grande amigo pode oferecer\u201d e pediu apoio do mandat\u00e1rio franc\u00eas para um acordo entre a <strong><a href=\"http:\/\/www.canalrural.com.br\/tag\/acordo-mercosul-ue\/\">Uni\u00e3o Europeia e o Mercosul<\/a><\/strong>.<\/p>\n<p>Em entrevista coletiva, Lula lembrou que o Brasil assume a presid\u00eancia do bloco sul-americano no pr\u00f3ximo semestre, para um mandato de seis meses.<\/p>\n<\/div>\n<div>\n<p>\u201cQuero lhe comunicar que n\u00e3o deixarei a presid\u00eancia do Mercosul sem concluir o acordo com a Uni\u00e3o Europeia\u201d, disse, ao se dirigir diretamente a Macron.<\/p>\n<p>\u201cPortanto, meu caro, abra o seu cora\u00e7\u00e3o para a possibilidade de fazer esse acordo com o nosso querido Mercosul\u201d, completou Lula. \u201cEssa \u00e9 a melhor resposta que nossas regi\u00f5es podem dar diante do cen\u00e1rio de incertezas criado pelo retorno do unilateralismo e do protecionismo tarif\u00e1rio.\u201d<\/p>\n<\/p><\/div>\n<p><br \/>\n<br \/><a href=\"https:\/\/www.canalrural.com.br\/economia\/lula-pede-que-macron-abra-coracao-para-acordo-com-mercosul\/\">Source link <\/a><\/p>\n","protected":false},"excerpt":{"rendered":"<p>Ap\u00f3s se reunir com o presidente da Fran\u00e7a, Emmanuel Macron, nesta quinta-feira (5) em Paris, o presidente Luiz In\u00e1cio Lula<\/p>\n","protected":false},"author":1,"featured_media":14666,"comment_status":"open","ping_status":"open","sticky":false,"template":"","format":"standard","meta":{"_monsterinsights_skip_tracking":false,"_monsterinsights_sitenote_active":false,"_monsterinsights_sitenote_note":"","_monsterinsights_sitenote_category":0,"_uf_show_specific_survey":0,"_uf_disable_surveys":false,"footnotes":""},"categories":[1],"tags":[],"class_list":["post-14665","post","type-post","status-publish","format-standard","has-post-thumbnail","hentry","category-news"],"_links":{"self":[{"href":"https:\/\/agromt.news\/index.php?rest_route=\/wp\/v2\/posts\/14665"}],"collection":[{"href":"https:\/\/agromt.news\/index.php?rest_route=\/wp\/v2\/posts"}],"about":[{"href":"https:\/\/agromt.news\/index.php?rest_route=\/wp\/v2\/types\/post"}],"author":[{"embeddable":true,"href":"https:\/\/agromt.news\/index.php?rest_route=\/wp\/v2\/users\/1"}],"replies":[{"embeddable":true,"href":"https:\/\/agromt.news\/index.php?rest_route=%2Fwp%2Fv2%2Fcomments&post=14665"}],"version-history":[{"count":0,"href":"https:\/\/agromt.news\/index.php?rest_route=\/wp\/v2\/posts\/14665\/revisions"}],"wp:featuredmedia":[{"embeddable":true,"href":"https:\/\/agromt.news\/index.php?rest_route=\/wp\/v2\/media\/14666"}],"wp:attachment":[{"href":"https:\/\/agromt.news\/index.php?rest_route=%2Fwp%2Fv2%2Fmedia&parent=14665"}],"wp:term":[{"taxonomy":"category","embeddable":true,"href":"https:\/\/agromt.news\/index.php?rest_route=%2Fwp%2Fv2%2Fcategories&post=14665"},{"taxonomy":"post_tag","embeddable":true,"href":"https:\/\/agromt.news\/index.php?rest_route=%2Fwp%2Fv2%2Ftags&post=14665"}],"curies":[{"name":"wp","href":"https:\/\/api.w.org\/{rel}","templated":true}]}}