{"id":14660,"date":"2025-06-05T09:11:40","date_gmt":"2025-06-05T13:11:40","guid":{"rendered":"https:\/\/agromt.news\/?p=14660"},"modified":"2025-06-05T09:11:40","modified_gmt":"2025-06-05T13:11:40","slug":"perdeu-o-prazo-da-declaracao-anual-do-mei-veja-o-que-fazer-agora","status":"publish","type":"post","link":"https:\/\/agromt.news\/?p=14660","title":{"rendered":"Perdeu o prazo da declara\u00e7\u00e3o anual do MEI? Veja o que fazer agora"},"content":{"rendered":"<p> <br \/>\n<br \/><img decoding=\"async\" src=\"https:\/\/agromt.news\/wp-content\/uploads\/2025\/06\/Perdeu-o-prazo-da-declaracao-anual-do-MEI-Veja-o.webp.webp\" \/><\/p>\n<div>\n<p>O prazo para entregar a Declara\u00e7\u00e3o Anual do Simples Nacional (DASN-Simei) terminou no s\u00e1bado (31). Se voc\u00ea \u00e9 MEI e n\u00e3o enviou o documento, prepare-se para pagar multa m\u00ednima de R$ 50 ou 2% do faturamento por m\u00eas de atraso. Para reduzir os impactos, o Sebrae recomenda que a declara\u00e7\u00e3o seja feita o quanto antes.<\/p>\n<h2 class=\"wp-block-heading has-small-font-size\" id=\"h-quem-deve-declarar\">Quem deve declarar?<\/h2>\n<p>Todos os microempreendedores individuais devem enviar a DASN-Simei, mesmo sem faturamento em 2024. A declara\u00e7\u00e3o informa \u00e0 Receita Federal que o MEI est\u00e1 dentro do limite anual de R$ 81 mil. Caso contr\u00e1rio, o CNPJ pode ser suspenso ou at\u00e9 cancelado.<\/p>\n<h2 class=\"wp-block-heading has-small-font-size\" id=\"h-por-que-declarar\">Por que declarar?<\/h2>\n<p>Ao enviar a DASN-Simei, o MEI mant\u00e9m os benef\u00edcios garantidos por lei, como:<\/p>\n<ul class=\"wp-block-list\">\n<li>Acesso a cr\u00e9dito e benef\u00edcios previdenci\u00e1rios<\/li>\n<li>Participa\u00e7\u00e3o em licita\u00e7\u00f5es p\u00fablicas<\/li>\n<li>Emiss\u00e3o de notas fiscais<\/li>\n<li>Regularidade com o fisco<\/li>\n<\/ul>\n<\/div>\n<div>\n<h2 class=\"wp-block-heading has-small-font-size\" id=\"h-como-declarar\">Como declarar: <\/h2>\n<ul class=\"wp-block-list\">\n<li>1. Acesse o <a href=\"https:\/\/www.gov.br\/empresas-e-negocios\/pt-br\/empreendedor\">Portal do Empreendedor<\/a><\/li>\n<li>2. Clique em \u201cJ\u00e1 sou MEI\u201d e, depois, em \u201cDeclara\u00e7\u00e3o Anual de Faturamento\u201d<\/li>\n<li>3. Digite o CNPJ e escolha o ano a declarar<\/li>\n<li>4. Preencha o valor de receita e informe se houve contrata\u00e7\u00e3o de empregado. Sem movimenta\u00e7\u00e3o? Informe R$ 0,00<\/li>\n<li>5. Confira o resumo e clique em \u201cTransmitir\u201d<\/li>\n<\/ul>\n<h2 class=\"wp-block-heading has-small-font-size\" id=\"h-errou-na-declaracao\">Errou na declara\u00e7\u00e3o?<\/h2>\n<p>Para corrigir, acesse o mesmo link, selecione o ano e escolha a op\u00e7\u00e3o \u201cRetificadora\u201d. Ap\u00f3s ajustar os dados, transmita novamente.<\/p>\n<h2 class=\"wp-block-heading has-small-font-size\" id=\"h-precisa-de-ajuda\">Precisa de ajuda?<\/h2>\n<p>O Sebrae oferece v\u00eddeos tutoriais e uma p\u00e1gina exclusiva com orienta\u00e7\u00f5es para preencher a declara\u00e7\u00e3o pelo celular.<\/p>\n<\/p><\/div>\n<p><br \/>\n<br \/><a href=\"https:\/\/www.canalrural.com.br\/empreendedorismo\/perdeu-o-prazo-da-declaracao-anual-do-mei-veja-o-que-fazer-agora\/\">Source link <\/a><\/p>\n","protected":false},"excerpt":{"rendered":"<p>O prazo para entregar a Declara\u00e7\u00e3o Anual do Simples Nacional (DASN-Simei) terminou no s\u00e1bado (31). Se voc\u00ea \u00e9 MEI e<\/p>\n","protected":false},"author":1,"featured_media":14661,"comment_status":"open","ping_status":"open","sticky":false,"template":"","format":"standard","meta":{"_monsterinsights_skip_tracking":false,"_monsterinsights_sitenote_active":false,"_monsterinsights_sitenote_note":"","_monsterinsights_sitenote_category":0,"_uf_show_specific_survey":0,"_uf_disable_surveys":false,"footnotes":""},"categories":[1],"tags":[],"class_list":["post-14660","post","type-post","status-publish","format-standard","has-post-thumbnail","hentry","category-news"],"_links":{"self":[{"href":"https:\/\/agromt.news\/index.php?rest_route=\/wp\/v2\/posts\/14660"}],"collection":[{"href":"https:\/\/agromt.news\/index.php?rest_route=\/wp\/v2\/posts"}],"about":[{"href":"https:\/\/agromt.news\/index.php?rest_route=\/wp\/v2\/types\/post"}],"author":[{"embeddable":true,"href":"https:\/\/agromt.news\/index.php?rest_route=\/wp\/v2\/users\/1"}],"replies":[{"embeddable":true,"href":"https:\/\/agromt.news\/index.php?rest_route=%2Fwp%2Fv2%2Fcomments&post=14660"}],"version-history":[{"count":0,"href":"https:\/\/agromt.news\/index.php?rest_route=\/wp\/v2\/posts\/14660\/revisions"}],"wp:featuredmedia":[{"embeddable":true,"href":"https:\/\/agromt.news\/index.php?rest_route=\/wp\/v2\/media\/14661"}],"wp:attachment":[{"href":"https:\/\/agromt.news\/index.php?rest_route=%2Fwp%2Fv2%2Fmedia&parent=14660"}],"wp:term":[{"taxonomy":"category","embeddable":true,"href":"https:\/\/agromt.news\/index.php?rest_route=%2Fwp%2Fv2%2Fcategories&post=14660"},{"taxonomy":"post_tag","embeddable":true,"href":"https:\/\/agromt.news\/index.php?rest_route=%2Fwp%2Fv2%2Ftags&post=14660"}],"curies":[{"name":"wp","href":"https:\/\/api.w.org\/{rel}","templated":true}]}}