{"id":14650,"date":"2025-06-04T21:38:01","date_gmt":"2025-06-05T01:38:01","guid":{"rendered":"https:\/\/agromt.news\/?p=14650"},"modified":"2025-06-04T21:38:01","modified_gmt":"2025-06-05T01:38:01","slug":"custo-da-alimentacao-pressiona-confinadores-em-mato-grosso","status":"publish","type":"post","link":"https:\/\/agromt.news\/?p=14650","title":{"rendered":"Custo da alimenta\u00e7\u00e3o pressiona confinadores em Mato Grosso"},"content":{"rendered":"<p> <br \/>\n<\/p>\n<div>\n<div class=\"row\">\n<div class=\"col-lg col-infos mt-0 mt-lg-0\">\n<div class=\"section-sub-title\">\n<p itemprop=\"description\">&#13;<br \/>\n                                Farelo de soja cai, mas DDG e caro\u00e7o disparam&#13;\n                            <\/p>\n<\/p><\/div>\n<div class=\"container\">\n<div class=\"row\">\n<div class=\"col-lg p-0\">\n<div>\n<div class=\"block-news-main-infos mt-3 text-start\">\n<p>                                            <strong class=\"fn\" itemprop=\"author\" style=\"color: rgb(112, 112, 112); \">&#13;<br \/>\n                                                <a href=\"https:\/\/www.agrolink.com.br\/noticias\/javascript:;\" class=\"text-uppercase\" target=\"_blank\" style=\"color: rgb(112, 112, 112); \" rel=\"noopener\">Agrolink<\/a>&#13;<br \/>\n&#13;<br \/>\n                                                    &#8211; Seane Lennon&#13;<br \/>\n&#13;<br \/>\n                                            <\/strong><br \/>\n                                        <\/p>\n<p>                                            <abbr><time datetime=\"2025-06-04T15:02\" itemprop=\"datePublished dateModified\">Publicado em 04\/06\/2025 \u00e0s 15:02h.<\/time><\/abbr><br \/>\n                                            <\/p><\/div>\n<\/p><\/div>\n<\/p><\/div>\n<div class=\"col-lg p-0 text-lg-end\">\n<div>\n<div id=\"mdEnviarPagina\" class=\"modal fade\" role=\"dialog\">\n<div class=\"modal-dialog\">\n<div class=\"modal-content\">\n<div class=\"modal-body\">\n<p><strong>Estimado usu\u00e1rio.<\/strong><br \/>Preencha o formul\u00e1rio abaixo para remeter a p\u00e1gina.<\/p>\n<\/p><\/div>\n<\/p><\/div>\n<\/p><\/div>\n<\/div><\/div>\n<\/p><\/div>\n<\/p><\/div>\n<\/p><\/div>\n<\/p><\/div>\n<\/p><\/div>\n<div class=\"row justify-content-md-center mt-3\">\n<div class=\"col-lg-auto col-image block-news-main-image\">\n<p>                                <img decoding=\"async\" src=\"https:\/\/www.agrolink.com.br\/upload\/imagens-resizes\/daa4fdea456f4cf1ba2149c76bc0d6ca_858x483.jpg\" class=\"lazyload img-fluid\"\/><br \/>\n                                                <span class=\"publicity-photo d-block mt-1\">Foto: Sheila Flores<\/span><\/p><\/div>\n<\/p><\/div>\n<div class=\"section-description section-description-noticias mt-3\">\n<p style=\"text-align:justify\">Com a aproxima\u00e7\u00e3o do per\u00edodo seco em Mato Grosso, produtores de bovinos em regime de confinamento iniciam o planejamento da aquisi\u00e7\u00e3o de insumos, diante da press\u00e3o nos custos de alimenta\u00e7\u00e3o. Segundo an\u00e1lise semanal divulgada pelo Instituto Mato-Grossense de Economia Agropecu\u00e1ria (Imea) na segunda-feira (2), o DDG (Dried Distillers Grains ou\u00a0Gr\u00e3os Secos de Destilaria com 32% de prote\u00edna bruta) foi cotado, em m\u00e9dia, a R$ 1.127,08 por tonelada na parcial de maio, alta de 43,12% em rela\u00e7\u00e3o ao mesmo m\u00eas do ano anterior.&#13;\n<\/p>\n<p style=\"text-align:justify\">\u201cO DDG se destaca como alternativa competitiva frente a outras fontes proteicas\u201d, informou o instituto. No entanto, o relat\u00f3rio aponta que, mesmo com essa vantagem relativa, o custo da di\u00e1ria no confinamento deve aumentar, refletindo os reajustes nos insumos.&#13;\n<\/p>\n<p style=\"text-align:justify\">O farelo de <a href=\"https:\/\/www.agrolink.com.br\/culturas\/soja?utm_source=agrolink-detalhe-noticia&amp;utm_medium=detalhe-noticia&amp;utm_campaign=links-internos\" target=\"_blank\" rel=\"noopener\">soja<\/a> (46% de prote\u00edna bruta) registrou queda de 8,86% no comparativo anual, sendo cotado a R$ 1.674,17 por tonelada. J\u00e1 o caro\u00e7o de <a href=\"https:\/\/www.agrolink.com.br\/culturas\/algodao\/\" target=\"_blank\" rel=\"noopener\">algod\u00e3o<\/a> (26% de prote\u00edna bruta) apresentou valoriza\u00e7\u00e3o de 140,14%, alcan\u00e7ando R$ 1.603,68 por tonelada na parcial do m\u00eas.&#13;\n<\/p>\n<p style=\"text-align:justify\">O Imea ressalta que o cen\u00e1rio refor\u00e7a a necessidade de planejamento estrat\u00e9gico por parte dos confinadores para mitigar os efeitos da alta nos custos alimentares.<\/p>\n<\/p><\/div>\n<\/p><\/div>\n<p><script data-cfasync=\"false\">\n    !function (f, b, e, v, n, t, s) {\n        if (f.fbq) return; n = f.fbq = function () {\n            n.callMethod ?\n                n.callMethod.apply(n, arguments) : n.queue.push(arguments)\n        };\n        if (!f._fbq) f._fbq = n; n.push = n; n.loaded = !0; n.version = '2.0';\n        n.queue = []; t = b.createElement(e); t.async = !0;\n        t.src = v; s = b.getElementsByTagName(e)[0];\n        s.parentNode.insertBefore(t, s)\n    }(window, document, 'script',\n        'https:\/\/connect.facebook.net\/en_US\/fbevents.js');\n    fbq('init', '522546078623747');\n    fbq('track', 'PageView');\n<\/script><br \/>\n<br \/><br \/>\n<br \/><a href=\"https:\/\/www.agrolink.com.br\/noticias\/custo-da-alimentacao-pressiona-confinadores-em-mato-grosso_502615.html\">Source link <\/a><\/p>\n","protected":false},"excerpt":{"rendered":"<p>&#13; Farelo de soja cai, mas DDG e caro\u00e7o disparam&#13; &#13; Agrolink&#13; &#13; &#8211; Seane Lennon&#13; &#13; Publicado em 04\/06\/2025<\/p>\n","protected":false},"author":1,"featured_media":6994,"comment_status":"open","ping_status":"open","sticky":false,"template":"","format":"standard","meta":{"_monsterinsights_skip_tracking":false,"_monsterinsights_sitenote_active":false,"_monsterinsights_sitenote_note":"","_monsterinsights_sitenote_category":0,"_uf_show_specific_survey":0,"_uf_disable_surveys":false,"footnotes":""},"categories":[8,1,14],"tags":[],"class_list":["post-14650","post","type-post","status-publish","format-standard","has-post-thumbnail","hentry","category-agro","category-news","category-politica-agro"],"_links":{"self":[{"href":"https:\/\/agromt.news\/index.php?rest_route=\/wp\/v2\/posts\/14650"}],"collection":[{"href":"https:\/\/agromt.news\/index.php?rest_route=\/wp\/v2\/posts"}],"about":[{"href":"https:\/\/agromt.news\/index.php?rest_route=\/wp\/v2\/types\/post"}],"author":[{"embeddable":true,"href":"https:\/\/agromt.news\/index.php?rest_route=\/wp\/v2\/users\/1"}],"replies":[{"embeddable":true,"href":"https:\/\/agromt.news\/index.php?rest_route=%2Fwp%2Fv2%2Fcomments&post=14650"}],"version-history":[{"count":0,"href":"https:\/\/agromt.news\/index.php?rest_route=\/wp\/v2\/posts\/14650\/revisions"}],"wp:featuredmedia":[{"embeddable":true,"href":"https:\/\/agromt.news\/index.php?rest_route=\/wp\/v2\/media\/6994"}],"wp:attachment":[{"href":"https:\/\/agromt.news\/index.php?rest_route=%2Fwp%2Fv2%2Fmedia&parent=14650"}],"wp:term":[{"taxonomy":"category","embeddable":true,"href":"https:\/\/agromt.news\/index.php?rest_route=%2Fwp%2Fv2%2Fcategories&post=14650"},{"taxonomy":"post_tag","embeddable":true,"href":"https:\/\/agromt.news\/index.php?rest_route=%2Fwp%2Fv2%2Ftags&post=14650"}],"curies":[{"name":"wp","href":"https:\/\/api.w.org\/{rel}","templated":true}]}}