{"id":14645,"date":"2025-06-04T18:33:23","date_gmt":"2025-06-04T22:33:23","guid":{"rendered":"https:\/\/agromt.news\/?p=14645"},"modified":"2025-06-04T18:33:23","modified_gmt":"2025-06-04T22:33:23","slug":"saiba-como-apicultor-de-itu-extrai-ate-40-kg-de-mel-por-mes","status":"publish","type":"post","link":"https:\/\/agromt.news\/?p=14645","title":{"rendered":"Saiba como apicultor de Itu extrai at\u00e9 40 kg de mel por m\u00eas"},"content":{"rendered":"<p> <br \/>\n<br \/><img decoding=\"async\" src=\"https:\/\/agromt.news\/wp-content\/uploads\/2025\/06\/Saiba-como-apicultor-de-Itu-extrai-ate-40-kg-de.png\" \/><\/p>\n<div>\n<p><strong>#PROGRAMETE #15<\/strong><\/p>\n<p>Antes de iniciar o cultivo de mel em Itu, interior de S\u00e3o Paulo, Galdino Avelino Cruz buscou qualifica\u00e7\u00e3o no Sebrae e no Senar. S\u00f3 depois de aprender tudo sobre as abelhas Apis Mellifera, que come\u00e7ou a preparar iscas em sua propriedade para atrair os insetos locais.<\/p>\n<p>Atualmente, Galdino tem nove caixas de abelhas e consegue envasar cerca de 40 kg de mel por m\u00eas. Com isso, conseguiu montar o \u2018Api\u00e1rio Lua Mel\u2019.\u00a0<\/p>\n<p>A certifica\u00e7\u00e3o necess\u00e1ria para comercializar o mel ainda \u00e9 um desafio, mas encontrou uma solu\u00e7\u00e3o atrav\u00e9s de uma parceria com uma cooperativa de Sorocaba, que cuida de todo o processo de envase e rotulagem. <\/p>\n<p>Quer saber mais sobre a hist\u00f3ria de Galdino Avelino Cruz?<\/p>\n<p>Ent\u00e3o <a href=\"https:\/\/www.youtube.com\/watch?v=1a-5OC5uaiw\">aperte o play<\/a> e confira detalhes desta hist\u00f3ria inspiradora. <\/p>\n<figure class=\"wp-block-embed is-type-video is-provider-youtube wp-block-embed-youtube wp-embed-aspect-16-9 wp-has-aspect-ratio\">\n<p>\n<iframe title=\"Apicultura sustent\u00e1vel: como Galdino extrai at\u00e9 40 kg de mel por caixa\" width=\"800\" height=\"450\" src=\"https:\/\/www.youtube.com\/embed\/1a-5OC5uaiw?feature=oembed\" frameborder=\"0\" allow=\"accelerometer; autoplay; clipboard-write; encrypted-media; gyroscope; picture-in-picture; web-share\" referrerpolicy=\"strict-origin-when-cross-origin\" allowfullscreen><\/iframe>\n<\/p>\n<\/figure>\n<ul class=\"wp-block-list\">\n<li><em>Participe do Porteira Aberta Empreender: envie perguntas, sugest\u00f5es e conte sua hist\u00f3ria de empreendedorismo pelo\u00a0<\/em><a href=\"https:\/\/api.whatsapp.com\/send?phone=5511932796720&amp;PorteiraAbertaEmpreender=SuaMensagem\"><strong>WhatsApp<\/strong><\/a><\/li>\n<\/ul>\n<p>#<\/p>\n<p><strong>#PROGRAMETE #14<\/strong><\/p>\n<p>Halison Gusm\u00e3o, produtor de cacha\u00e7a artesanal no nordeste de Minas Gerais, apostou nas redes sociais como ferramenta de divulga\u00e7\u00e3o e venda. Com a nova estrat\u00e9gia, ele consegue vender sua produ\u00e7\u00e3o com muito mais agilidade. <\/p>\n<p>A gestora de Alimentos e Bebidas, Micheli Bueno, do Sebrae\/RS, compartilha dicas pr\u00e1ticas para voc\u00ea turbinar as vendas da sua loja no Instagram.\u00a0<\/p>\n<p><a href=\"https:\/\/youtu.be\/gCn8SxPLW8U\">Aperte o play e confira todas as dicas aqui!<\/a><\/p>\n<figure class=\"wp-block-embed is-type-video is-provider-youtube wp-block-embed-youtube wp-embed-aspect-16-9 wp-has-aspect-ratio\">\n<p>\n<iframe title=\"Redes sociais que vendem: como se planejar para lucrar mais?\" width=\"800\" height=\"450\" src=\"https:\/\/www.youtube.com\/embed\/gCn8SxPLW8U?feature=oembed\" frameborder=\"0\" allow=\"accelerometer; autoplay; clipboard-write; encrypted-media; gyroscope; picture-in-picture; web-share\" referrerpolicy=\"strict-origin-when-cross-origin\" allowfullscreen><\/iframe>\n<\/p>\n<\/figure>\n<h2 class=\"wp-block-heading\" id=\"h-produtora-paranaense-transforma-propriedade-em-destino-de-turismo-rural\">Produtora paranaense transforma propriedade em destino de turismo rural<\/h2>\n<p><strong>#PROGRAMETE #13<\/strong><\/p>\n<p>Ap\u00f3s superar desafios de sa\u00fade, Fabiana Castelari Leme, produtora rural de Marialva (PR), sentiu a necessidade de retomar o trabalho e encontrou uma forma inovadora de vender suas uvas sem sair de casa.<\/p>\n<p>Ela come\u00e7ou divulgando seus produtos em grupos locais e passou a vender diretamente para os consumidores. <\/p>\n<p>Mas foi al\u00e9m: abriu as porteiras do s\u00edtio e passou a receber clientes interessados em conhecer seu parreiral, dando origem ao Colha e Pague.<\/p>\n<p>Em seguida, trouxe novas inova\u00e7\u00f5es para a propriedade e lan\u00e7ou o Open de Uva, ampliando o atendimento para estudantes e idosos.<\/p>\n<p>Em todas essas iniciativas, Castelari contou com o apoio do Sebrae, mergulhou em capacita\u00e7\u00f5es e transformou sua propriedade em um destino de turismo rural, combinando tradi\u00e7\u00e3o, experi\u00eancia e novas oportunidades de neg\u00f3cio.<\/p>\n<p>Quer conhecer mais a hist\u00f3ria da Fabiana Castelari Leme?<\/p>\n<p><a href=\"https:\/\/www.youtube.com\/watch?v=sPxhLmrKkKw\">Ent\u00e3o aperte o play e confira os detalhes desta hist\u00f3ria. <\/a><\/p>\n<figure class=\"wp-block-embed is-type-video is-provider-youtube wp-block-embed-youtube wp-embed-aspect-16-9 wp-has-aspect-ratio\">\n<p>\n<iframe title=\"Descubra como a inova\u00e7\u00e3o transformou o neg\u00f3cio da Fabiana\" width=\"800\" height=\"450\" src=\"https:\/\/www.youtube.com\/embed\/sPxhLmrKkKw?feature=oembed\" frameborder=\"0\" allow=\"accelerometer; autoplay; clipboard-write; encrypted-media; gyroscope; picture-in-picture; web-share\" referrerpolicy=\"strict-origin-when-cross-origin\" allowfullscreen><\/iframe>\n<\/p>\n<\/figure>\n<p><strong> #<\/strong><\/p>\n<p><strong>#PROGRAMETE #12<\/strong><\/p>\n<p>Sabia que \u00e9 poss\u00edvel aumentar suas vendas e fortalecer a conex\u00e3o com seus clientes atrav\u00e9s das plataformas digitais?\u00a0<\/p>\n<p>Mas n\u00e3o basta estar nas redes sociais, \u00e9 essencial ter uma estrat\u00e9gia bem definida e um planejamento eficaz para divulgar e promover seus produtos.<\/p>\n<p>Maria e Alexander, agricultores de Pedro de Toledo, interior de S\u00e3o Paulo, s\u00e3o prova disso.\u00a0Com o apoio do Sebrae, eles aprenderam a criar conte\u00fados estrat\u00e9gicos para as redes sociais e, hoje, impulsionam seus produtos pelas redes.\u00a0<\/p>\n<p>Quer saber como fazer o mesmo e tornar seu Instagram mais atrativo?\u00a0<\/p>\n<p><a href=\"https:\/\/www.youtube.com\/watch?v=LYYY5B27W7o\">Aperte o play e confira todas as dicas aqui!<\/a><\/p>\n<figure class=\"wp-block-embed is-type-video is-provider-youtube wp-block-embed-youtube wp-embed-aspect-16-9 wp-has-aspect-ratio\">\n<p>\n<iframe title=\"Como aumentar suas vendas no campo usando as redes sociais\" width=\"800\" height=\"450\" src=\"https:\/\/www.youtube.com\/embed\/LYYY5B27W7o?feature=oembed\" frameborder=\"0\" allow=\"accelerometer; autoplay; clipboard-write; encrypted-media; gyroscope; picture-in-picture; web-share\" referrerpolicy=\"strict-origin-when-cross-origin\" allowfullscreen><\/iframe>\n<\/p>\n<\/figure>\n<p>#<\/p>\n<h2 class=\"wp-block-heading\" id=\"h-produtora-rural-aposta-na-producao-organica-e-amplia-sua-rentabilidade\">Produtora rural aposta na produ\u00e7\u00e3o org\u00e2nica e amplia sua rentabilidade<\/h2>\n<p>#<strong>PROGRAMETE #11<\/strong><\/p>\n<p>Helo\u00edsa da Silva Campos viu o potencial dos org\u00e2nicos e desenvolveu um modelo de neg\u00f3cio que combina prop\u00f3sito e rentabilidade.\u00a0<\/p>\n<p>Com pr\u00e1ticas sustent\u00e1veis e foco na qualidade de seus produtos, como cebolas e alhos, Helo\u00edsa conquistou o mercado paranaense. Hoje, ela sabe bem que empreender no campo pode ser sustent\u00e1vel e lucrativo.\u00a0<\/p>\n<p><strong><a href=\"https:\/\/www.youtube.com\/watch?v=YWeZM2WTs3U\">Clique aqui\u00a0<\/a><\/strong>para conhecer mais sobre a inspiradora hist\u00f3ria de Helo\u00edsa Campos. <\/p>\n<figure class=\"wp-block-embed is-type-video is-provider-youtube wp-block-embed-youtube wp-embed-aspect-16-9 wp-has-aspect-ratio\">\n<p>\n<iframe title=\"Como a produ\u00e7\u00e3o org\u00e2nica trouxe rentabilidade ao neg\u00f3cio da Helo\u00edsa no campo\" width=\"800\" height=\"450\" src=\"https:\/\/www.youtube.com\/embed\/YWeZM2WTs3U?feature=oembed\" frameborder=\"0\" allow=\"accelerometer; autoplay; clipboard-write; encrypted-media; gyroscope; picture-in-picture; web-share\" referrerpolicy=\"strict-origin-when-cross-origin\" allowfullscreen><\/iframe>\n<\/p>\n<\/figure>\n<h2 class=\"wp-block-heading\" id=\"h-\"># <\/h2>\n<h2 class=\"wp-block-heading\" id=\"h-pnae-apoia-pequenos-produtores-rurais-e-incentiva-a-participacao-feminina-no-agro\">PNAE apoia pequenos produtores rurais e incentiva a participa\u00e7\u00e3o feminina no agro<\/h2>\n<p>#<strong>PROGRAMETE #10<\/strong><\/p>\n<\/div>\n<div>\n<p>Uma fam\u00edlia que cultiva goiabas org\u00e2nicas em Nazar\u00e9 Paulista, interior de S\u00e3o Paulo, encontrou no Programa Nacional de Alimenta\u00e7\u00e3o Escolar (PNAE) uma oportunidade para aumentar a renda familiar, al\u00e9m de contribuir para a alimenta\u00e7\u00e3o saud\u00e1vel de muitos alunos.<\/p>\n<p>O programa tamb\u00e9m incentiva a participa\u00e7\u00e3o feminina na comercializa\u00e7\u00e3o da produ\u00e7\u00e3o<\/p>\n<p><strong><a href=\"https:\/\/youtu.be\/JYwflJ0dCm8?feature=shared\">Clique aqui <\/a><\/strong>e saiba quais s\u00e3o os documentos necess\u00e1rios para participar das chamadas p\u00fablicas.<\/p>\n<figure class=\"wp-block-embed is-type-video is-provider-youtube wp-block-embed-youtube wp-embed-aspect-16-9 wp-has-aspect-ratio\">\n<p>\n<iframe title=\"Pequeno produtor:  saiba como vender para Escolas P\u00fablicas e aumentar a sua renda\" width=\"800\" height=\"450\" src=\"https:\/\/www.youtube.com\/embed\/JYwflJ0dCm8?feature=oembed\" frameborder=\"0\" allow=\"accelerometer; autoplay; clipboard-write; encrypted-media; gyroscope; picture-in-picture; web-share\" referrerpolicy=\"strict-origin-when-cross-origin\" allowfullscreen><\/iframe>\n<\/p>\n<\/figure>\n<p>#<\/p>\n<p><strong>PROGRAMETE #9<\/strong><\/p>\n<figure class=\"wp-block-embed is-type-video is-provider-youtube wp-block-embed-youtube wp-embed-aspect-16-9 wp-has-aspect-ratio\">\n<p>\n<iframe title=\"Turismo rural: como transformar sua propriedade em uma fonte de renda extra\" width=\"800\" height=\"450\" src=\"https:\/\/www.youtube.com\/embed\/ntNGmT0m-yA?feature=oembed\" frameborder=\"0\" allow=\"accelerometer; autoplay; clipboard-write; encrypted-media; gyroscope; picture-in-picture; web-share\" referrerpolicy=\"strict-origin-when-cross-origin\" allowfullscreen><\/iframe>\n<\/p>\n<\/figure>\n<p>O turismo rural pode incluir atividades que v\u00e3o desde hospedagem e intera\u00e7\u00f5es com a natureza at\u00e9 uma experi\u00eancia completa com o agro.<\/p>\n<p>O s\u00edtio S\u00e3o Jo\u00e3o, administrado pela J\u00f4 Rocha e sua fam\u00edlia, em Ca\u00e7apava (SP), produz cana-de-a\u00e7\u00facar, cacha\u00e7as e licores. Atualmente, est\u00e1 sendo adaptado para gerar renda extra com o turismo rural. <a href=\"https:\/\/www.youtube.com\/watch?v=ntNGmT0m-yA\">Acesse aqui<\/a> e confira essa hist\u00f3ria!<\/p>\n<p>#<\/p>\n<h2 class=\"wp-block-heading\" id=\"h-do-planejamento-a-colheita-saiba-como-um-produtor-de-goias-gerencia-seus-creditos\">Do planejamento \u00e0 colheita: saiba como um produtor de Goi\u00e1s gerencia seus cr\u00e9ditos<\/h2>\n<p><strong>PROGRAMETE #8<\/strong><\/p>\n<figure class=\"wp-block-embed is-type-video is-provider-youtube wp-block-embed-youtube wp-embed-aspect-16-9 wp-has-aspect-ratio\">\n<p>\n<iframe title=\"Do planejamento \u00e0 colheita: como M\u00e1rcio transformou sua produ\u00e7\u00e3o de hortali\u00e7as\" width=\"800\" height=\"450\" src=\"https:\/\/www.youtube.com\/embed\/oK6-Tx2pozE?feature=oembed\" frameborder=\"0\" allow=\"accelerometer; autoplay; clipboard-write; encrypted-media; gyroscope; picture-in-picture; web-share\" referrerpolicy=\"strict-origin-when-cross-origin\" allowfullscreen><\/iframe>\n<\/p>\n<\/figure>\n<p>Com um planejamento eficiente, M\u00e1rcio Martins, produtor rural de Alex\u00e2nia, Goi\u00e1s, obteve cr\u00e9dito v\u00e1rias vezes, para inovar e transformar sua produ\u00e7\u00e3o de hortali\u00e7as. A dedica\u00e7\u00e3o, compromisso financeiro e ajuda ativa da esposa, Maria Martins, impulsionaram o neg\u00f3cio no campo.<br \/><a href=\"http:\/\/Com%20um%20planejamento%20eficiente,%20M%C3%A1rcio%20Martins,%20produtor%20rural%20de%20Alex%C3%A2nia,%20localizado%20no%20estado%20de%20Goi%C3%A1s,%20obteve%20cr%C3%A9dito%20v%C3%A1rias%20vezes,%20para%20inovar%20e%20transformar%20sua%20produ%C3%A7%C3%A3o%20de%20hortali%C3%A7as.%20A%20dedica%C3%A7%C3%A3o,%20compromisso%20financeiro%20e%20ajuda%20ativa%20da%20esposa,%20Maria%20Martins,%20impulsionaram%20o%20neg%C3%B3cio%20no%20campo.\">Assista aqui<\/a> essa hist\u00f3ria!<\/p>\n<p>#<\/p>\n<h2 class=\"wp-block-heading\" id=\"h-ig-reconhecimento-que-vai-alem-do-selo\">IG: reconhecimento que vai al\u00e9m do selo<\/h2>\n<p><strong>PROGRAMETE #<\/strong>7<\/p>\n<figure class=\"wp-block-embed is-type-video is-provider-youtube wp-block-embed-youtube wp-embed-aspect-16-9 wp-has-aspect-ratio\">\n<p>\n<iframe title=\"Indica\u00e7\u00e3o Geogr\u00e1fica: saiba o segredo para valorizar e destacar seu produto no mercado\" width=\"800\" height=\"450\" src=\"https:\/\/www.youtube.com\/embed\/YIKOcPsFh20?feature=oembed\" frameborder=\"0\" allow=\"accelerometer; autoplay; clipboard-write; encrypted-media; gyroscope; picture-in-picture; web-share\" referrerpolicy=\"strict-origin-when-cross-origin\" allowfullscreen><\/iframe>\n<\/p>\n<\/figure>\n<p>De queijos artesanais a caf\u00e9s especiais, a Indica\u00e7\u00e3o Geogr\u00e1fica \u00e9 um reconhecimento que conecta produtos ou servi\u00e7os ao territ\u00f3rio de origem, fortalecendo o turismo e a economia local. Al\u00e9m disso, garante ao consumidor a qualidade do que est\u00e1 adquirindo.<\/p>\n<p><a href=\"https:\/\/www.youtube.com\/watch?v=YIKOcPsFh20\">Assista aqui<\/a> essa hist\u00f3ria. <\/p>\n<p>#<\/p>\n<h2 class=\"wp-block-heading\" id=\"h-gestao-de-sucesso-quinta-do-olivardo-combina-sabor-e-tradicao\">Gest\u00e3o de sucesso: Quinta do Olivardo combina sabor e tradi\u00e7\u00e3o<\/h2>\n<p><strong>PROGRAMETE #6<\/strong><\/p>\n<p>Olivardo Saqui, empres\u00e1rio e produtor rural, concretizou seu sonho ao criar um espa\u00e7o que une tradi\u00e7\u00e3o, sabores e experi\u00eancias no campo. \u00c9 a pousada e restaurante Quinta do Olivardo, localizada em S\u00e3o Roque, interior de S\u00e3o Paulo. <\/p>\n<p>Assista <a href=\"https:\/\/www.youtube.com\/watch?v=bwFvbz1-F7Y\">AQUI<\/a> essa hist\u00f3ria.<\/p>\n<figure class=\"wp-block-embed is-type-video is-provider-youtube wp-block-embed-youtube wp-embed-aspect-16-9 wp-has-aspect-ratio\">\n<p>\n<iframe title=\"Entenda como a gest\u00e3o transformou a Quinta do Olivardo em um Sucesso\" width=\"800\" height=\"450\" src=\"https:\/\/www.youtube.com\/embed\/bwFvbz1-F7Y?feature=oembed\" frameborder=\"0\" allow=\"accelerometer; autoplay; clipboard-write; encrypted-media; gyroscope; picture-in-picture; web-share\" referrerpolicy=\"strict-origin-when-cross-origin\" allowfullscreen><\/iframe>\n<\/p>\n<\/figure>\n<p>#<\/p>\n<h2 class=\"wp-block-heading\" id=\"h-descubra-as-melhores-oportunidades-de-financiamento-rural-no-programete-5\">Descubra as melhores oportunidades de financiamento rural no \u2018programete 5\u2019<\/h2>\n<p>Neste v\u00eddeo, h\u00e1 orienta\u00e7\u00f5es sobre como solicitar cr\u00e9dito de forma consciente e estrat\u00e9gica. N\u00e3o perca a chance de transformar oportunidades em crescimento real.<\/p>\n<p>Veja como o cr\u00e9dito pode trabalhar a favor do seu sucesso! Confira:<\/p>\n<p><strong>PROGRAMETE #5<\/strong><\/p>\n<figure class=\"wp-block-embed is-type-video is-provider-youtube wp-block-embed-youtube wp-embed-aspect-16-9 wp-has-aspect-ratio\">\n<p>\n <iframe title=\"Cr\u00e9dito Consciente: Explore as Melhores Solu\u00e7\u00f5es de Financiamento para Impulsionar seu Neg\u00f3cio\" width=\"800\" height=\"450\" src=\"https:\/\/www.youtube.com\/embed\/e8yoZ3Xu48I?feature=oembed\" frameborder=\"0\" allow=\"accelerometer; autoplay; clipboard-write; encrypted-media; gyroscope; picture-in-picture; web-share\" referrerpolicy=\"strict-origin-when-cross-origin\" allowfullscreen><\/iframe>\n<\/p>\n<\/figure>\n<h2 class=\"wp-block-heading\" id=\"h-producao-organica-valoriza-alimentos-e-fortalece-as-vendas-confira-aqui-o-programete-4\">Produ\u00e7\u00e3o org\u00e2nica valoriza alimentos e fortalece as vendas. Confira aqui o \u2018programete 4\u2019<\/h2>\n<p>A certifica\u00e7\u00e3o garante qualidade, proced\u00eancia e aumenta a valoriza\u00e7\u00e3o no mercado. Al\u00e9m de saud\u00e1vel, o selo contribui para o crescimento sustent\u00e1vel do setor.<\/p>\n<p>A busca pelo selo org\u00e2nico tem transformado a realidade de pequenos produtores rurais. A certifica\u00e7\u00e3o n\u00e3o apenas agrega valor aos produtos, mas tamb\u00e9m amplia a aceita\u00e7\u00e3o do p\u00fablico. O tomate cereja, por exemplo, destaca-se pelo sabor diferenciado e pela proced\u00eancia garantida.<\/p>\n<p><strong>PROGRAMETE #4<\/strong><\/p>\n<figure class=\"wp-block-embed is-type-video is-provider-youtube wp-block-embed-youtube wp-embed-aspect-16-9 wp-has-aspect-ratio\">\n<p>\n<iframe title=\"Entenda como o Selo Org\u00e2nico mudou a vida do Jo\u00e3o Machado\" width=\"800\" height=\"450\" src=\"https:\/\/www.youtube.com\/embed\/OIyxFFcPYRY?feature=oembed\" frameborder=\"0\" allow=\"accelerometer; autoplay; clipboard-write; encrypted-media; gyroscope; picture-in-picture; web-share\" referrerpolicy=\"strict-origin-when-cross-origin\" allowfullscreen><\/iframe>\n<\/p>\n<\/figure>\n<h2 class=\"wp-block-heading\" id=\"h-saiba-como-formalizar-o-seu-negocio-para-crescer-no-mercado\">Saiba como formalizar o seu neg\u00f3cio para crescer no mercado<\/h2>\n<p>A formaliza\u00e7\u00e3o garante os seus direitos como empreendedor e ajuda a ter acesso a mais recursos com competitividade de mercado<\/p>\n<p><strong>PROGRAMETE #3<\/strong><\/p>\n<figure class=\"wp-block-embed is-type-video is-provider-youtube wp-block-embed-youtube wp-embed-aspect-16-9 wp-has-aspect-ratio\">\n<p>\n<iframe title=\"Pequeno produtor rural: Saiba como formalizar o seu neg\u00f3cio para crescer no mercado\" width=\"800\" height=\"450\" src=\"https:\/\/www.youtube.com\/embed\/drR4zvCQuyo?feature=oembed\" frameborder=\"0\" allow=\"accelerometer; autoplay; clipboard-write; encrypted-media; gyroscope; picture-in-picture; web-share\" referrerpolicy=\"strict-origin-when-cross-origin\" allowfullscreen><\/iframe>\n<\/p>\n<\/figure>\n<h2 class=\"wp-block-heading\" id=\"h-selo-sim-acesso-a-novos-mercados\"><strong>Selo SIM: acesso a novos mercados<\/strong><\/h2>\n<p>Entenda como a certifica\u00e7\u00e3o municipal facilita a comercializa\u00e7\u00e3o de produtos de origem animal com seguran\u00e7a e qualidade!<\/p>\n<p><strong>PROGRAMETE #2<\/strong><\/p>\n<figure class=\"wp-block-embed is-type-video is-provider-youtube wp-block-embed-youtube wp-embed-aspect-16-9 wp-has-aspect-ratio\">\n<p>\n<iframe title=\"Saiba como solicitar o Selo de Inspe\u00e7\u00e3o Municipal (SIM)\" width=\"800\" height=\"450\" src=\"https:\/\/www.youtube.com\/embed\/FzlcD0MueEE?feature=oembed\" frameborder=\"0\" allow=\"accelerometer; autoplay; clipboard-write; encrypted-media; gyroscope; picture-in-picture; web-share\" referrerpolicy=\"strict-origin-when-cross-origin\" allowfullscreen><\/iframe>\n<\/p>\n<\/figure>\n<h2 class=\"wp-block-heading\" id=\"h-oportunidades-para-o-pequenos-produtor-rural\"><strong>Oportunidades para o pequenos produtor rural<\/strong><\/h2>\n<p>Saiba o que \u00e9 empreendedorismo rural e conhe\u00e7a mais sobre o Porteira Aberta Empreender.<\/p>\n<p><strong>PROGRAMETE #1<\/strong><\/p>\n<figure class=\"wp-block-embed is-type-video is-provider-youtube wp-block-embed-youtube wp-embed-aspect-16-9 wp-has-aspect-ratio\">\n<p>\n<iframe title=\"Empreendedorismo no campo: Oportunidades para pequeno produtor rural\" width=\"800\" height=\"450\" src=\"https:\/\/www.youtube.com\/embed\/LKLHVHrOiTo?feature=oembed\" frameborder=\"0\" allow=\"accelerometer; autoplay; clipboard-write; encrypted-media; gyroscope; picture-in-picture; web-share\" referrerpolicy=\"strict-origin-when-cross-origin\" allowfullscreen><\/iframe>\n<\/p>\n<\/figure><\/div>\n<p><br \/>\n<br \/><a href=\"https:\/\/www.canalrural.com.br\/empreendedorismo\/saiba-como-apicultor-de-itu-extrai-ate-40-kg-de-mel-por-mes\/\">Source link <\/a><\/p>\n","protected":false},"excerpt":{"rendered":"<p>#PROGRAMETE #15 Antes de iniciar o cultivo de mel em Itu, interior de S\u00e3o Paulo, Galdino Avelino Cruz buscou qualifica\u00e7\u00e3o<\/p>\n","protected":false},"author":1,"featured_media":14646,"comment_status":"open","ping_status":"open","sticky":false,"template":"","format":"standard","meta":{"_monsterinsights_skip_tracking":false,"_monsterinsights_sitenote_active":false,"_monsterinsights_sitenote_note":"","_monsterinsights_sitenote_category":0,"_uf_show_specific_survey":0,"_uf_disable_surveys":false,"footnotes":""},"categories":[1],"tags":[],"class_list":["post-14645","post","type-post","status-publish","format-standard","has-post-thumbnail","hentry","category-news"],"_links":{"self":[{"href":"https:\/\/agromt.news\/index.php?rest_route=\/wp\/v2\/posts\/14645"}],"collection":[{"href":"https:\/\/agromt.news\/index.php?rest_route=\/wp\/v2\/posts"}],"about":[{"href":"https:\/\/agromt.news\/index.php?rest_route=\/wp\/v2\/types\/post"}],"author":[{"embeddable":true,"href":"https:\/\/agromt.news\/index.php?rest_route=\/wp\/v2\/users\/1"}],"replies":[{"embeddable":true,"href":"https:\/\/agromt.news\/index.php?rest_route=%2Fwp%2Fv2%2Fcomments&post=14645"}],"version-history":[{"count":0,"href":"https:\/\/agromt.news\/index.php?rest_route=\/wp\/v2\/posts\/14645\/revisions"}],"wp:featuredmedia":[{"embeddable":true,"href":"https:\/\/agromt.news\/index.php?rest_route=\/wp\/v2\/media\/14646"}],"wp:attachment":[{"href":"https:\/\/agromt.news\/index.php?rest_route=%2Fwp%2Fv2%2Fmedia&parent=14645"}],"wp:term":[{"taxonomy":"category","embeddable":true,"href":"https:\/\/agromt.news\/index.php?rest_route=%2Fwp%2Fv2%2Fcategories&post=14645"},{"taxonomy":"post_tag","embeddable":true,"href":"https:\/\/agromt.news\/index.php?rest_route=%2Fwp%2Fv2%2Ftags&post=14645"}],"curies":[{"name":"wp","href":"https:\/\/api.w.org\/{rel}","templated":true}]}}