{"id":14643,"date":"2025-06-04T17:45:19","date_gmt":"2025-06-04T21:45:19","guid":{"rendered":"https:\/\/agromt.news\/?p=14643"},"modified":"2025-06-04T17:45:19","modified_gmt":"2025-06-04T21:45:19","slug":"parana-deve-receber-planta-de-combustivel-sustentavel-para-aviacao","status":"publish","type":"post","link":"https:\/\/agromt.news\/?p=14643","title":{"rendered":"Paran\u00e1 deve receber planta de combust\u00edvel sustent\u00e1vel para avia\u00e7\u00e3o"},"content":{"rendered":"<p> <br \/>\n<\/p>\n<div>\n<div class=\"row\">\n<div class=\"col-lg col-infos mt-0 mt-lg-0\">\n<div class=\"section-sub-title\">\n<p itemprop=\"description\">&#13;<br \/>\n                                Norte-americana Satarem deve investir cerca de R$ 2,3 bilh\u00f5es na unidade&#13;\n                            <\/p>\n<\/p><\/div>\n<div class=\"container\">\n<div class=\"row\">\n<div class=\"col-lg p-0 text-lg-end\">\n<div>\n<div id=\"mdEnviarPagina\" class=\"modal fade\" role=\"dialog\">\n<div class=\"modal-dialog\">\n<div class=\"modal-content\">\n<div class=\"modal-body\">\n<p><strong>Estimado usu\u00e1rio.<\/strong><br \/>Preencha o formul\u00e1rio abaixo para remeter a p\u00e1gina.<\/p>\n<\/p><\/div>\n<\/p><\/div>\n<\/p><\/div>\n<\/div><\/div>\n<\/p><\/div>\n<\/p><\/div>\n<\/p><\/div>\n<\/p><\/div>\n<\/p><\/div>\n<div class=\"row justify-content-md-center mt-3\">\n<div class=\"col-lg-auto col-image block-news-main-image\">\n<p>                                <img decoding=\"async\" src=\"https:\/\/www.agrolink.com.br\/upload\/imagens-resizes\/a26d471a387a458d9b1e4a36b87a01ca_858x483.jpg\" class=\"lazyload img-fluid\"\/><br \/>\n                                                <span class=\"publicity-photo d-block mt-1\">Foto: Pixabay<\/span><\/p><\/div>\n<\/p><\/div>\n<div class=\"section-description section-description-noticias mt-3\">\n<p style=\"text-align:justify\">O vice-governador do Paran\u00e1, Darci Piana, recebeu na ter\u00e7a-feira (3) representantes da Satarem America Inc., empresa norte-americana de engenharia industrial especializada em solu\u00e7\u00f5es para os setores de cimento, energia e sustentabilidade. No encontro, foi apresentado o projeto da companhia de construir uma f\u00e1brica de combust\u00edvel sustent\u00e1vel de avia\u00e7\u00e3o (SAF, na sigla em ingl\u00eas) na cidade de Maring\u00e1, em um investimento na casa dos US$ 425 milh\u00f5es (cerca de R$ 2,3 bilh\u00f5es). Inicialmente, o local vai usar como mat\u00e9ria-prima o etanol. A companhia deve trazer 800 empregos diretos e outros 2 mil a 3 mil indiretos ao Paran\u00e1.&#13;\n<\/p>\n<p style=\"text-align:justify\">O combust\u00edvel de avia\u00e7\u00e3o \u00e9 um produto que tende a crescer na medida em que as companhias a\u00e9reas t\u00eam obriga\u00e7\u00e3o mundial de chegar em 2050 zerando as emiss\u00f5es de gases de efeito estufa. Essa obriga\u00e7\u00e3o faz parte do conceito Net Zero, definido no Acordo de Paris, que visa zerar a emiss\u00e3o de gases de efeito estufa at\u00e9 meados deste s\u00e9culo. De acordo com a apresenta\u00e7\u00e3o da Satarem, as empresas a\u00e9reas v\u00e3o precisar usar 71% de SAF em seus avi\u00f5es para alcan\u00e7arem a meta internacional. Segundo o CEO da Satarem America Inc., Jerome Friler, j\u00e1 foram realizados parte dos estudos t\u00e9cnicos e o objetivo agora \u00e9 finalizar a compra do terreno, que fica na divisa entre Maring\u00e1 e Sarandi. O processo de financiamento e emiss\u00e3o da documenta\u00e7\u00e3o necess\u00e1ria deve seguir at\u00e9 meados de 2026. A partir da\u00ed, a constru\u00e7\u00e3o da f\u00e1brica ser\u00e1 imediata. Pela programa\u00e7\u00e3o da empresa, o primeiro litro de SAF deve ser produzido em dezembro de 2028.&#13;\n<\/p>\n<p style=\"text-align:justify\">&#8220;Esse projeto \u00e9 muito importante para n\u00f3s. \u00c9 o maior investimento feito pela nossa companhia, nesse momento, na Am\u00e9rica Latina. Maring\u00e1 \u00e9 um \u00f3timo lugar para a produ\u00e7\u00e3o da SAF, por causa da disponibilidade de etanol, estrutura e um bom acesso a meios de exporta\u00e7\u00e3o, por rodovia e ferrovia at\u00e9 o porto de Paranagu\u00e1&#8221;, afirmou Friler. O norte-americano fez quest\u00e3o de ressaltar que toda planta da empresa tem 50% de homens e 50% de mulheres, e que 30% s\u00e3o jovens. Boa parte do que for produzido nesse primeiro momento ser\u00e1 destinado \u00e0 exporta\u00e7\u00e3o, mas a inten\u00e7\u00e3o da Satarem \u00e9 que uma parcela seja utilizada pela avia\u00e7\u00e3o local. Uma segunda planta est\u00e1 nos planos, ampliando a capacidade de produ\u00e7\u00e3o e, consequentemente, tamb\u00e9m o consumo de mat\u00e9rias-primas da regi\u00e3o, como biog\u00e1s oriundo da atividade pecu\u00e1ria, por exemplo.&#13;\n<\/p>\n<\/p><\/div>\n<\/p><\/div>\n<p><script data-cfasync=\"false\">\n    !function (f, b, e, v, n, t, s) {\n        if (f.fbq) return; n = f.fbq = function () {\n            n.callMethod ?\n                n.callMethod.apply(n, arguments) : n.queue.push(arguments)\n        };\n        if (!f._fbq) f._fbq = n; n.push = n; n.loaded = !0; n.version = '2.0';\n        n.queue = []; t = b.createElement(e); t.async = !0;\n        t.src = v; s = b.getElementsByTagName(e)[0];\n        s.parentNode.insertBefore(t, s)\n    }(window, document, 'script',\n        'https:\/\/connect.facebook.net\/en_US\/fbevents.js');\n    fbq('init', '522546078623747');\n    fbq('track', 'PageView');\n<\/script><br \/>\n<br \/><br \/>\n<br \/><a href=\"https:\/\/www.agrolink.com.br\/noticias\/parana-deve-receber-planta-de-combustivel-sustentavel-para-aviacao_502617.html\">Source link <\/a><\/p>\n","protected":false},"excerpt":{"rendered":"<p>&#13; Norte-americana Satarem deve investir cerca de R$ 2,3 bilh\u00f5es na unidade&#13; Estimado usu\u00e1rio.Preencha o formul\u00e1rio abaixo para remeter a<\/p>\n","protected":false},"author":1,"featured_media":8396,"comment_status":"open","ping_status":"open","sticky":false,"template":"","format":"standard","meta":{"_monsterinsights_skip_tracking":false,"_monsterinsights_sitenote_active":false,"_monsterinsights_sitenote_note":"","_monsterinsights_sitenote_category":0,"_uf_show_specific_survey":0,"_uf_disable_surveys":false,"footnotes":""},"categories":[8,1,14],"tags":[],"class_list":["post-14643","post","type-post","status-publish","format-standard","has-post-thumbnail","hentry","category-agro","category-news","category-politica-agro"],"_links":{"self":[{"href":"https:\/\/agromt.news\/index.php?rest_route=\/wp\/v2\/posts\/14643"}],"collection":[{"href":"https:\/\/agromt.news\/index.php?rest_route=\/wp\/v2\/posts"}],"about":[{"href":"https:\/\/agromt.news\/index.php?rest_route=\/wp\/v2\/types\/post"}],"author":[{"embeddable":true,"href":"https:\/\/agromt.news\/index.php?rest_route=\/wp\/v2\/users\/1"}],"replies":[{"embeddable":true,"href":"https:\/\/agromt.news\/index.php?rest_route=%2Fwp%2Fv2%2Fcomments&post=14643"}],"version-history":[{"count":0,"href":"https:\/\/agromt.news\/index.php?rest_route=\/wp\/v2\/posts\/14643\/revisions"}],"wp:featuredmedia":[{"embeddable":true,"href":"https:\/\/agromt.news\/index.php?rest_route=\/wp\/v2\/media\/8396"}],"wp:attachment":[{"href":"https:\/\/agromt.news\/index.php?rest_route=%2Fwp%2Fv2%2Fmedia&parent=14643"}],"wp:term":[{"taxonomy":"category","embeddable":true,"href":"https:\/\/agromt.news\/index.php?rest_route=%2Fwp%2Fv2%2Fcategories&post=14643"},{"taxonomy":"post_tag","embeddable":true,"href":"https:\/\/agromt.news\/index.php?rest_route=%2Fwp%2Fv2%2Ftags&post=14643"}],"curies":[{"name":"wp","href":"https:\/\/api.w.org\/{rel}","templated":true}]}}