{"id":14642,"date":"2025-06-04T17:37:47","date_gmt":"2025-06-04T21:37:47","guid":{"rendered":"https:\/\/agromt.news\/?p=14642"},"modified":"2025-06-04T17:37:47","modified_gmt":"2025-06-04T21:37:47","slug":"ate-r-10-a-menos-por-saca-leva-federarroz-a-pedir-socorro-a-bancos-e-governo","status":"publish","type":"post","link":"https:\/\/agromt.news\/?p=14642","title":{"rendered":"At\u00e9 R$ 10 a menos por saca leva Federarroz a pedir socorro a bancos e governo"},"content":{"rendered":"<p> <br \/>\n<br \/><img decoding=\"async\" src=\"https:\/\/agromt.news\/wp-content\/uploads\/2024\/09\/Conab-vai-doar-sementes-de-arroz-para-agricultores-familiares-do.jpg\" \/><\/p>\n<div>\n<p>A baixa remunera\u00e7\u00e3o aos produtores de arroz levou a Federa\u00e7\u00e3o das Associa\u00e7\u00f5es de Arrozeiros do Rio Grande do Sul (Federarroz) em busca de medidas emergenciais com bancos e os governos estadual e federal. <\/p>\n<p>De acordo com a consultoria Safras &amp; Mercado, a proje\u00e7\u00e3o de estoques de passagem do cereal est\u00e1 em patamar recorde, indicada em mais de duas milh\u00f5es de toneladas, visto que a produ\u00e7\u00e3o deve atingir 14,2 milh\u00f5es de toneladas e a demanda anual \u00e9 de 12,2 milh\u00f5es de toneladas. <\/p>\n<p>O setor argumenta que o cen\u00e1rio \u00e9 agravado por aumento de \u00e1rea plantada, maior produtividade, demanda interna enfraquecida, exporta\u00e7\u00f5es abaixo do esperado e pre\u00e7os internacionais do arroz em baixa. \u201cA combina\u00e7\u00e3o desses fatores vem provocando forte retra\u00e7\u00e3o nos pre\u00e7os pagos ao produtor\u201d, diz a entidade, em nota.<\/p>\n<p>Como exemplo, destaca que na Fronteira Oeste do <strong><a href=\"https:\/\/www.canalrural.com.br\/nacional\/rio-grande-do-sul\/\">Rio Grande do Sul<\/a><\/strong>, ind\u00fastrias ofertam entre R$ 60 e R$ 65 por saca com rendimento acima de 58% de gr\u00e3os inteiros, enquanto produtores mant\u00eam pedidas acima de R$ 70. <\/p>\n<p>Segundo Safras &amp; Mercado, a m\u00e9dia estadual em maio foi de R$ 73,20, com queda de 3,11% na semana e de <strong>39,41%<\/strong> em rela\u00e7\u00e3o ao mesmo per\u00edodo do ano passado.<\/p>\n<\/div>\n<div>\n<p>J\u00e1 a n\u00edvel nacional, de acordo com o Cepea, no acumulado dos \u00faltimos 12 meses, as baixas do arroz em casca chegaram a 41%, voltando aos mesmos patamares de maio de 2022.<\/p>\n<h2 class=\"wp-block-heading\" id=\"h-produtores-de-arroz-e-os-bancos\">Produtores de arroz e os bancos<\/h2>\n<p>Como resposta, a Federarroz negocia com Banrisul, Banco do Brasil e Sicredi o escalonamento dos pagamentos dos financiamentos de custeio, buscando aliviar o caixa do produtor e conter a press\u00e3o de venda nos meses de junho e julho. <\/p>\n<p>\u201cO Banrisul j\u00e1 sinalizou positivamente \u00e0 proposta, e h\u00e1 expectativa de ades\u00e3o dos demais bancos. \u00c9 necess\u00e1rio estancar a queda de pre\u00e7os. Os valores atuais inviabilizam a produ\u00e7\u00e3o. Precisamos de alternativas para que o produtor n\u00e3o seja for\u00e7ado a vender agora\u201d, afirmou o presidente da Federarroz, Alexandre Velho.<\/p>\n<h2 class=\"wp-block-heading\" id=\"h-medidas-tributarias-urgentes\">Medidas tribut\u00e1rias urgentes<\/h2>\n<p>No campo institucional, a entidade participou de audi\u00eancia com o governador do estado, Eduardo Leite, nesta quarta-feira (4), acompanhada do setor produtivo e do subsecret\u00e1rio da Fazenda, Ricardo Neves. <\/p>\n<p>Na reuni\u00e3o, foram solicitadas medidas tribut\u00e1rias urgentes. Segundo o diretor jur\u00eddico da Federarroz, Anderson Belloli, o governo demonstrou sensibilidade \u00e0 situa\u00e7\u00e3o e se comprometeu a buscar solu\u00e7\u00f5es de curto prazo, diante de pre\u00e7os que n\u00e3o cobrem os custos de produ\u00e7\u00e3o e de perdas clim\u00e1ticas recentes.<\/p>\n<pre class=\"wp-block-code\"><code>Tamb\u00e9m est\u00e3o previstas reuni\u00f5es em Bras\u00edlia na pr\u00f3xima semana e um encontro com a Companhia Nacional de Abastecimento (Conab) na sexta-feira (6), para discutir medidas federais diante da crise de rentabilidade dos produtores de arroz. <\/code><\/pre>\n<\/p><\/div>\n<p><br \/>\n<br \/><a href=\"https:\/\/www.canalrural.com.br\/agricultura\/ate-r-10-a-menos-por-saca-leva-federarroz-a-pedir-socorro-a-bancos-e-governo\/\">Source link <\/a><\/p>\n","protected":false},"excerpt":{"rendered":"<p>A baixa remunera\u00e7\u00e3o aos produtores de arroz levou a Federa\u00e7\u00e3o das Associa\u00e7\u00f5es de Arrozeiros do Rio Grande do Sul (Federarroz)<\/p>\n","protected":false},"author":1,"featured_media":1080,"comment_status":"open","ping_status":"open","sticky":false,"template":"","format":"standard","meta":{"_monsterinsights_skip_tracking":false,"_monsterinsights_sitenote_active":false,"_monsterinsights_sitenote_note":"","_monsterinsights_sitenote_category":0,"_uf_show_specific_survey":0,"_uf_disable_surveys":false,"footnotes":""},"categories":[1],"tags":[],"class_list":["post-14642","post","type-post","status-publish","format-standard","has-post-thumbnail","hentry","category-news"],"_links":{"self":[{"href":"https:\/\/agromt.news\/index.php?rest_route=\/wp\/v2\/posts\/14642"}],"collection":[{"href":"https:\/\/agromt.news\/index.php?rest_route=\/wp\/v2\/posts"}],"about":[{"href":"https:\/\/agromt.news\/index.php?rest_route=\/wp\/v2\/types\/post"}],"author":[{"embeddable":true,"href":"https:\/\/agromt.news\/index.php?rest_route=\/wp\/v2\/users\/1"}],"replies":[{"embeddable":true,"href":"https:\/\/agromt.news\/index.php?rest_route=%2Fwp%2Fv2%2Fcomments&post=14642"}],"version-history":[{"count":0,"href":"https:\/\/agromt.news\/index.php?rest_route=\/wp\/v2\/posts\/14642\/revisions"}],"wp:featuredmedia":[{"embeddable":true,"href":"https:\/\/agromt.news\/index.php?rest_route=\/wp\/v2\/media\/1080"}],"wp:attachment":[{"href":"https:\/\/agromt.news\/index.php?rest_route=%2Fwp%2Fv2%2Fmedia&parent=14642"}],"wp:term":[{"taxonomy":"category","embeddable":true,"href":"https:\/\/agromt.news\/index.php?rest_route=%2Fwp%2Fv2%2Fcategories&post=14642"},{"taxonomy":"post_tag","embeddable":true,"href":"https:\/\/agromt.news\/index.php?rest_route=%2Fwp%2Fv2%2Ftags&post=14642"}],"curies":[{"name":"wp","href":"https:\/\/api.w.org\/{rel}","templated":true}]}}