{"id":14639,"date":"2025-06-04T17:09:25","date_gmt":"2025-06-04T21:09:25","guid":{"rendered":"https:\/\/agromt.news\/?p=14639"},"modified":"2025-06-04T17:09:25","modified_gmt":"2025-06-04T21:09:25","slug":"lideranca-exportadora-do-agro-brasileiro-desperta-interesse-global","status":"publish","type":"post","link":"https:\/\/agromt.news\/?p=14639","title":{"rendered":"Lideran\u00e7a exportadora do agro brasileiro desperta interesse global"},"content":{"rendered":"<p> <br \/>\n<\/p>\n<p>Em entrevista, o Prof. Dr. Marcos Fava Neves detalha a import\u00e2ncia do IFAMA para o agroneg\u00f3cio global<\/p>\n<div>\n<p><strong>1 &#8211; Professor, o senhor ter\u00e1 participa\u00e7\u00e3o no World Conference da International Food and Agribusiness Management Association (IFAMA) neste ano. O que representa esse evento para o agroneg\u00f3cio global e qual ser\u00e1 o foco da sua contribui\u00e7\u00e3o?<\/strong><\/p>\n<p><span style=\"color:#000000;\">Tenho o privil\u00e9gio de participar desta associa\u00e7\u00e3o desde 1994 e por meio dela, conheci muitos pa\u00edses levando nossas pesquisas e casos de empresas para serem apresentados. A IFAMA \u00e9 a mais importante organiza\u00e7\u00e3o do agroneg\u00f3cio mundial, fundada em 1990, simplesmente por Ray Goldberg, de Harvard, que \u00e9 o pai do conceito de agroneg\u00f3cio. J\u00e1 foram cerca de 35 eventos anuais em todo o planeta. Sua fun\u00e7\u00e3o \u00e9 a de ser um centro de discuss\u00e3o sobre o futuro do agro, reunindo executivos, especialistas, tomadores de decis\u00e3o, empresas e acad\u00eamicos para debater as tend\u00eancias e pensar em solu\u00e7\u00f5es inovadoras e criadoras de valor. Neste ano, contribuirei como presidente da confer\u00eancia na posi\u00e7\u00e3o de Chanceler da Harven Agribusiness School, institui\u00e7\u00e3o de Ribeir\u00e3o Preto que fez a proposta no \u00faltimo evento, realizado em Almeria (Espanha) em 2024, para trazer uma edi\u00e7\u00e3o ao nosso pa\u00eds. Temos, junto com o Roberto Fava Scare, meu parceiro nesta empreitada e o nosso time, o importante apoio da FB Group, especialista em planejamento e gerenciamento de eventos, que tamb\u00e9m aceitou o desafio de nos apoiar nessa jornada.<\/span><\/p>\n<p><span style=\"color:#000000;\"><strong>2 &#8211; O que o senhor destaca como as principais tend\u00eancias discutidas na IFAMA que devem moldar o futuro do agroneg\u00f3cio nos pr\u00f3ximos anos?<\/strong><\/span><\/p>\n<p><span style=\"color:#000000;\">Hoje, a produ\u00e7\u00e3o de alimentos, bioenergia e outros agro-produtos enfrenta uma situa\u00e7\u00e3o muito complexa, que costumo chamar de ambiente dos 3 V&#8217;s: \u201cvari\u00e1veis variando violentamente\u201d. Temos toda a quest\u00e3o de tarifas, clima, guerras, pragas, doen\u00e7as, movimentos dos consumidores, situa\u00e7\u00e3o da economia, impactos das novas tecnologias, regula\u00e7\u00f5es, seguran\u00e7a, log\u00edstica; enfim, muita coisa. Temos avenidas de discuss\u00f5es na quest\u00e3o da sustentabilidade, o avan\u00e7o da biotecnologia e da transforma\u00e7\u00e3o digital; a intelig\u00eancia artificial, a ascens\u00e3o de modelos cooperativos e associativos de neg\u00f3cios e a urg\u00eancia de preparar novas lideran\u00e7as para lidar com um mundo interconectado e complexo; as novas m\u00eddias e a for\u00e7a&#8230; o empoderamento do consumidor. Eu sempre coloco uma frase nas apresenta\u00e7\u00f5es e oriento os profissionais do setor:\u00a0 \u201cquem manda \u00e9 a demanda\u201d.<\/span><\/p>\n<p><span style=\"color:#000000;\">O tema central da confer\u00eancia neste ano \u00e9 \u201cImpulsionando alimentos e bioenergia com inova\u00e7\u00e3o e sustentabilidade\u201d, para estimular discuss\u00f5es do desenvolvimento sustent\u00e1vel da produ\u00e7\u00e3o, visando o crescimento e fortalecimento do setor, a fim de atender a demanda futura por alimentos, bioenergia e outros agro-produtos.<\/span><br \/>\u00a0<\/p>\n<div class=\"image-center\">\n<figure class=\"image-captioned\"><img decoding=\"async\" alt=\"Marcos-Fava-Neves-Divulgacao-1\" src=\"https:\/\/cdn.noticiasagricolas.com.br\/dbimagens\/thumbs\/800x2000\/marcos-fava-neves-divulgacao-1-RpGdT.jpg\"\/><\/p>\n<\/figure>\n<\/div>\n<p><span style=\"color:#000000;\"><strong>3 &#8211; Muitos apontam que a IFAMA \u00e9 uma vitrine para novos modelos de neg\u00f3cios e inova\u00e7\u00f5es no setor agro. O senhor poderia citar exemplos de iniciativas ou tecnologias que chamaram sua aten\u00e7\u00e3o nesta edi\u00e7\u00e3o?<\/strong><\/span><\/p>\n<p><span style=\"color:#000000;\">As inova\u00e7\u00f5es que as empresas e universidades est\u00e3o trabalhando no mundo todo s\u00e3o trazidas para serem apresentadas no IFAMA. Veremos iniciativas promissoras, como o uso de biotecnologia para tornar as lavouras mais resilientes \u00e0s mudan\u00e7as clim\u00e1ticas, com menos depend\u00eancia de defensivos, tecnologias de gera\u00e7\u00e3o de bioenergia com captura de carbono e plataformas digitais que promovem maior transpar\u00eancia entre produtores e consumidores. Tamb\u00e9m merece destaque o redesenho de produtos alimentares para torn\u00e1-los mais saud\u00e1veis e sustent\u00e1veis, reduzindo perdas. Vale destacar tamb\u00e9m que muitos casos de empresas inovadoras em cada pa\u00eds s\u00e3o, ao longo do ano, preparados e s\u00e3o apresentados e debatidos na confer\u00eancia, para, depois, serem publicados em revistas cient\u00edficas. Nosso grupo de trabalho aqui no Brasil levou cinco casos para a confer\u00eancia de 2024 (Nutribras Alimentos, Biosul Bioenergia, Ouro Fino Agroci\u00eancia, Associa\u00e7\u00e3o Socicana e Sementes Oilema). E para orgulho nosso, o caso da Ouro Fino Agroci\u00eancia, justamente uma empresa de Ribeir\u00e3o Preto, venceu como o melhor de 2024, competindo com outros 50, do mundo todo.<\/span><\/p>\n<p><span style=\"color:#000000;\">E nos casos deste ano, apresentaremos a Cooperativa Coplana, Cacha\u00e7a S\u00f4Z\u00e9, Sebrae Polo Agro, Veroo Caf\u00e9s, Cooperativa Agr\u00e1ria, Fertbem Fertilizantes e o da Associa\u00e7\u00e3o Brasileira de Prote\u00edna Animal (ABPA) que, para nossa alegria, est\u00e1 entre os tr\u00eas finalistas selecionados pelo comit\u00ea cient\u00edfico internacional como melhor caso do evento. Aprende-se muito com o uso de estudos de casos.<\/span><\/p>\n<p><span style=\"color:#000000;\"><strong>4 &#8211; Como o Brasil tem se posicionado dentro dos debates globais que tamb\u00e9m s\u00e3o tema do evento? Somos apenas fornecedores ou j\u00e1 ocupamos espa\u00e7o como l\u00edderes em inova\u00e7\u00e3o e governan\u00e7a no agro?<\/strong><\/span><\/p>\n<p><span style=\"color:#000000;\">O Brasil tem mostrado protagonismo crescente. Na primeira vez que estive no evento, nosso pa\u00eds ainda era importador de alimentos. Para virar, 35 anos depois, a pot\u00eancia produtora e exportadora mundial, ganhando imenso respeito.<\/span><\/p>\n<p><span style=\"color:#000000;\">N\u00e3o h\u00e1 como deixar de respeitar e n\u00e3o admirar um pa\u00eds que hoje det\u00e9m 80% do com\u00e9rcio mundial de suco de laranja, 58% da soja, 52% no a\u00e7\u00facar, 35% na carne de frango, 30% no caf\u00e9, 30% no milho, 30% no algod\u00e3o, 25% na carne bovina, quase 20% na carne su\u00edna; al\u00e9m de liderar no fumo, no papel e celulose e ainda grandes trabalhos nas frutas, castanhas, etanol, entre outros produtos. Somos protagonistas em iniciativas inovadoras que visam a sustentabilidade, como a \u201cCarne Carbono Neutro\u201d, o programa \u201cRenovabio\u201d; e na governan\u00e7a tivemos grandes avan\u00e7os.<\/span><\/p>\n<p><span style=\"color:#000000;\">Nesta semana, pelo d\u00e9cimo ano, recebi cerca de 30 norte-americanos que fazem p\u00f3s-gradua\u00e7\u00e3o na Purdue University, uma das melhores do mundo, para conhecerem o agro do Brasil. Visitamos empresas como a S\u00e3o Martinho, a Cutrale, a Cooxup\u00e9, a Campanelli, a Coopercitrus, a Coplana, entre outras que abrem suas portas para receb\u00ea-los, com o carinho brasileiro. Eles voltaram absolutamente emocionados e encantados, e se tornam multiplicadores do bom trabalho feito no Brasil. J\u00e1 foram 300 executivos nestes 10 anos. Imaginem para quantas pessoas eles contaram da experi\u00eancia, ajudando a difundir nossa imagem.<\/span><\/p>\n<p><span style=\"color:#000000;\"><strong>5 &#8211; Existe alguma cr\u00edtica recorrente \u00e0 forma como o Brasil participa ou \u00e9 percebido nesses f\u00f3runs internacionais? O que ainda precisamos aprimorar para ocupar um papel mais estrat\u00e9gico no cen\u00e1rio agro global?<\/strong><\/span><\/p>\n<p><span style=\"color:#000000;\">A cr\u00edtica mais comum ao Brasil \u00e9 na quest\u00e3o ambiental, principalmente devido \u00e0 excresc\u00eancia do desmatamento ilegal, que, como o pr\u00f3prio nome diz, \u00e9 crime e feito muitas vezes em terras distantes e sem titula\u00e7\u00e3o. Este deve ser o principal foco de ataque do Governo do Brasil, pois o nosso pa\u00eds \u00e9 manchado em seu belo trabalho de sustentabilidade ambiental por este problema. Essa situa\u00e7\u00e3o oculta nossos indicadores ambientais, que s\u00e3o excelentes, tais como: 66% do territ\u00f3rio totalmente preservado; elevado \u00edndice de energias renov\u00e1veis na matriz; presen\u00e7a de um dos c\u00f3digos florestais mais bem estruturados no mundo; baixas emiss\u00f5es de CO2 per capita; tecnologias inovadoras na agricultura de baixo carbono; agricultura regenerativa; remo\u00e7\u00e3o de carbono e tecnologias limpas; e muitas outras inova\u00e7\u00f5es. Outra cr\u00edtica \u00e9 a dificuldade que temos de comunicar, de forma eficaz, os avan\u00e7os que o pa\u00eds j\u00e1 realizou. Precisamos investir mais na capacita\u00e7\u00e3o de nossos representantes e na nossa capacidade de articula\u00e7\u00e3o em temas como biodiversidade, clima e inova\u00e7\u00e3o. Levar dados concretos e resultados comprovados ajuda a refor\u00e7ar nossa imagem como lideran\u00e7a global.\u00a0<\/span><\/p>\n<p><span style=\"color:#000000;\"><strong>6 &#8211; Na sua avalia\u00e7\u00e3o, o que as lideran\u00e7as empresariais e pol\u00edticas brasileiras ainda n\u00e3o compreenderam sobre o potencial transformador de debates e f\u00f3runs para a competitividade do agro nacional?<\/strong><\/span><\/p>\n<p><span style=\"color:#000000;\">Muitos ainda n\u00e3o enxergam esses espa\u00e7os como oportunidade de parar um pouco, prestar aten\u00e7\u00e3o e voltar ao Brasil com um repert\u00f3rio de inova\u00e7\u00f5es, boas pr\u00e1ticas, exemplos de empresas e de pol\u00edticas p\u00fablicas.Al\u00e9m de ser um momento de forma\u00e7\u00e3o de opini\u00f5es e desenvolvimento de novas rela\u00e7\u00f5es pessoais e empresariais. Estar ausente \u00e9 perder visibilidade e poder de influ\u00eancia. Neste ano, por exemplo, ser\u00e1 elaborada uma carta do agro mundial durante a confer\u00eancia, com sua mensagem \u00e0 COP 30, que ser\u00e1 em novembro em Bel\u00e9m (PA), mostrando ser o agro parte da solu\u00e7\u00e3o para os problemas ambientais globais. Esta carta ser\u00e1 entregue ao Embaixador Andr\u00e9 Correa do Lago, ao final da confer\u00eancia, pelo Presidente da IFAMA, o irland\u00eas Aidan Conolly, e autoridades brasileiras como o Ministro Roberto Rodrigues, o Presidente de Honra da Agrishow Maurilio Biagi Filho, entre outros; e tendo como signat\u00e1rios autoridades do agro de mais de 40 pa\u00edses.<\/span><\/p>\n<p><span style=\"color:#000000;\"><strong>7 &#8211; O senhor defende h\u00e1 tempos uma maior profissionaliza\u00e7\u00e3o e melhoria da m\u00e3o de obra no agro. O que ainda falta para essa virada de chave acontecer em larga escala no Brasil?<\/strong><\/span><\/p>\n<p><span style=\"color:#000000;\">Um dos grandes desafios que o pa\u00eds tem, por mais incr\u00edvel que possa parecer, \u00e9 o da m\u00e3o-de-obra. Para continuarmos crescendo, visando atingir o posicionamento de fornecedor mundial sustent\u00e1vel de alimentos, biocombust\u00edveis e outros agro produtos, teremos que investir pesado. Est\u00e1 faltando gente em todas as \u00e1reas, desde colheita at\u00e9 trabalho em frigor\u00edficos, em usinas; enfim, a reclama\u00e7\u00e3o \u00e9 geral.<\/span><\/p>\n<p><span style=\"color:#000000;\">O grande desafio \u00e9 adotar uma mentalidade estrat\u00e9gica de longo prazo, enxergando a quest\u00e3o como uma ferramenta essencial de sustentabilidade e crescimento. Isso exige mudan\u00e7a nas normas das pol\u00edticas assistencialistas, capacita\u00e7\u00e3o cont\u00ednua, fortalecimento das escolas t\u00e9cnicas, envolvimento total do setor privado e mudan\u00e7a da mentalidade da educa\u00e7\u00e3o b\u00e1sica, intermedi\u00e1ria e superior no Brasil, em dire\u00e7\u00e3o \u00e0 inova\u00e7\u00e3o, empreendedorismo e m\u00e9rito.<\/span><\/p>\n<p><span style=\"color:#000000;\">Costumo sempre dizer esta frase: \u201csem inova\u00e7\u00e3o, produ\u00e7\u00e3o e venda, n\u00e3o tem gera\u00e7\u00e3o de renda e n\u00e3o tem distribui\u00e7\u00e3o de merenda\u201d. A educa\u00e7\u00e3o no Brasil se direcionou muito para a terceira parte da frase. Precisa voltar para a primeira. O foco \u00e9 inovar, produzir e vender.<\/span><\/p>\n<p><span style=\"color:#000000;\"><strong>8 &#8211; Como a forma\u00e7\u00e3o de jovens l\u00edderes no agroneg\u00f3cio \u00e9 tratada em f\u00f3runs internacionais? O senhor acredita que o Brasil est\u00e1 formando sucessores \u00e0 altura dos desafios globais?<\/strong><\/span><\/p>\n<p><span style=\"color:#000000;\">O IFAMA \u00e9 uma chance incr\u00edvel de vermos o que as universidades est\u00e3o fazendo no mundo todo em termos de t\u00e9cnicas de ensino e aprendizagem, pois nos conectamos com seus professores, ex-alunos e ficamos sabendo dos avan\u00e7os, das boas iniciativas com as entidades estudantis, startups, por exemplo. Al\u00e9m disso, podemos fazer visitas durante os eventos. A IFAMA tem, al\u00e9m de seu Conselho tradicional, que participa por 18 anos representando o Brasil, um Conselho de Jovens, que s\u00e3o talentos que as multinacionais ficam de olho para capturarem assim que se formam. Al\u00e9m disso, durante o evento, acontece uma competi\u00e7\u00e3o de estudo de casos voltada especialmente aos jovens, com premia\u00e7\u00e3o relevante.<\/span><\/p>\n<p><span style=\"color:#000000;\">No Brasil, precisamos promover maior integra\u00e7\u00e3o desses jovens com o ambiente internacional, por meio de projetos aplicados, dom\u00ednio de idiomas, vis\u00e3o global e capacidade de lidar com contextos diversos e interdependentes. A forma\u00e7\u00e3o de lideran\u00e7as sist\u00eamicas e inovadoras \u00e9 um desafio urgente e, por isso, criamos a Harven Agribusiness School.<\/span><\/p>\n<p><span style=\"color:#000000;\"><strong>9 &#8211; Com a crescente presen\u00e7a de multinacionais e fundos internacionais no campo brasileiro, como o v\u00ea a soberania e o protagonismo nacional nesse cen\u00e1rio de globaliza\u00e7\u00e3o agroindustrial?<\/strong>\u00a0<\/span><\/p>\n<p><span style=\"color:#000000;\">Eu n\u00e3o vejo problemas, ali\u00e1s vejo como solu\u00e7\u00e3o ter investidores internacionais no Brasil&#8230; para acelerar nosso desenvolvimento. O importante \u00e9 que os produtos sejam feitos aqui, agreguem valor aqui, gerando investimento, empregos e arrecada\u00e7\u00e3o. \u00c9 fundamental que o Brasil n\u00e3o apenas receba investimentos, mas lidere solu\u00e7\u00f5es e garanta que essas parcerias tragam benef\u00edcios sociais e tecnol\u00f3gicos concretos ao pa\u00eds. Diversas empresas aqui sediadas se apresentar\u00e3o no IFAMA, e um dos exemplos \u00e9 o Minerva, que tem a presen\u00e7a do fundo soberano \u00e1rabe em seu capital; com a presen\u00e7a garantida do presidente do conselho, Norberto Giangrande Jr. Um dos estudos de caso que os participantes discutir\u00e3o \u00e9 da empresa Atvos, de bioenergia, que tem como principal acionista o fundo soberano de Abu Dhabi, mas suas unidades est\u00e3o todas aqui, gerando empregos e desenvolvimento ao nosso pa\u00eds. No IFAMA, os participantes ter\u00e3o a chance de ouvir e debater com Bruno Serapi\u00e3o, o CEO da empresa. Da mesma forma, ser\u00e1 debatido pelos participantes, o caso da SLC Agr\u00edcola, uma das maiores produtoras de alimentos do mundo, que tem a\u00e7\u00f5es na bolsa e o seu CEO, Aur\u00e9lio Pavinato, ir\u00e1 apresentar e debater com os participantes. S\u00e3o estrelas do agro global.<\/span><\/p>\n<p><span style=\"color:#000000;\"><strong>10 &#8211; A presen\u00e7a brasileira em f\u00f3runs internacionais pode ser uma ferramenta diplom\u00e1tica e econ\u00f4mica para ampliar mercados? Que a\u00e7\u00f5es o governo e as empresas deveriam priorizar nesse sentido?<\/strong><\/span><\/p>\n<p><span style=\"color:#000000;\">Esses espa\u00e7os s\u00e3o fundamentais para promover a imagem do pa\u00eds como refer\u00eancia na produ\u00e7\u00e3o sustent\u00e1vel de alimentos e bioenergia. \u00c9 preciso um est\u00edmulo maior \u00e0 elabora\u00e7\u00e3o de pesquisas de impacto e estudos de caso inspiradores do Brasil para serem apresentadas e publicadas internacionalmente. Para as universidades p\u00fablicas e privadas, seria interessante colocar pr\u00eamios para os professores e alunos que conseguirem produzir estas pesquisas e casos, pois melhoram sua avalia\u00e7\u00e3o. Estes pr\u00eamios ajudar\u00e3o professores a alunos a irem nos eventos apresentar os trabalhos, e, com isso, melhoram estas universidades nos rankings, desenvolvem sua rede internacional com outros professores e crescem cada vez mais as possibilidades de gerar mais pesquisas e casos.\u00a0 Universidades precisam orientar mais a remunera\u00e7\u00e3o dos seus quadros baseada no m\u00e9rito, no impacto de suas pesquisas e seus trabalhos publicados para a gera\u00e7\u00e3o de valor \u00e0 sociedade.<\/span><\/p>\n<p><span style=\"color:#000000;\">Empresas podem replicar e apoiar este processo com seus funcion\u00e1rios, principalmente quem estiver nas \u00e1reas de pesquisa e desenvolvimento, pois se aprende muito com estas participa\u00e7\u00f5es e empresas inovadoras sempre est\u00e3o presentes nas institui\u00e7\u00f5es de inova\u00e7\u00e3o. Fazemos isto h\u00e1 30 anos e em m\u00e9dia neste per\u00edodo levamos 5 trabalhos a cada IFAMA.<\/span><\/p>\n<p><span style=\"color:#000000;\"><strong>11 &#8211; Diante da instabilidade pol\u00edtica e econ\u00f4mica mundial, como o agroneg\u00f3cio global e o brasileiro, em especial, pode se tornar um agente estabilizador?<\/strong><\/span><\/p>\n<p><span style=\"color:#000000;\">O agro \u00e9 pe\u00e7a-chave para garantir seguran\u00e7a alimentar, gera\u00e7\u00e3o de empregos e desenvolvimento das regi\u00f5es. O Brasil, com sua base diversificada e matriz energ\u00e9tica limpa, lidera um modelo de desenvolvimento pautado na produtividade, sustentabilidade e na inova\u00e7\u00e3o com inclus\u00e3o social e responsabilidade ambiental. O mundo precisa do Brasil como agente de expans\u00e3o da produ\u00e7\u00e3o visando abastecer de alimentos n\u00e3o apenas cerca de 800 milh\u00f5es de pessoas, que \u00e9 o n\u00famero de hoje, mas talvez at\u00e9 2 bilh\u00f5es.\u00a0<\/span><\/p>\n<p><span style=\"color:#000000;\">E vejam que interessante, uma pessoa pode ficar sem comprar um computador, um carro, uma roupa, um m\u00f3vel por alguns anos, mas comida e tem que comprar 3 vezes ao dia. Este processo tem levado o Brasil a conquistar grande respeito na comunidade internacional por ser a f\u00e1brica de comida do planeta. E n\u00e3o faz sentido para ningu\u00e9m brigar com o cozinheiro. Por isto digo que neste mundo cheio de conflitos geopol\u00edticos, o Brasil tem que \u201cvoar abaixo do radar\u201d, sem entrar em conflitos, sem assumir lados, e continuar crescendo suas exporta\u00e7\u00f5es com o posicionamento claro que se n\u00e3o fosse o Brasil a fome no planeta explodiria e com isto ter\u00edamos eros\u00e3o maior ainda da paz. O Brasil combate a fome mundial.<\/span><\/p>\n<p><span style=\"color:#000000;\"><strong>12 &#8211; Olhando para o futuro, quais proje\u00e7\u00f5es o senhor faz para o agro, levando em conta a atual situa\u00e7\u00e3o pol\u00edtica global. A tend\u00eancia de mais barreiras deve ser confirmada?<\/strong><\/span><\/p>\n<p><span style=\"color:#000000;\">Em 2050, 80% dos est\u00f4magos estar\u00e3o na \u00c1sia e \u00c1frica. O fluxo de comida \u00e9 das Am\u00e9ricas (principalmente Brasil e o Mercosul e os EUA) para \u00c1sia e \u00c1frica. As barreiras, especialmente as ligadas ao meio ambiente, aspectos sociais e \u00e0 sanidade dos alimentos, devem se intensificar, impulsionadas por pol\u00edticas clim\u00e1ticas mais rigorosas e pela press\u00e3o dos consumidores, principalmente nos pa\u00edses desenvolvidos, mas menor nos emergentes e dependentes de importa\u00e7\u00f5es grandes de comida, que \u00e9 onde o Brasil tem crescido mais. O Brasil precisa estar preparado, com estrat\u00e9gia de longo prazo, propostas e solu\u00e7\u00f5es concretas que agreguem valor ao planeta. \u00c9 o local mais apto do planeta para expandir a produ\u00e7\u00e3o, pois conseguimos agregar 20 milh\u00f5es de novos hectares produtivos em 10 anos sem aumentar a \u00e1rea do agro, apenas usando mais \u00e1reas de pastos para produ\u00e7\u00e3o de gr\u00e3os e aumentando a nossa produ\u00e7\u00e3o de segunda safra. Isto gerar\u00e1 grandes oportunidades de trabalho e desenvolvimento social ao pa\u00eds.<\/span><\/p>\n<p><span style=\"color:#000000;\">E do lado da bioenergia, s\u00e3o incr\u00edveis as possibilidades de crescimento. J\u00e1 aumentamos a mistura de etanol na gasolina para 30%, feito de cana e de milho, possibilitando com isto aumentar a produ\u00e7\u00e3o de carnes pela gera\u00e7\u00e3o de \u201cbaga\u00e7o do milho\u201d, chamado de DDG, excelente fonte de ra\u00e7\u00e3o. Temos grandes oportunidades no biodiesel que deve logo chegar a 20% de mistura, e com isto impulsionar mais ainda a produ\u00e7\u00e3o das carnes devido a presen\u00e7a de farelo de soja e outros produtos, e este aumento da produ\u00e7\u00e3o gera esterco que vira biog\u00e1s, eletricidade e biometano (m\u00e1quinas movidas a biometano foram apresentadas na Agrishow) que diminuem as necessidades de diesel e ainda geram fertilizantes, dentro do que chamamos de agricultura circular. E ainda crescem os projetos para combust\u00edvel de avia\u00e7\u00e3o, de navios, enfim, s\u00e3o muitas as oportunidades na bioenergia para produtores de pequeno, m\u00e9dio e grande porte no agro.<\/span><\/p>\n<p><span style=\"color:#000000;\"><strong>13 \u2013 E para a nova faculdade, a Harven Agribusiness School, quais ser\u00e3o os benef\u00edcios?<\/strong><\/span><\/p>\n<p><span style=\"color:#000000;\">A cria\u00e7\u00e3o da Harven Agribusiness School, por parceiros de peso como a Markestrat e o grupo SEB do empres\u00e1rio Chaim Zaher foi feita na dire\u00e7\u00e3o de ter em Ribeir\u00e3o Preto a melhor educa\u00e7\u00e3o em agro. Queremos atrair alunos do mundo todo para estudarem aqui, pois quem quer ser bom no agro tem que aprender no melhor agro do mundo. E o evento ser\u00e1 uma vitrine para mostrar que Ribeir\u00e3o Preto por ter mais de 10 setores distintos do agro ao seu redor, excelente padr\u00e3o de vida no comparativo do Brasil pode ser um destino.<\/span><\/p>\n<p><span style=\"color:#000000;\">E a Harven est\u00e1 sendo projetada mundialmente com o evento, pois ficaram sabendo de sua exist\u00eancia por estar em todos os materiais e quando aqui vierem a conhecer\u00e3o. Parte importante dos professores internacionais ser\u00e1 convidada a serem professores Harven e nossos professores ampliar\u00e3o sua inser\u00e7\u00e3o internacional nestas universidades, bem como conv\u00eanios para interc\u00e2mbio de alunos. Teremos gera\u00e7\u00e3o de materiais, estudos de casos de empresas, v\u00eddeos das palestras todas que ser\u00e3o usados. Estes materiais tamb\u00e9m ir\u00e3o aos alunos interessados em agro da FEARP\/USP onde sou professor h\u00e1 30 anos, em tempo parcial. Vale ressaltar que no grupo que ajudou a organizar o evento, temos a presen\u00e7a da ESALQ\/USP, EAESP\/FGV, INSPER, ESPM, UNESP, PUC-RS e diversas outras, portanto as universidades brasileiras ser\u00e3o beneficiadas.<\/span><\/p>\n<p><span style=\"color:#000000;\"><strong>14 \u2013 E a import\u00e2ncia para Ribeir\u00e3o Preto em sediar este evento?<\/strong><\/span><\/p>\n<p><span style=\"color:#000000;\">Tive o privil\u00e9gio de ser contratado pela FEARP\/USP no final de 1995 e vir para c\u00e1, adotando esta cidade, que inclusive me premiou com o t\u00edtulo de Cidad\u00e3o. Minha esposa tamb\u00e9m n\u00e3o \u00e9 daqui, mas adorou a cidade e aqui nasceram nossas filhas e aqui pretendemos ficar. \u00c9 a cidade mais associada ao agro no Brasil, inclusive o nome de \u201cCapital Brasileira do Agroneg\u00f3cio\u201d que est\u00e1 nas entradas da cidade, fui eu quem deu. Al\u00e9m de sediar a Agrishow, que neste ano teve quase 200 mil visitantes, a cidade \u00e9 palco de grandes eventos e discuss\u00f5es do agro. Em parceria com meu primo Roberto Fava Scare em 2005 trouxemos para Ribeir\u00e3o Preto o evento da Sociedade Brasileira de Economia, Sociologia e Administra\u00e7\u00e3o Rural, que \u00e9 o encontro mais tradicional do Brasil, onde vieram cerca de 1000 pessoas e foi sediado na FEARP\/USP. Nesta data registramos Ribeir\u00e3o Preto entre as cidades sede deste evento para sempre.<\/span><\/p>\n<p><span style=\"color:#000000;\">Mas faltava trazer o principal evento internacional e j\u00e1 est\u00e1vamos tentando h\u00e1 uns 10 anos, mas o risco \u00e9 alto, a log\u00edstica para se chegar aqui envolve um passo a mais, lamentavelmente o aeroporto de Ribeir\u00e3o Preto atrasou e n\u00e3o ficou pronto, n\u00e3o temos voos para Guarulhos, o que dificulta demais para estrangeiros e os custos para eles s\u00e3o muito elevados. Mas tomamos coragem e fomos em frente, e estamos trabalhando firme para que tudo d\u00ea certo e venham 700 a 900 pessoas de cerca de 40 pa\u00edses, que ser\u00e3o depois multiplicadores e comunicadores das boas coisas que estamos fazendo no agro e da cidade. Ser\u00e1 uma alegria ver Ribeir\u00e3o Preto para sempre imortalizada na tabela das cidades sede deste evento.<\/span><\/p>\n<p><span style=\"color:#000000;\"><strong>CONFIRA AS CIDADES SEDE DA CONFER\u00caNCIA GLOBAL DA IFAMA:<\/strong><\/span><\/p>\n<p><span style=\"color:#000000;\">1991 \u2013 Boston (EUA)<\/span><\/p>\n<p><span style=\"color:#000000;\">1992 \u2013 Oxford (Inglaterra)<\/span><\/p>\n<p><span style=\"color:#000000;\">1993 \u2013 S\u00e3o Francisco (EUA)<\/span><\/p>\n<p><span style=\"color:#000000;\">1994 \u2013 Caracas (Venezuela)<\/span><\/p>\n<p><span style=\"color:#000000;\">1995 \u2013 Paris (Fran\u00e7a)<\/span><\/p>\n<p><span style=\"color:#000000;\">1996 \u2013 Cancun (M\u00e9xico)<\/span><\/p>\n<p><span style=\"color:#000000;\">1997 \u2013 Jacarta (Indon\u00e9sia)<\/span><\/p>\n<p><span style=\"color:#000000;\">1998 \u2013 Punta del Este (Uruguai)<\/span><\/p>\n<p><span style=\"color:#000000;\">1999 \u2013 Floren\u00e7a (It\u00e1lia)<\/span><\/p>\n<p><span style=\"color:#000000;\">2000 \u2013 Chicago (EUA)<\/span><\/p>\n<p><span style=\"color:#000000;\">2001 \u2013 Sydney (Australia)<\/span><\/p>\n<p><span style=\"color:#000000;\">2002 \u2013 Noordwijk (Holanda)<\/span><\/p>\n<p><span style=\"color:#000000;\">2003 \u2013 Cancun (M\u00e9xico)<\/span><\/p>\n<p><span style=\"color:#000000;\">2004 \u2013 Montreau (Sui\u00e7a)<\/span><\/p>\n<p><span style=\"color:#000000;\">2005 \u2013 Chicago (EUA)<\/span><\/p>\n<p><span style=\"color:#000000;\">2006 \u2013 Buenos Aires (Argentina)<\/span><\/p>\n<p><span style=\"color:#000000;\">2007 \u2013 Parma (Italia)<\/span><\/p>\n<p><span style=\"color:#000000;\">2008 \u2013 Monterey (EUA)<\/span><\/p>\n<p><span style=\"color:#000000;\">2009 \u2013 Budapest (Hungria)<\/span><\/p>\n<p><span style=\"color:#000000;\">2010 \u2013 Boston (EUA)<\/span><\/p>\n<p><span style=\"color:#000000;\">2011 \u2013 Frankfurt (Alemanha)<\/span><\/p>\n<p><span style=\"color:#000000;\">2012 \u2013 Shanghai (China)<\/span><\/p>\n<p><span style=\"color:#000000;\">2013 \u2013 Atlanta (EUA)<\/span><\/p>\n<p><span style=\"color:#000000;\">2014 \u2013 Cidade do Cabo (Africa do Sul)<\/span><\/p>\n<p><span style=\"color:#000000;\">2015 \u2013 Minneapolis\/Saint Paul (EUA)<\/span><\/p>\n<p><span style=\"color:#000000;\">2016 \u2013 Aarhus (Dinamarca)<\/span><\/p>\n<p><span style=\"color:#000000;\">2017 \u2013 Miami (EUA)<\/span><\/p>\n<p><span style=\"color:#000000;\">2018 \u2013 Buenos Aires (Argentina)<\/span><\/p>\n<p><span style=\"color:#000000;\">2019 \u2013 Hangzhou (China)<\/span><\/p>\n<p><span style=\"color:#000000;\">2020 \u2013 Virtual<\/span><\/p>\n<p><span style=\"color:#000000;\">2021 \u2013 Virtual<\/span><\/p>\n<p><span style=\"color:#000000;\">2022 \u2013 San Jose (Costa Rica)<\/span><\/p>\n<p><span style=\"color:#000000;\">2023 \u2013 Christchurch (Nova Zel\u00e2ndia)<\/span><\/p>\n<p><span style=\"color:#000000;\">2024 \u2013 Almeria (Espanha)<\/span><\/p>\n<p><span style=\"color:#000000;\">2025 \u2013 Ribeir\u00e3o Preto (Brasil)<\/span><\/p>\n<p><span style=\"color:#000000;\">2026 \u2013 Cork (Irlanda)<\/span><\/p>\n<\/p><\/div>\n<p><script async defer src=\"https:\/\/connect.facebook.net\/en_US\/sdk.js\" type=\"dbab8e3a320ea58ea2ba4832-text\/javascript\"><\/script><script type=\"dbab8e3a320ea58ea2ba4832-text\/javascript\">\n  !function(f,b,e,v,n,t,s)\n  {if(f.fbq)return;n=f.fbq=function(){n.callMethod?\n    n.callMethod.apply(n,arguments):n.queue.push(arguments)};\n    if(!f._fbq)f._fbq=n;n.push=n;n.loaded=!0;n.version='2.0';\n    n.queue=[];t=b.createElement(e);t.async=!0;\n    t.src=v;s=b.getElementsByTagName(e)[0];\n    s.parentNode.insertBefore(t,s)}(window, document,'script',\n    'https:\/\/connect.facebook.net\/en_US\/fbevents.js');\n  fbq('init', '153495679422335');\n  fbq('track', 'PageView');\n<\/script><br \/>\n<br \/><br \/>\n<br \/><a href=\"https:\/\/www.noticiasagricolas.com.br\/noticias\/agronegocio\/400657-lideranca-exportadora-do-agro-brasileiro-desperta-interesse-global.html\">Source link <\/a><\/p>\n","protected":false},"excerpt":{"rendered":"<p>Em entrevista, o Prof. Dr. Marcos Fava Neves detalha a import\u00e2ncia do IFAMA para o agroneg\u00f3cio global 1 &#8211; Professor,<\/p>\n","protected":false},"author":1,"featured_media":14640,"comment_status":"open","ping_status":"open","sticky":false,"template":"","format":"standard","meta":{"_monsterinsights_skip_tracking":false,"_monsterinsights_sitenote_active":false,"_monsterinsights_sitenote_note":"","_monsterinsights_sitenote_category":0,"_uf_show_specific_survey":0,"_uf_disable_surveys":false,"footnotes":""},"categories":[8,1,14,16],"tags":[],"class_list":["post-14639","post","type-post","status-publish","format-standard","has-post-thumbnail","hentry","category-agro","category-news","category-politica-agro","category-safra"],"_links":{"self":[{"href":"https:\/\/agromt.news\/index.php?rest_route=\/wp\/v2\/posts\/14639"}],"collection":[{"href":"https:\/\/agromt.news\/index.php?rest_route=\/wp\/v2\/posts"}],"about":[{"href":"https:\/\/agromt.news\/index.php?rest_route=\/wp\/v2\/types\/post"}],"author":[{"embeddable":true,"href":"https:\/\/agromt.news\/index.php?rest_route=\/wp\/v2\/users\/1"}],"replies":[{"embeddable":true,"href":"https:\/\/agromt.news\/index.php?rest_route=%2Fwp%2Fv2%2Fcomments&post=14639"}],"version-history":[{"count":0,"href":"https:\/\/agromt.news\/index.php?rest_route=\/wp\/v2\/posts\/14639\/revisions"}],"wp:featuredmedia":[{"embeddable":true,"href":"https:\/\/agromt.news\/index.php?rest_route=\/wp\/v2\/media\/14640"}],"wp:attachment":[{"href":"https:\/\/agromt.news\/index.php?rest_route=%2Fwp%2Fv2%2Fmedia&parent=14639"}],"wp:term":[{"taxonomy":"category","embeddable":true,"href":"https:\/\/agromt.news\/index.php?rest_route=%2Fwp%2Fv2%2Fcategories&post=14639"},{"taxonomy":"post_tag","embeddable":true,"href":"https:\/\/agromt.news\/index.php?rest_route=%2Fwp%2Fv2%2Ftags&post=14639"}],"curies":[{"name":"wp","href":"https:\/\/api.w.org\/{rel}","templated":true}]}}