{"id":14637,"date":"2025-06-04T17:07:20","date_gmt":"2025-06-04T21:07:20","guid":{"rendered":"https:\/\/agromt.news\/?p=14637"},"modified":"2025-06-04T17:07:20","modified_gmt":"2025-06-04T21:07:20","slug":"acordo-mercosul-ue-entidades-da-franca-cobram-oposicao-de-macron-antes-de-visita-de-lula","status":"publish","type":"post","link":"https:\/\/agromt.news\/?p=14637","title":{"rendered":"Acordo Mercosul-UE: entidades da Fran\u00e7a cobram oposi\u00e7\u00e3o de Macron antes de visita de Lula"},"content":{"rendered":"<p> <br \/>\n<br \/><img decoding=\"async\" src=\"https:\/\/agromt.news\/wp-content\/uploads\/2025\/06\/Acordo-Mercosul-UE-entidades-da-Franca-cobram-oposicao-de-Macron-antes.jpg\" \/><\/p>\n<div>\n<p>Entidades agr\u00edcolas francesas refor\u00e7aram sua oposi\u00e7\u00e3o ao acordo comercial entre a Uni\u00e3o Europeia e o Mercosul, na v\u00e9spera do encontro do presidente da Rep\u00fablica, Luiz In\u00e1cio Lula da Silva, com o presidente franc\u00eas, <strong><a href=\"http:\/\/www.canalrural.com.br\/tag\/macron\/\">Emmanuel Macron<\/a><\/strong>. <\/p>\n<p>Em carta, os grupos pediram que Macron mantenha a press\u00e3o contra a valida\u00e7\u00e3o do pacto e exer\u00e7a o direito de recusa. <\/p>\n<p>\u201cA Fran\u00e7a deve reafirmar sem ambiguidade sua oposi\u00e7\u00e3o \u00e0 ratifica\u00e7\u00e3o. Enquanto o acordo UE-Mercosul mantiver seu status de acordo misto, a Fran\u00e7a ainda disp\u00f5e da capacidade jur\u00eddica de se opor a ele\u201d, disseram as associa\u00e7\u00f5es de Avicultura de Corte (Anvol, na sigla em franc\u00eas), de Beterraba e do A\u00e7\u00facar (Aibs), Associa\u00e7\u00e3o Nacional do Gado e das Carnes (Interbev) e Associa\u00e7\u00e3o Cerealista Francesa (Interc\u00e9r\u00e9ales). <\/p>\n<p>No documento, os grupos afirmaram que a Comiss\u00e3o Europeia busca acelerar o acordo em meio \u00e0s tens\u00f5es entre UE e Estados Unidos. <\/p>\n<p>\u201cContudo, este acordo vai muito al\u00e9m da esfera comercial. Ele levanta quest\u00f5es importantes de soberania agr\u00edcola, justi\u00e7a econ\u00f4mica para os produtores europeus e coer\u00eancia pol\u00edtica diante dos compromissos clim\u00e1ticos e sociais da Uni\u00e3o Europeia\u201d, disseram, citando que os produtos importados s\u00e3o produzidos com uso de subst\u00e2ncias proibidas, transg\u00eanicos e aus\u00eancia de rastreabilidade, distante do padr\u00e3o europeu. <\/p>\n<\/div>\n<div>\n<p>Para as associa\u00e7\u00f5es, as cotas adicionais previstas representariam um valor agr\u00edcola de pelo menos 2,87 bilh\u00f5es de euros apenas para os setores de carne bovina, frango e milho. Al\u00e9m disso, os grupos destacam que produtos de alto valor agregado est\u00e3o sendo priorizados pelos exportadores sul-americanos, como cortes nobres de carne bovina, fil\u00e9s de frango, produtos cereais, al\u00e9m de derivados do amido e do milho. <\/p>\n<p>Para o setor de a\u00e7\u00facar e etanol, as concess\u00f5es da UE representariam a produ\u00e7\u00e3o de 50 mil hectares, ou 1\/8 da \u00e1rea cultivada com beterraba na Fran\u00e7a, segundo a nota. <\/p>\n<p>O presidente Lula se encontra com Macron na quinta-feira (5), para discutir temas como o acordo entre Mercosul e Uni\u00e3o Europeia e a lei antidesmatamento do bloco europeu. O l\u00edder franc\u00eas \u00e9 um dos principais cr\u00edticos ao acordo de livre com\u00e9rcio entre os blocos econ\u00f4micos, ao mesmo tempo que a Fran\u00e7a foi um dos principais defensores da lei antidesmatamento europeia. <\/p>\n<p>J\u00e1 Lula tem como um dos objetivos de sua gest\u00e3o a ratifica\u00e7\u00e3o do acordo entre Mercosul-UE, enquanto o governo brasileiro classifica a lei antidesmatamento como unilateral e discriminat\u00f3ria.<\/p>\n<\/p><\/div>\n<p><br \/>\n<br \/><a href=\"https:\/\/www.canalrural.com.br\/economia\/acordo-mercosul-ue-entidades-da-franca-cobram-oposicao-de-macron-antes-de-visita-de-lula\/\">Source link <\/a><\/p>\n","protected":false},"excerpt":{"rendered":"<p>Entidades agr\u00edcolas francesas refor\u00e7aram sua oposi\u00e7\u00e3o ao acordo comercial entre a Uni\u00e3o Europeia e o Mercosul, na v\u00e9spera do encontro<\/p>\n","protected":false},"author":1,"featured_media":14638,"comment_status":"open","ping_status":"open","sticky":false,"template":"","format":"standard","meta":{"_monsterinsights_skip_tracking":false,"_monsterinsights_sitenote_active":false,"_monsterinsights_sitenote_note":"","_monsterinsights_sitenote_category":0,"_uf_show_specific_survey":0,"_uf_disable_surveys":false,"footnotes":""},"categories":[1],"tags":[],"class_list":["post-14637","post","type-post","status-publish","format-standard","has-post-thumbnail","hentry","category-news"],"_links":{"self":[{"href":"https:\/\/agromt.news\/index.php?rest_route=\/wp\/v2\/posts\/14637"}],"collection":[{"href":"https:\/\/agromt.news\/index.php?rest_route=\/wp\/v2\/posts"}],"about":[{"href":"https:\/\/agromt.news\/index.php?rest_route=\/wp\/v2\/types\/post"}],"author":[{"embeddable":true,"href":"https:\/\/agromt.news\/index.php?rest_route=\/wp\/v2\/users\/1"}],"replies":[{"embeddable":true,"href":"https:\/\/agromt.news\/index.php?rest_route=%2Fwp%2Fv2%2Fcomments&post=14637"}],"version-history":[{"count":0,"href":"https:\/\/agromt.news\/index.php?rest_route=\/wp\/v2\/posts\/14637\/revisions"}],"wp:featuredmedia":[{"embeddable":true,"href":"https:\/\/agromt.news\/index.php?rest_route=\/wp\/v2\/media\/14638"}],"wp:attachment":[{"href":"https:\/\/agromt.news\/index.php?rest_route=%2Fwp%2Fv2%2Fmedia&parent=14637"}],"wp:term":[{"taxonomy":"category","embeddable":true,"href":"https:\/\/agromt.news\/index.php?rest_route=%2Fwp%2Fv2%2Fcategories&post=14637"},{"taxonomy":"post_tag","embeddable":true,"href":"https:\/\/agromt.news\/index.php?rest_route=%2Fwp%2Fv2%2Ftags&post=14637"}],"curies":[{"name":"wp","href":"https:\/\/api.w.org\/{rel}","templated":true}]}}