{"id":14633,"date":"2025-06-04T16:23:42","date_gmt":"2025-06-04T20:23:42","guid":{"rendered":"https:\/\/agromt.news\/?p=14633"},"modified":"2025-06-04T16:23:42","modified_gmt":"2025-06-04T20:23:42","slug":"cavalgada-com-mais-de-100-cavaleiros-marca-abertura-do-gaffff-em-sao-paulo","status":"publish","type":"post","link":"https:\/\/agromt.news\/?p=14633","title":{"rendered":"Cavalgada com mais de 100 cavaleiros marca abertura do GAFFFF em S\u00e3o Paulo"},"content":{"rendered":"<p> <br \/>\n<br \/><img decoding=\"async\" src=\"https:\/\/agromt.news\/wp-content\/uploads\/2025\/06\/Cavalgada-com-mais-de-100-cavaleiros-marca-abertura-do-GAFFFF.jpg\" \/><\/p>\n<div>\n<p>O Global Agribusiness Festival (GAFFFF), um dos principais eventos do agroneg\u00f3cio brasileiro, come\u00e7a nesta quinta-feira (5) com uma cavalgada simb\u00f3lica que re\u00fane mais de 100 cavaleiros em S\u00e3o Paulo. A marcha parte do Parque da \u00c1gua Branca em dire\u00e7\u00e3o ao Allianz Parque, marcando oficialmente a abertura do festival.<\/p>\n<p>A transmiss\u00e3o ao vivo e exclusiva ser\u00e1 realizada pelo <strong><a href=\"https:\/\/www.canalrural.com.br\/agricultura\/\">Canal Rural<\/a><\/strong>, a partir das 8h da manh\u00e3, e os conte\u00fados sobre o evento tamb\u00e9m estar\u00e3o dispon\u00edveis no <strong><a href=\"https:\/\/www.canaldocriador.com.br\/\">Canal do Criador<\/a><\/strong>, no <strong><a href=\"https:\/\/www.youtube.com\/@CanalruralBr\">YouTube<\/a><\/strong> e nas redes sociais, em uma estrat\u00e9gia multiplataforma que amplia o alcance do festival. Os tel\u00f5es instalados no Allianz Parque exibir\u00e3o a cavalgada em tempo real para o p\u00fablico presente.<\/p>\n<\/div>\n<div>\n<p>A cobertura contar\u00e1 com a participa\u00e7\u00e3o de Pryscilla Paiva e Mauro Ortega, no est\u00fadio do Canal Rural; Pl\u00ednio Queiroz e Jo\u00e3o Nogueira, diretamente do Allianz Parque; e Marco Aur\u00e9lio Ribeiro, no Parque da \u00c1gua Branca.<\/p>\n<p>Al\u00e9m da abertura, o Canal Rural acompanhar\u00e1 toda a programa\u00e7\u00e3o do GAFFFF durante os dois dias do evento, com reportagens, pain\u00e9is, entrevistas e bastidores exibidos nos telejornais, no portal e nas redes sociais da emissora.<\/p>\n<p>Para o CEO do Canal Rural, Julio Cargnino, a transmiss\u00e3o \u00e9 mais do que uma cobertura jornal\u00edstica: \u00e9 uma ponte entre o campo e a cidade. \u201cCada vez mais, o agro invade a cidade, levando a sua realidade para o centro do Brasil. Essa conex\u00e3o \u00e9 fundamental para fortalecer o entendimento e a valoriza\u00e7\u00e3o do setor\u201d, afirma.<\/p>\n<\/p><\/div>\n<p><br \/>\n<br \/><a href=\"https:\/\/www.canalrural.com.br\/feiras-e-eventos\/cavalgada-com-mais-de-100-cavaleiros-marca-abertura-do-gaffff-em-sao-paulo\/\">Source link <\/a><\/p>\n","protected":false},"excerpt":{"rendered":"<p>O Global Agribusiness Festival (GAFFFF), um dos principais eventos do agroneg\u00f3cio brasileiro, come\u00e7a nesta quinta-feira (5) com uma cavalgada simb\u00f3lica<\/p>\n","protected":false},"author":1,"featured_media":14634,"comment_status":"open","ping_status":"open","sticky":false,"template":"","format":"standard","meta":{"_monsterinsights_skip_tracking":false,"_monsterinsights_sitenote_active":false,"_monsterinsights_sitenote_note":"","_monsterinsights_sitenote_category":0,"_uf_show_specific_survey":0,"_uf_disable_surveys":false,"footnotes":""},"categories":[1],"tags":[],"class_list":["post-14633","post","type-post","status-publish","format-standard","has-post-thumbnail","hentry","category-news"],"_links":{"self":[{"href":"https:\/\/agromt.news\/index.php?rest_route=\/wp\/v2\/posts\/14633"}],"collection":[{"href":"https:\/\/agromt.news\/index.php?rest_route=\/wp\/v2\/posts"}],"about":[{"href":"https:\/\/agromt.news\/index.php?rest_route=\/wp\/v2\/types\/post"}],"author":[{"embeddable":true,"href":"https:\/\/agromt.news\/index.php?rest_route=\/wp\/v2\/users\/1"}],"replies":[{"embeddable":true,"href":"https:\/\/agromt.news\/index.php?rest_route=%2Fwp%2Fv2%2Fcomments&post=14633"}],"version-history":[{"count":0,"href":"https:\/\/agromt.news\/index.php?rest_route=\/wp\/v2\/posts\/14633\/revisions"}],"wp:featuredmedia":[{"embeddable":true,"href":"https:\/\/agromt.news\/index.php?rest_route=\/wp\/v2\/media\/14634"}],"wp:attachment":[{"href":"https:\/\/agromt.news\/index.php?rest_route=%2Fwp%2Fv2%2Fmedia&parent=14633"}],"wp:term":[{"taxonomy":"category","embeddable":true,"href":"https:\/\/agromt.news\/index.php?rest_route=%2Fwp%2Fv2%2Fcategories&post=14633"},{"taxonomy":"post_tag","embeddable":true,"href":"https:\/\/agromt.news\/index.php?rest_route=%2Fwp%2Fv2%2Ftags&post=14633"}],"curies":[{"name":"wp","href":"https:\/\/api.w.org\/{rel}","templated":true}]}}