{"id":14632,"date":"2025-06-04T16:09:23","date_gmt":"2025-06-04T20:09:23","guid":{"rendered":"https:\/\/agromt.news\/?p=14632"},"modified":"2025-06-04T16:09:23","modified_gmt":"2025-06-04T20:09:23","slug":"coca-cola-paralisa-operacao-por-suspeita-de-contaminacao-por-alcool-nas-bebidas","status":"publish","type":"post","link":"https:\/\/agromt.news\/?p=14632","title":{"rendered":"Coca-Cola paralisa opera\u00e7\u00e3o por suspeita de contamina\u00e7\u00e3o por \u00e1lcool nas bebidas"},"content":{"rendered":"<p> <br \/>\n<br \/><img decoding=\"async\" src=\"https:\/\/agromt.news\/wp-content\/uploads\/2025\/06\/Coca-Cola-paraliza-operacao-por-suspeita-de-contaminacao-por-alcool-nas.jpg\" \/><\/p>\n<div>\n<p>A produ\u00e7\u00e3o e o envase de uma f\u00e1brica de bebidas no Cear\u00e1 foram suspensas temporariamente pelo Minist\u00e9rio da Agricultura e Pecu\u00e1ria <strong><a href=\"https:\/\/www.canalrural.com.br\/tag\/mapa\/\">(Mapa)<\/a><\/strong> nessa ter\u00e7a-feira (3). <\/p>\n<p>A suspeita \u00e9 que um vazamento no sistema de resfriamento da linha de produ\u00e7\u00e3o tenha contaminado as bebidas da Solar, distribuidora da Coca-Cola, com etanol aliment\u00edcio. <\/p>\n<p>Em entrevista \u00e0 imprensa, o ministro da pasta, Carlos F\u00e1varo, ressaltou que, caso seja confirmada a contamina\u00e7\u00e3o, a ingest\u00e3o dos produtos n\u00e3o trazem riscos \u00e0 sa\u00fade. Assim, a paraliza\u00e7\u00e3o tem car\u00e1ter comercial, uma vez que refrigerantes n\u00e3o cont\u00eam \u00e1lcool.<\/p>\n<p>\u201cA empresa usa o etanol aliment\u00edcio e \u00e1gua no processo de resfriamento. Se tiver a presen\u00e7a de etanol aliment\u00edcio [no refrigerante] n\u00e3o pode comercializar. Mas, se por acaso algu\u00e9m consumir, n\u00e3o vai morrer\u201d, disse o ministro, que ainda completou, brincando: \u201cSe tiver etanol aliment\u00edcio, a\u00ed virou uma Cuba-libre.\u201d<\/p>\n<p>Em nota, o Mapa ressaltou que at\u00e9 o momento n\u00e3o h\u00e1 confirma\u00e7\u00e3o da mistura nas bebidas da Solar. Contudo, por precau\u00e7\u00e3o, aproximadamente 9 milh\u00f5es de litros aguardam an\u00e1lise laboratorial. \u201cA medida visa garantir que todos os itens estejam plenamente adequados para o consumo antes de serem comercializados\u201d, diz a nota.<\/p>\n<\/div>\n<div>\n<p>De acordo com o Mapa, a suspens\u00e3o das atividades ser\u00e1 mantida apenas at\u00e9 que a empresa conclua as corre\u00e7\u00f5es necess\u00e1rias, j\u00e1 em andamento, e comprove a elimina\u00e7\u00e3o de qualquer risco \u00e0 seguran\u00e7a do processo, o que pode ocorrer ainda nesta quarta-feira (4).<\/p>\n<p>Em nota \u00e0 imprensa, a Solar informou a que a pausa na produ\u00e7\u00e3o foi realizada preventivamente. \u201cEstamos conduzindo testes rigorosos para comprovar a total seguran\u00e7a de nossos produtos.\u201d <\/p>\n<p>A nota da companhia prossegue: \u201cA Solar segue rigorosos protocolos de controle sanit\u00e1rio e de qualidade, reafirmando seu compromisso com altos padr\u00f5es internacionais de produ\u00e7\u00e3o, seguran\u00e7a alimentar em todas as etapas. Reiteramos que nossos produtos s\u00e3o 100% seguros, sem qualquer risco para os consumidores\u201d, completa.<\/p>\n<\/p><\/div>\n<p><br \/>\n<br \/><a href=\"https:\/\/www.canalrural.com.br\/diversos\/coca-cola-paralisa-operacao-por-suspeita-de-contaminacao-por-alcool-nas-bebidas\/\">Source link <\/a><\/p>\n","protected":false},"excerpt":{"rendered":"<p>A produ\u00e7\u00e3o e o envase de uma f\u00e1brica de bebidas no Cear\u00e1 foram suspensas temporariamente pelo Minist\u00e9rio da Agricultura e<\/p>\n","protected":false},"author":1,"featured_media":14627,"comment_status":"open","ping_status":"open","sticky":false,"template":"","format":"standard","meta":{"_monsterinsights_skip_tracking":false,"_monsterinsights_sitenote_active":false,"_monsterinsights_sitenote_note":"","_monsterinsights_sitenote_category":0,"_uf_show_specific_survey":0,"_uf_disable_surveys":false,"footnotes":""},"categories":[1],"tags":[],"class_list":["post-14632","post","type-post","status-publish","format-standard","has-post-thumbnail","hentry","category-news"],"_links":{"self":[{"href":"https:\/\/agromt.news\/index.php?rest_route=\/wp\/v2\/posts\/14632"}],"collection":[{"href":"https:\/\/agromt.news\/index.php?rest_route=\/wp\/v2\/posts"}],"about":[{"href":"https:\/\/agromt.news\/index.php?rest_route=\/wp\/v2\/types\/post"}],"author":[{"embeddable":true,"href":"https:\/\/agromt.news\/index.php?rest_route=\/wp\/v2\/users\/1"}],"replies":[{"embeddable":true,"href":"https:\/\/agromt.news\/index.php?rest_route=%2Fwp%2Fv2%2Fcomments&post=14632"}],"version-history":[{"count":0,"href":"https:\/\/agromt.news\/index.php?rest_route=\/wp\/v2\/posts\/14632\/revisions"}],"wp:featuredmedia":[{"embeddable":true,"href":"https:\/\/agromt.news\/index.php?rest_route=\/wp\/v2\/media\/14627"}],"wp:attachment":[{"href":"https:\/\/agromt.news\/index.php?rest_route=%2Fwp%2Fv2%2Fmedia&parent=14632"}],"wp:term":[{"taxonomy":"category","embeddable":true,"href":"https:\/\/agromt.news\/index.php?rest_route=%2Fwp%2Fv2%2Fcategories&post=14632"},{"taxonomy":"post_tag","embeddable":true,"href":"https:\/\/agromt.news\/index.php?rest_route=%2Fwp%2Fv2%2Ftags&post=14632"}],"curies":[{"name":"wp","href":"https:\/\/api.w.org\/{rel}","templated":true}]}}