{"id":14631,"date":"2025-06-04T15:48:03","date_gmt":"2025-06-04T19:48:03","guid":{"rendered":"https:\/\/agromt.news\/?p=14631"},"modified":"2025-06-04T15:48:03","modified_gmt":"2025-06-04T19:48:03","slug":"sao-paulo-abre-edital-para-reforcar-combate-ao-greening","status":"publish","type":"post","link":"https:\/\/agromt.news\/?p=14631","title":{"rendered":"S\u00e3o Paulo abre edital para refor\u00e7ar combate ao greening"},"content":{"rendered":"<p> <br \/>\n<\/p>\n<div>\n<div class=\"row\">\n<div class=\"col-lg col-infos mt-0 mt-lg-0\">\n<div class=\"section-sub-title\">\n<p itemprop=\"description\">&#13;<br \/>\n                                Citricultura paulista ganha refor\u00e7o contra HLB&#13;\n                            <\/p>\n<\/p><\/div>\n<div class=\"container\">\n<div class=\"row\">\n<div class=\"col-lg p-0\">\n<div>\n<div class=\"block-news-main-infos mt-3 text-start\">\n<p>                                            <strong class=\"fn\" itemprop=\"author\" style=\"color: rgb(112, 112, 112); \">&#13;<br \/>\n                                                <a href=\"https:\/\/www.agrolink.com.br\/noticias\/javascript:;\" class=\"text-uppercase\" target=\"_blank\" style=\"color: rgb(112, 112, 112); \" rel=\"noopener\">Agrolink<\/a>&#13;<br \/>\n&#13;<br \/>\n                                                    &#8211; Seane Lennon&#13;<br \/>\n&#13;<br \/>\n                                            <\/strong><br \/>\n                                        <\/p>\n<p>                                            <abbr><time datetime=\"2025-06-04T15:37\" itemprop=\"datePublished dateModified\">Publicado em 04\/06\/2025 \u00e0s 15:37h.<\/time><\/abbr><br \/>\n                                            <\/p><\/div>\n<\/p><\/div>\n<\/p><\/div>\n<div class=\"col-lg p-0 text-lg-end\">\n<div>\n<div id=\"mdEnviarPagina\" class=\"modal fade\" role=\"dialog\">\n<div class=\"modal-dialog\">\n<div class=\"modal-content\">\n<div class=\"modal-body\">\n<p><strong>Estimado usu\u00e1rio.<\/strong><br \/>Preencha o formul\u00e1rio abaixo para remeter a p\u00e1gina.<\/p>\n<\/p><\/div>\n<\/p><\/div>\n<\/p><\/div>\n<\/div><\/div>\n<\/p><\/div>\n<\/p><\/div>\n<\/p><\/div>\n<\/p><\/div>\n<\/p><\/div>\n<div class=\"row justify-content-md-center mt-3\">\n<div class=\"col-lg-auto col-image block-news-main-image\">\n<p>                                <img decoding=\"async\" src=\"https:\/\/www.agrolink.com.br\/upload\/imagens-resizes\/da3045fa968a48ce969f87a369b5effa_858x483.jpg\" class=\"lazyload img-fluid\"\/><br \/>\n                                                <span class=\"publicity-photo d-block mt-1\">Foto: Seane Lennon<\/span><\/p><\/div>\n<\/p><\/div>\n<div class=\"section-description section-description-noticias mt-3\">\n<p style=\"text-align:justify\">Durante a abertura da 50\u00aa Expocitros, realizada nesta ter\u00e7a-feira (3) em Cordeir\u00f3polis (SP), o governo do Estado de S\u00e3o Paulo anunciou a abertura de edital p\u00fablico para contrata\u00e7\u00e3o de 28 profissionais que atuar\u00e3o no enfrentamento ao HLB, tamb\u00e9m conhecido como greening, doen\u00e7a que amea\u00e7a a produ\u00e7\u00e3o de citros em todo o mundo.&#13;\n<\/p>\n<p style=\"text-align:justify\">A contrata\u00e7\u00e3o ser\u00e1 feita por meio de termo de coopera\u00e7\u00e3o com uma Organiza\u00e7\u00e3o da Sociedade Civil (OSC), com validade de um ano e possibilidade de prorroga\u00e7\u00e3o. As equipes ser\u00e3o formadas por t\u00e9cnicos agropecu\u00e1rios, engenheiros agr\u00f4nomos e profissionais da \u00e1rea administrativa, que trabalhar\u00e3o em conjunto com servidores da Coordenadoria de Defesa Agropecu\u00e1ria (CDA).<\/p>\n<p style=\"text-align:justify\">\u201cEssa \u00e9 uma medida fundamental para a preserva\u00e7\u00e3o da cadeia da citricultura em nosso estado. Mais monitoramento \u00e9 sin\u00f4nimo de maior produtividade e seguran\u00e7a para os pomares paulistas. S\u00e3o Paulo concentra aproximadamente 80% da produ\u00e7\u00e3o nacional e gerou quase 50 mil empregos s\u00f3 em 2024\u201d, afirmou o secret\u00e1rio de Agricultura e Abastecimento, Guilherme Piai.&#13;\n<\/p>\n<p style=\"text-align:justify\">A CDA atua com a\u00e7\u00f5es de fiscaliza\u00e7\u00e3o, orienta\u00e7\u00e3o t\u00e9cnica e controle sanit\u00e1rio vegetal, sendo respons\u00e1vel pela linha de frente no combate ao greening e ao cancro c\u00edtrico. Em 2024, foram realizadas 1.743 fiscaliza\u00e7\u00f5es relacionadas ao HLB, com a retirada de mais de 4,5 milh\u00f5es de mudas. Al\u00e9m disso, 37 palestras educativas foram promovidas para o p\u00fablico externo, e a coordenadoria mant\u00e9m um canal aberto para den\u00fancias sobre pomares abandonados ou mal manejados.<\/p>\n<p style=\"text-align:justify\">No m\u00eas de maio, a Secretaria de Agricultura publicou duas resolu\u00e7\u00f5es para refor\u00e7ar as a\u00e7\u00f5es de combate ao greening. A Resolu\u00e7\u00e3o n\u00ba 23\/2025 pro\u00edbe o plantio e a manuten\u00e7\u00e3o de plantas hospedeiras da bact\u00e9ria em im\u00f3veis sob gest\u00e3o da pasta. J\u00e1 a Resolu\u00e7\u00e3o n\u00ba 24\/2025 pro\u00edbe a produ\u00e7\u00e3o, o plantio, o com\u00e9rcio e o transporte de mudas de murta, al\u00e9m do uso da planta em paisagismo urbano em todo o estado, excetuando-se casos cient\u00edficos devidamente cadastrados junto \u00e0 CDA.&#13;\n<\/p>\n<\/p><\/div>\n<\/p><\/div>\n<p><script data-cfasync=\"false\">\n    !function (f, b, e, v, n, t, s) {\n        if (f.fbq) return; n = f.fbq = function () {\n            n.callMethod ?\n                n.callMethod.apply(n, arguments) : n.queue.push(arguments)\n        };\n        if (!f._fbq) f._fbq = n; n.push = n; n.loaded = !0; n.version = '2.0';\n        n.queue = []; t = b.createElement(e); t.async = !0;\n        t.src = v; s = b.getElementsByTagName(e)[0];\n        s.parentNode.insertBefore(t, s)\n    }(window, document, 'script',\n        'https:\/\/connect.facebook.net\/en_US\/fbevents.js');\n    fbq('init', '522546078623747');\n    fbq('track', 'PageView');\n<\/script><br \/>\n<br \/><br \/>\n<br \/><a href=\"https:\/\/www.agrolink.com.br\/noticias\/sao-paulo-abre-edital-para-reforcar-combate-ao-greening_502618.html\">Source link <\/a><\/p>\n","protected":false},"excerpt":{"rendered":"<p>&#13; Citricultura paulista ganha refor\u00e7o contra HLB&#13; &#13; Agrolink&#13; &#13; &#8211; Seane Lennon&#13; &#13; Publicado em 04\/06\/2025 \u00e0s 15:37h. Estimado<\/p>\n","protected":false},"author":1,"featured_media":1222,"comment_status":"open","ping_status":"open","sticky":false,"template":"","format":"standard","meta":{"_monsterinsights_skip_tracking":false,"_monsterinsights_sitenote_active":false,"_monsterinsights_sitenote_note":"","_monsterinsights_sitenote_category":0,"_uf_show_specific_survey":0,"_uf_disable_surveys":false,"footnotes":""},"categories":[8,1,14],"tags":[],"class_list":["post-14631","post","type-post","status-publish","format-standard","has-post-thumbnail","hentry","category-agro","category-news","category-politica-agro"],"_links":{"self":[{"href":"https:\/\/agromt.news\/index.php?rest_route=\/wp\/v2\/posts\/14631"}],"collection":[{"href":"https:\/\/agromt.news\/index.php?rest_route=\/wp\/v2\/posts"}],"about":[{"href":"https:\/\/agromt.news\/index.php?rest_route=\/wp\/v2\/types\/post"}],"author":[{"embeddable":true,"href":"https:\/\/agromt.news\/index.php?rest_route=\/wp\/v2\/users\/1"}],"replies":[{"embeddable":true,"href":"https:\/\/agromt.news\/index.php?rest_route=%2Fwp%2Fv2%2Fcomments&post=14631"}],"version-history":[{"count":0,"href":"https:\/\/agromt.news\/index.php?rest_route=\/wp\/v2\/posts\/14631\/revisions"}],"wp:featuredmedia":[{"embeddable":true,"href":"https:\/\/agromt.news\/index.php?rest_route=\/wp\/v2\/media\/1222"}],"wp:attachment":[{"href":"https:\/\/agromt.news\/index.php?rest_route=%2Fwp%2Fv2%2Fmedia&parent=14631"}],"wp:term":[{"taxonomy":"category","embeddable":true,"href":"https:\/\/agromt.news\/index.php?rest_route=%2Fwp%2Fv2%2Fcategories&post=14631"},{"taxonomy":"post_tag","embeddable":true,"href":"https:\/\/agromt.news\/index.php?rest_route=%2Fwp%2Fv2%2Ftags&post=14631"}],"curies":[{"name":"wp","href":"https:\/\/api.w.org\/{rel}","templated":true}]}}