{"id":14628,"date":"2025-06-04T15:12:04","date_gmt":"2025-06-04T19:12:04","guid":{"rendered":"https:\/\/agromt.news\/?p=14628"},"modified":"2025-06-04T15:12:04","modified_gmt":"2025-06-04T19:12:04","slug":"acordo-mercosul-ue-deve-ser-finalizado-ate-marco-26-diz-favaro","status":"publish","type":"post","link":"https:\/\/agromt.news\/?p=14628","title":{"rendered":"Acordo Mercosul-UE deve ser finalizado at\u00e9 mar\u00e7o\/26, diz F\u00e1varo"},"content":{"rendered":"<p> <br \/>\n<br \/><img decoding=\"async\" src=\"https:\/\/agromt.news\/wp-content\/uploads\/2024\/10\/Industria-apoia-acordo-Mercosul-UE-que-favorecera-ambas-as-regioes-diz.jpg\" \/><\/p>\n<div>\n<p>O ministro da <strong><a href=\"http:\/\/www.canalrural.com.br\/tag\/ministerio-da-agricultura\/\">Agricultura<\/a><\/strong>, Carlos F\u00e1varo, afirmou nesta quarta-feira (4), em entrevista coletiva, que o acordo comercial entre Mercosul e Uni\u00e3o Europeia est\u00e1 avan\u00e7ando \u201ca passos largos\u201d e pode ser conclu\u00eddo at\u00e9 mar\u00e7o de 2026, ap\u00f3s a tramita\u00e7\u00e3o nos parlamentos dos pa\u00edses envolvidos. <\/p>\n<p>Segundo ele, o processo de formaliza\u00e7\u00e3o definitiva segue em curso com apoio do presidente da Rep\u00fablica, Luiz In\u00e1cio Lula da Silva. <\/p>\n<p>\u201cO acordo Mercosul-Uni\u00e3o Europeia est\u00e1 avan\u00e7ando pela dedica\u00e7\u00e3o do presidente Lula\u201d, afirmou F\u00e1varo, ao comentar o est\u00e1gio atual das tratativas. <\/p>\n<\/div>\n<div>\n<p>De acordo com o ministro, o texto est\u00e1 atualmente em fase de tradu\u00e7\u00e3o, o que deve ocorrer at\u00e9 julho. \u201cO rito para formaliza\u00e7\u00e3o definitiva caminha a passos largos\u201d, refor\u00e7ou. <\/p>\n<p>F\u00e1varo destacou que, ap\u00f3s a tradu\u00e7\u00e3o, o documento vai para an\u00e1lise e aprova\u00e7\u00e3o dos parlamentos dos pa\u00edses do bloco sul-americano e europeu. <\/p>\n<p>\u201cA expectativa \u00e9 finalizar o acordo at\u00e9 mar\u00e7o de 2026\u201d, disse o ministro. Ele voltou a afirmar que o tratado \u00e9 uma oportunidade para ampliar mercados para o agroneg\u00f3cio brasileiro, especialmente em um momento em que o pa\u00eds busca diversificar destinos e fortalecer sua presen\u00e7a internacional.<\/p>\n<\/p><\/div>\n<p><br \/>\n<br \/><a href=\"https:\/\/www.canalrural.com.br\/economia\/acordo-mercosul-ue-deve-ser-finalizado-ate-marco-26-diz-favaro\/\">Source link <\/a><\/p>\n","protected":false},"excerpt":{"rendered":"<p>O ministro da Agricultura, Carlos F\u00e1varo, afirmou nesta quarta-feira (4), em entrevista coletiva, que o acordo comercial entre Mercosul e<\/p>\n","protected":false},"author":1,"featured_media":3109,"comment_status":"open","ping_status":"open","sticky":false,"template":"","format":"standard","meta":{"_monsterinsights_skip_tracking":false,"_monsterinsights_sitenote_active":false,"_monsterinsights_sitenote_note":"","_monsterinsights_sitenote_category":0,"_uf_show_specific_survey":0,"_uf_disable_surveys":false,"footnotes":""},"categories":[1],"tags":[],"class_list":["post-14628","post","type-post","status-publish","format-standard","has-post-thumbnail","hentry","category-news"],"_links":{"self":[{"href":"https:\/\/agromt.news\/index.php?rest_route=\/wp\/v2\/posts\/14628"}],"collection":[{"href":"https:\/\/agromt.news\/index.php?rest_route=\/wp\/v2\/posts"}],"about":[{"href":"https:\/\/agromt.news\/index.php?rest_route=\/wp\/v2\/types\/post"}],"author":[{"embeddable":true,"href":"https:\/\/agromt.news\/index.php?rest_route=\/wp\/v2\/users\/1"}],"replies":[{"embeddable":true,"href":"https:\/\/agromt.news\/index.php?rest_route=%2Fwp%2Fv2%2Fcomments&post=14628"}],"version-history":[{"count":0,"href":"https:\/\/agromt.news\/index.php?rest_route=\/wp\/v2\/posts\/14628\/revisions"}],"wp:featuredmedia":[{"embeddable":true,"href":"https:\/\/agromt.news\/index.php?rest_route=\/wp\/v2\/media\/3109"}],"wp:attachment":[{"href":"https:\/\/agromt.news\/index.php?rest_route=%2Fwp%2Fv2%2Fmedia&parent=14628"}],"wp:term":[{"taxonomy":"category","embeddable":true,"href":"https:\/\/agromt.news\/index.php?rest_route=%2Fwp%2Fv2%2Fcategories&post=14628"},{"taxonomy":"post_tag","embeddable":true,"href":"https:\/\/agromt.news\/index.php?rest_route=%2Fwp%2Fv2%2Ftags&post=14628"}],"curies":[{"name":"wp","href":"https:\/\/api.w.org\/{rel}","templated":true}]}}