{"id":14620,"date":"2025-06-04T10:51:51","date_gmt":"2025-06-04T14:51:51","guid":{"rendered":"https:\/\/agromt.news\/?p=14620"},"modified":"2025-06-04T10:51:51","modified_gmt":"2025-06-04T14:51:51","slug":"governo-do-df-confirma-caso-no-zoologico-de-brasilia","status":"publish","type":"post","link":"https:\/\/agromt.news\/?p=14620","title":{"rendered":"governo do DF confirma caso no Zool\u00f3gico de Bras\u00edlia"},"content":{"rendered":"<p> <br \/>\n<br \/><img decoding=\"async\" src=\"https:\/\/agromt.news\/wp-content\/uploads\/2025\/06\/governo-do-DF-confirma-caso-no-Zoologico-de-Brasilia.jpeg\" \/><\/p>\n<div>\n<p>O governo do Distrito Federal informou nesta ter\u00e7a-feira (3) que foi detectado um caso de <strong><a href=\"http:\/\/www.canalrural.com.br\/tag\/gripe-aviaria\/\">gripe avi\u00e1ria<\/a><\/strong> de alta patogenicidade (IAAP) no Zool\u00f3gico de Bras\u00edlia. As amostras foram coletadas no dia 28 de maio, ap\u00f3s a notifica\u00e7\u00e3o de que duas aves haviam morrido no local.<\/p>\n<p>Um pombo e um irer\u00ea foram encontrados mortos nas depend\u00eancias do zool\u00f3gico. De acordo com o governo do DF, essas aves eram de vida livre, ou seja, n\u00e3o faziam parte do plantel do zoo, mas circulavam pelo local em raz\u00e3o da oferta natural de abrigo, \u00e1gua e alimento. Com a confirma\u00e7\u00e3o do foco, o zool\u00f3gico, que estava fechado temporariamente, permanecer\u00e1 interditado pelo menos at\u00e9 o dia 12, caso n\u00e3o ocorram novos casos no local. <\/p>\n<\/div>\n<div>\n<p>Ap\u00f3s o fechamento do espa\u00e7o, no \u00faltimo dia 28 de maio, a Secretaria de Agricultura do DF delimitou um raio de tr\u00eas quil\u00f4metros ao redor do zool\u00f3gico e realizou visitas a todas as propriedades rurais com cria\u00e7\u00e3o de animais. <\/p>\n<p>Equipes t\u00e9cnicas verificaram a sa\u00fade das aves e orientaram os produtores sobre sinais cl\u00ednicos compat\u00edveis com doen\u00e7as avi\u00e1rias, refor\u00e7ando a necessidade de notifica\u00e7\u00e3o imediata diante de qualquer suspeita. <\/p>\n<p>No m\u00eas passado, a gripe avi\u00e1ria foi identificada em uma granja comercial no Brasil. O caso foi registrado em Montenegro (RS) e levou diversos pa\u00edses a suspender a importa\u00e7\u00e3o de carne de frango produzida no Brasil.<\/p>\n<\/p><\/div>\n<p><br \/>\n<br \/><a href=\"https:\/\/www.canalrural.com.br\/aves-e-suinos\/gripe-aviaria-governo-do-df-confirma-caso-no-zoologico-de-brasilia\/\">Source link <\/a><\/p>\n","protected":false},"excerpt":{"rendered":"<p>O governo do Distrito Federal informou nesta ter\u00e7a-feira (3) que foi detectado um caso de gripe avi\u00e1ria de alta patogenicidade<\/p>\n","protected":false},"author":1,"featured_media":14621,"comment_status":"open","ping_status":"open","sticky":false,"template":"","format":"standard","meta":{"_monsterinsights_skip_tracking":false,"_monsterinsights_sitenote_active":false,"_monsterinsights_sitenote_note":"","_monsterinsights_sitenote_category":0,"_uf_show_specific_survey":0,"_uf_disable_surveys":false,"footnotes":""},"categories":[1],"tags":[],"class_list":["post-14620","post","type-post","status-publish","format-standard","has-post-thumbnail","hentry","category-news"],"_links":{"self":[{"href":"https:\/\/agromt.news\/index.php?rest_route=\/wp\/v2\/posts\/14620"}],"collection":[{"href":"https:\/\/agromt.news\/index.php?rest_route=\/wp\/v2\/posts"}],"about":[{"href":"https:\/\/agromt.news\/index.php?rest_route=\/wp\/v2\/types\/post"}],"author":[{"embeddable":true,"href":"https:\/\/agromt.news\/index.php?rest_route=\/wp\/v2\/users\/1"}],"replies":[{"embeddable":true,"href":"https:\/\/agromt.news\/index.php?rest_route=%2Fwp%2Fv2%2Fcomments&post=14620"}],"version-history":[{"count":0,"href":"https:\/\/agromt.news\/index.php?rest_route=\/wp\/v2\/posts\/14620\/revisions"}],"wp:featuredmedia":[{"embeddable":true,"href":"https:\/\/agromt.news\/index.php?rest_route=\/wp\/v2\/media\/14621"}],"wp:attachment":[{"href":"https:\/\/agromt.news\/index.php?rest_route=%2Fwp%2Fv2%2Fmedia&parent=14620"}],"wp:term":[{"taxonomy":"category","embeddable":true,"href":"https:\/\/agromt.news\/index.php?rest_route=%2Fwp%2Fv2%2Fcategories&post=14620"},{"taxonomy":"post_tag","embeddable":true,"href":"https:\/\/agromt.news\/index.php?rest_route=%2Fwp%2Fv2%2Ftags&post=14620"}],"curies":[{"name":"wp","href":"https:\/\/api.w.org\/{rel}","templated":true}]}}