{"id":1462,"date":"2024-09-12T10:31:48","date_gmt":"2024-09-12T14:31:48","guid":{"rendered":"https:\/\/agromt.news\/?p=1462"},"modified":"2024-09-12T10:31:48","modified_gmt":"2024-09-12T14:31:48","slug":"favaro-pede-suspensao-da-lei-antidesmatamento-em-carta-entregue-a-uniao-europeia","status":"publish","type":"post","link":"https:\/\/agromt.news\/?p=1462","title":{"rendered":"F\u00e1varo pede suspens\u00e3o da Lei Antidesmatamento em carta entregue \u00e0 Uni\u00e3o Europeia"},"content":{"rendered":"<p> <br \/>\n<br \/><img decoding=\"async\" src=\"https:\/\/agromt.news\/wp-content\/uploads\/2024\/09\/Favaro-pede-suspensao-da-Lei-Antidesmatamento-em-carta-entregue-a.jpg\" \/><\/p>\n<div>\n<p>Quatro reuni\u00f5es bilaterais ocorreram nesta quarta-feira (11), durante o segundo dia de debates t\u00e9cnicos do Grupo de Trabalho do G20 Agro, em <strong>Mato Grosso<\/strong>. Os encontros foram com representantes das delega\u00e7\u00f5es da China, Espanha, Alemanha e Uni\u00e3o Europeia, para a qual o ministro da Agricultura e Pecu\u00e1ria, <strong><a href=\"https:\/\/www.canalrural.com.br\/tag\/carlos-favaro\/\">Carlos F\u00e1varo<\/a><\/strong>, entregou uma carta solicitando a suspens\u00e3o da Lei Antidesmatamento e a revis\u00e3o da abordagem punitiva aos produtores que cumprem a legisla\u00e7\u00e3o vigente.<\/p>\n<p><em>Confira na palma da m\u00e3o informa\u00e7\u00f5es quentes sobre agricultura, pecu\u00e1ria, economia e previs\u00e3o do tempo:<\/em><a href=\"https:\/\/www.whatsapp.com\/channel\/0029Va9VnZxGk1FplZjiW43k\"><em> <\/em><strong>siga o Canal Rural no WhatsApp<\/strong><\/a>!<\/p>\n<p>As reuni\u00f5es do Grupo de Trabalho da Agricultura do G20 est\u00e3o sendo realizadas nesta semana em Chapada dos Guimar\u00e3es, localizada a cerca de 90 quil\u00f4metros de Cuiab\u00e1, capital de Mato Grosso.<\/p>\n<\/div>\n<div>\n<p>Est\u00e3o presentes no local ministros da Agricultura dos 20 pa\u00edses que integram o grupo, al\u00e9m da rec\u00e9m-integrada Uni\u00e3o Africana, bem como representantes de delega\u00e7\u00f5es e organismos internacionais convidados.<\/p>\n<p>O foco principal do G20 Agro \u00e9 a sustentabilidade na produ\u00e7\u00e3o agropecu\u00e1ria e o combate \u00e0 fome.<\/p>\n<p>A carta entregue \u00e0 Uni\u00e3o Europeia foi dirigida ao comiss\u00e1rio europeu para Agricultura e Desenvolvimento Rural, Janusz Wojciechowski, e simultaneamente \u00e0s autoridades competentes em Bruxelas.<\/p>\n<p>Durante a reuni\u00e3o bilateral com a Uni\u00e3o Europeia, o ministro Carlos F\u00e1varo lembrou que o Brasil possui uma das legisla\u00e7\u00f5es de prote\u00e7\u00e3o ambiental mais rigorosas do mundo, o C\u00f3digo Florestal, em vigor desde 2012. Ele tamb\u00e9m destacou a institui\u00e7\u00e3o, em dezembro de 2023, do Programa Nacional de Convers\u00e3o de Pastagens Degradadas em Sistemas de Produ\u00e7\u00e3o Agropecu\u00e1rios e Florestais Sustent\u00e1veis (PNCPD).<\/p>\n<p>F\u00e1varo ressaltou que as mudan\u00e7as clim\u00e1ticas est\u00e3o avan\u00e7ando mais rapidamente do que o previsto e que \u201c<em>precisamos mudar a nossa forma de produzir<\/em>\u201c.<\/p>\n<p>Segundo o ministro, o Brasil conta atualmente com cerca de 40 milh\u00f5es de hectares de pastagens degradadas com potencial para a agricultura, o que pode permitir ao pa\u00eds dobrar sua produ\u00e7\u00e3o de alimentos nos pr\u00f3ximos 10 anos por meio do Programa de Convers\u00e3o de Pastagens Degradadas. Isso possibilitaria, inclusive, o cumprimento do \u201c<em>compromisso de desmatamento zero at\u00e9 2030<\/em>\u201c.<\/p>\n<p>\u201c<em>Mas precisamos da ajuda da Uni\u00e3o Europeia para dar continuidade a este programa<\/em>\u201c, afirmou Carlos F\u00e1varo aos representantes da delega\u00e7\u00e3o.<\/p>\n<p>A partir do final de 2024, de acordo com proposta da Uni\u00e3o Europeia, os produtores de soja, carne (e couro), madeira, borracha, caf\u00e9, cacau e \u00f3leo de palma precisar\u00e3o comprovar que suas produ\u00e7\u00f5es cumprem a legisla\u00e7\u00e3o brasileira e que n\u00e3o s\u00e3o oriundas de \u00e1reas com desmatamento, seja ele legal ou ilegal, para continuarem exportando para os pa\u00edses do bloco.<\/p>\n<h3 class=\"wp-block-heading\" id=\"h-tecnologia-agricola-e-pauta-de-reuniao-com-a-china\">Tecnologia agr\u00edcola \u00e9 pauta de reuni\u00e3o com a China<\/h3>\n<p>Principal cliente da produ\u00e7\u00e3o agropecu\u00e1ria brasileira, especialmente de Mato Grosso, a China se destaca entre as pot\u00eancias pela inova\u00e7\u00e3o tecnol\u00f3gica. Em uma reuni\u00e3o bilateral com o vice-ministro de Agricultura e Assuntos Rurais da China, Ma Youxiang, nesta quarta-feira (11), foram discutidos temas de coopera\u00e7\u00e3o t\u00e9cnica e comercial agr\u00edcola entre os dois pa\u00edses.<\/p>\n<p>Para o ministro Carlos F\u00e1varo, a gigante asi\u00e1tica \u201c<em>\u00e9 um grande exemplo de desenvolvimento econ\u00f4mico<\/em>\u201c.<\/p>\n<p>Durante o encontro com a delega\u00e7\u00e3o, que participa da reuni\u00e3o ministerial do G20 Agro, que ocorre entre os dias 12 e 13 de setembro, F\u00e1varo destacou, frente \u00e0s pol\u00edticas de biosseguran\u00e7a do Brasil, a import\u00e2ncia de os dois pa\u00edses trabalharem em \u201csincronia\u201d com as tecnologias desenvolvidas por ambos, o que proporcionar\u00e1 um aumento da produtividade e, consequentemente, mais produtos para comercializa\u00e7\u00e3o.<\/p>\n<\/div>\n<p><br \/>\n<br \/><a href=\"https:\/\/www.canalrural.com.br\/agricultura\/favaro-pede-suspensao-da-lei-antidesmatamento-em-carta-entregue-a-uniao-europeia\/\">Source link <\/a><\/p>\n","protected":false},"excerpt":{"rendered":"<p>Quatro reuni\u00f5es bilaterais ocorreram nesta quarta-feira (11), durante o segundo dia de debates t\u00e9cnicos do Grupo de Trabalho do G20<\/p>\n","protected":false},"author":1,"featured_media":1463,"comment_status":"open","ping_status":"open","sticky":false,"template":"","format":"standard","meta":{"_monsterinsights_skip_tracking":false,"_monsterinsights_sitenote_active":false,"_monsterinsights_sitenote_note":"","_monsterinsights_sitenote_category":0,"_uf_show_specific_survey":0,"_uf_disable_surveys":false,"footnotes":""},"categories":[1],"tags":[],"class_list":["post-1462","post","type-post","status-publish","format-standard","has-post-thumbnail","hentry","category-news"],"_links":{"self":[{"href":"https:\/\/agromt.news\/index.php?rest_route=\/wp\/v2\/posts\/1462"}],"collection":[{"href":"https:\/\/agromt.news\/index.php?rest_route=\/wp\/v2\/posts"}],"about":[{"href":"https:\/\/agromt.news\/index.php?rest_route=\/wp\/v2\/types\/post"}],"author":[{"embeddable":true,"href":"https:\/\/agromt.news\/index.php?rest_route=\/wp\/v2\/users\/1"}],"replies":[{"embeddable":true,"href":"https:\/\/agromt.news\/index.php?rest_route=%2Fwp%2Fv2%2Fcomments&post=1462"}],"version-history":[{"count":0,"href":"https:\/\/agromt.news\/index.php?rest_route=\/wp\/v2\/posts\/1462\/revisions"}],"wp:featuredmedia":[{"embeddable":true,"href":"https:\/\/agromt.news\/index.php?rest_route=\/wp\/v2\/media\/1463"}],"wp:attachment":[{"href":"https:\/\/agromt.news\/index.php?rest_route=%2Fwp%2Fv2%2Fmedia&parent=1462"}],"wp:term":[{"taxonomy":"category","embeddable":true,"href":"https:\/\/agromt.news\/index.php?rest_route=%2Fwp%2Fv2%2Fcategories&post=1462"},{"taxonomy":"post_tag","embeddable":true,"href":"https:\/\/agromt.news\/index.php?rest_route=%2Fwp%2Fv2%2Ftags&post=1462"}],"curies":[{"name":"wp","href":"https:\/\/api.w.org\/{rel}","templated":true}]}}