{"id":14617,"date":"2025-06-04T10:22:14","date_gmt":"2025-06-04T14:22:14","guid":{"rendered":"https:\/\/agromt.news\/?p=14617"},"modified":"2025-06-04T10:22:14","modified_gmt":"2025-06-04T14:22:14","slug":"cafe-sofre-retracao-nos-precos-com-o-avanco-da-colheita","status":"publish","type":"post","link":"https:\/\/agromt.news\/?p=14617","title":{"rendered":"Caf\u00e9 sofre retra\u00e7\u00e3o nos pre\u00e7os com o avan\u00e7o da colheita"},"content":{"rendered":"<p> <br \/>\n<br \/><img decoding=\"async\" src=\"https:\/\/agromt.news\/wp-content\/uploads\/2025\/06\/Cafe-sofre-retracao-nos-precos-com-o-avanco-da-colheita.jpeg\" \/><\/p>\n<div>\n<p>Os pre\u00e7os do caf\u00e9 ca\u00edram com certa for\u00e7a em maio, sobretudo na \u00faltima semana do m\u00eas. <\/p>\n<p>Segundo levantamento do <a href=\"https:\/\/www.canalrural.com.br\/tag\/cepea\/\">Centro de Estudos em Economia Aplicada (Cepea)<\/a>, a press\u00e3o esteve atrelada \u00e0 colheita brasileira da safra 2025\/26. <\/p>\n<p>As atividades envolvendo o ar\u00e1bica come\u00e7aram a ganhar ritmo em maio e as do robusta se intensificaram ao longo do m\u00eas.\u00a0<\/p>\n<p>O indicador Cepea\/Esalq para o caf\u00e9\u00a0 ar\u00e1bica do tipo 6, bebida dura para melhor, posto na capital paulista, operou na m\u00e9dia de R$ 2.484,29 por saca de 60 kg em maio. Assim o recuo foi de 1,6% frente ao m\u00eas de abril, sendo a menor m\u00e9dia desde janeiro de 2025.\u00a0<\/p>\n<\/div>\n<div>\n<p>A queda no acumulado do m\u00eas foi de 10,71%. Os valores do robusta recuaram em maior intensidade que os do ar\u00e1bica, frente ao avan\u00e7o da colheita da primeira variedade, de acordo com os dados do Cepea. Al\u00e9m disso, a expectativa de uma safra maior de robusta refor\u00e7a o movimento de desvaloriza\u00e7\u00e3o.\u00a0<\/p>\n<p>Em maio, o indicador Cepea\/Esalq do robusta tipo 6, peneira 13 acima, a retirar no Esp\u00edrito Santo, operou na m\u00e9dia de R$ 1.394,45 a saca de 60 kg, sendo 7,1% inferior ao m\u00eas de abril. No acumulado do m\u00eas, a retra\u00e7\u00e3o foi de significativos 18%.<\/p>\n<p><em>*Sob supervis\u00e3o de Luis Roberto Toledo<\/em><\/p>\n<\/p><\/div>\n<p><br \/>\n<br \/><a href=\"https:\/\/www.canalrural.com.br\/agricultura\/cafe-sofre-retracao-nos-precos-com-o-avanco-da-colheita\/\">Source link <\/a><\/p>\n","protected":false},"excerpt":{"rendered":"<p>Os pre\u00e7os do caf\u00e9 ca\u00edram com certa for\u00e7a em maio, sobretudo na \u00faltima semana do m\u00eas. Segundo levantamento do Centro<\/p>\n","protected":false},"author":1,"featured_media":14618,"comment_status":"open","ping_status":"open","sticky":false,"template":"","format":"standard","meta":{"_monsterinsights_skip_tracking":false,"_monsterinsights_sitenote_active":false,"_monsterinsights_sitenote_note":"","_monsterinsights_sitenote_category":0,"_uf_show_specific_survey":0,"_uf_disable_surveys":false,"footnotes":""},"categories":[1],"tags":[],"class_list":["post-14617","post","type-post","status-publish","format-standard","has-post-thumbnail","hentry","category-news"],"_links":{"self":[{"href":"https:\/\/agromt.news\/index.php?rest_route=\/wp\/v2\/posts\/14617"}],"collection":[{"href":"https:\/\/agromt.news\/index.php?rest_route=\/wp\/v2\/posts"}],"about":[{"href":"https:\/\/agromt.news\/index.php?rest_route=\/wp\/v2\/types\/post"}],"author":[{"embeddable":true,"href":"https:\/\/agromt.news\/index.php?rest_route=\/wp\/v2\/users\/1"}],"replies":[{"embeddable":true,"href":"https:\/\/agromt.news\/index.php?rest_route=%2Fwp%2Fv2%2Fcomments&post=14617"}],"version-history":[{"count":0,"href":"https:\/\/agromt.news\/index.php?rest_route=\/wp\/v2\/posts\/14617\/revisions"}],"wp:featuredmedia":[{"embeddable":true,"href":"https:\/\/agromt.news\/index.php?rest_route=\/wp\/v2\/media\/14618"}],"wp:attachment":[{"href":"https:\/\/agromt.news\/index.php?rest_route=%2Fwp%2Fv2%2Fmedia&parent=14617"}],"wp:term":[{"taxonomy":"category","embeddable":true,"href":"https:\/\/agromt.news\/index.php?rest_route=%2Fwp%2Fv2%2Fcategories&post=14617"},{"taxonomy":"post_tag","embeddable":true,"href":"https:\/\/agromt.news\/index.php?rest_route=%2Fwp%2Fv2%2Ftags&post=14617"}],"curies":[{"name":"wp","href":"https:\/\/api.w.org\/{rel}","templated":true}]}}