{"id":14614,"date":"2025-06-04T09:35:55","date_gmt":"2025-06-04T13:35:55","guid":{"rendered":"https:\/\/agromt.news\/?p=14614"},"modified":"2025-06-04T09:35:55","modified_gmt":"2025-06-04T13:35:55","slug":"obras-de-reforma-e-ampliacao-do-aeroporto-de-barreiras-sao-autorizadas","status":"publish","type":"post","link":"https:\/\/agromt.news\/?p=14614","title":{"rendered":"Obras de reforma e amplia\u00e7\u00e3o do Aeroporto de Barreiras s\u00e3o autorizadas"},"content":{"rendered":"<p> <br \/>\n<\/p>\n<div>\n<p>Com a participa\u00e7\u00e3o da sociedade civil e autoridades, as <strong>obras de reforma e amplia\u00e7\u00e3o do Aeroporto Regional de Barreiras<\/strong>, no Oeste da Bahia, foram autorizadas durante encontro realizado na sede do Servi\u00e7o Brasileiro de Apoio \u00e0s Micro e Pequenas Empresas (Sebrae) do munic\u00edpio, nesta ter\u00e7a-feira (3).<\/p>\n<p>Foram assinadas ordens de servi\u00e7o para obras que totalizam um investimento de <strong>R$ 63,4 milh\u00f5es<\/strong>. Aguardada h\u00e1 mais de 20 anos pela popula\u00e7\u00e3o, sobretudo pelos produtores rurais, o prazo para conclus\u00e3o \u00e9 de 330 dias.<\/p>\n<p>Participaram do an\u00fancio o governador da Bahia Jer\u00f4nimo Rodrigues, a secret\u00e1ria nacional de Avia\u00e7\u00e3o Civil, Thairyne Oliveira, o superintendente de infraestrutura de transportes, Saulo Pontes, lideran\u00e7as pol\u00edticas e do movimento \u201cDecola Oeste\u201d, al\u00e9m de empres\u00e1rios e representantes da sociedade civil.<\/p>\n<figure class=\"wp-block-image size-large\"><img fetchpriority=\"high\" decoding=\"async\" width=\"1024\" height=\"682\" alt=\"Obras de reforma e amplia\u00e7\u00e3o do Aeroporto de Barreiras s\u00e3o autorizadas\" class=\"wp-image-4103755\"  data-lazy- src=\"https:\/\/agromt.news\/wp-content\/uploads\/2025\/06\/Obras-de-reforma-e-ampliacao-do-Aeroporto-de-Barreiras-sao.jpeg\"\/><img decoding=\"async\" width=\"1024\" height=\"682\" src=\"https:\/\/agromt.news\/wp-content\/uploads\/2025\/06\/Obras-de-reforma-e-ampliacao-do-Aeroporto-de-Barreiras-sao.jpeg\" alt=\"Obras de reforma e amplia\u00e7\u00e3o do Aeroporto de Barreiras s\u00e3o autorizadas\" class=\"wp-image-4103755\"  \/><figcaption class=\"wp-element-caption\">Foto: Jo\u00e1 Souza\/GOVBA<\/figcaption><\/figure>\n<p>A Secretaria de Infraestrutura (Seinfra), por meio do Minist\u00e9rio de Portos e Aeroportos (MPOR), foi autorizada a dar in\u00edcio \u00e0s obras de reforma e amplia\u00e7\u00e3o da Pista de Pouso e Decolagem (PPD) do Aeroporto Dom Ricardo Weberberger, reforma e adequa\u00e7\u00e3o da taxiway, constru\u00e7\u00e3o do novo p\u00e1tio de aeronaves e execu\u00e7\u00e3o de servi\u00e7os complementares, como drenagem e infraestrutura para balizamento noturno e aux\u00edlios \u00e0 navega\u00e7\u00e3o. O investimento nesta etapa, de acordo com o governo, \u00e9 de mais de <strong>R$ 44 milh\u00f5es<\/strong>.<\/p>\n<p>Tamb\u00e9m foi autorizada pelo governador a constru\u00e7\u00e3o do novo Terminal de Passageiros (TPS) do Aeroporto Regional de Barreiras. A obra, que ser\u00e1 executada com recursos do Governo do Estado, tem investimento estimado em <strong>R$ 19,4 milh\u00f5es<\/strong>. As interven\u00e7\u00f5es visam modernizar a estrutura aeroportu\u00e1ria da regi\u00e3o, promovendo mais conforto, seguran\u00e7a e efici\u00eancia para os usu\u00e1rios.<\/p>\n<p>\u201cUma obra do governo federal em parceria com o Governo do Estado, uma obra do Programa de Acelera\u00e7\u00e3o e Crescimento (PAC), e a\u00ed uma parceria entre os entes federativos, entre o governo federal e o governo estadual. \u00c9 uma obra que a regi\u00e3o j\u00e1 clamava h\u00e1 muito tempo. Esse projeto come\u00e7ou a ser gestado em 2016, ent\u00e3o a gente est\u00e1 falando de nove anos a\u00ed para desenvolver projetos etc. Mas, hoje foi um dia fundamental aqui, com a parceria com o governador Jer\u00f4nimo, com o prefeito, e conseguimos assinar a ordem de servi\u00e7o que d\u00e1 in\u00edcio \u00e0 implanta\u00e7\u00e3o desse novo aeroporto\u201d, explicou Thairyne Oliveira.<\/p>\n<p>\u201cO investimento n\u00e3o s\u00f3 ir\u00e1 desenvolver o turismo de neg\u00f3cios para uma regi\u00e3o t\u00e3o promissora como a regi\u00e3o do Oeste, como tamb\u00e9m facilitar que os moradores daqui possam entrar na escala e na conex\u00e3o dos voos nacionais, com a amplia\u00e7\u00e3o da pista\u201d, pontuou o superintendente de infraestrutura de transportes, Saulo Pontes.<\/p>\n<\/div>\n<div>\n<figure class=\"wp-block-image size-large\"><img decoding=\"async\" width=\"1024\" height=\"682\" alt=\"autoriza\u00e7\u00e3o de obras do aeroporto regional de barreiras, no oeste da bahia\" class=\"wp-image-4103754\"  data-lazy- src=\"https:\/\/agromt.news\/wp-content\/uploads\/2025\/06\/1749044155_869_Obras-de-reforma-e-ampliacao-do-Aeroporto-de-Barreiras-sao.jpeg\"\/><img loading=\"lazy\" decoding=\"async\" width=\"1024\" height=\"682\" src=\"https:\/\/agromt.news\/wp-content\/uploads\/2025\/06\/1749044155_869_Obras-de-reforma-e-ampliacao-do-Aeroporto-de-Barreiras-sao.jpeg\" alt=\"autoriza\u00e7\u00e3o de obras do aeroporto regional de barreiras, no oeste da bahia\" class=\"wp-image-4103754\"  \/><figcaption class=\"wp-element-caption\">Foto: Jo\u00e1 Souza\/GOVBA<\/figcaption><\/figure>\n<p>\u201cO Oeste baiano tem um papel estrat\u00e9gico no desenvolvimento do nosso estado, e Barreiras \u00e9 uma cidade-polo que precisa estar cada vez mais conectada com o Brasil e o mundo. Essas obras no aeroporto s\u00e3o fundamentais para impulsionar a economia local, atrair novos investimentos e melhorar a vida de quem vive aqui. Estamos fazendo entregas concretas, com planejamento e di\u00e1logo com a popula\u00e7\u00e3o\u201d, afirmou o governador Jer\u00f4nimo Rodrigues. <\/p>\n<p>De acordo com o governo do estado, o munic\u00edpio de Barreiras j\u00e1 recebeu entre 2023 e 2025 investimentos da ordem de <strong>R$ 500 milh\u00f5es<\/strong> entre obras das \u00e1reas da educa\u00e7\u00e3o, sa\u00fade, saneamento b\u00e1sico, seguran\u00e7a, infraestrutura, entre outras.<\/p>\n<p>Ainda em Barreiras, a Seinfra foi autorizada a celebrar com o Cons\u00f3rcio P\u00fablico Intermunicipal de Munic\u00edpios do Oeste da Bahia (CONSID) conv\u00eanio para elabora\u00e7\u00e3o de projeto e acordo consorcial para pavimenta\u00e7\u00e3o na BA-827, no acesso ao povoado de Cantinho, uma extens\u00e3o de 4,10 km.<\/p>\n<p>Texto com informa\u00e7\u00f5es do rep\u00f3rter Joci Santana. <\/p>\n<hr class=\"wp-block-separator has-alpha-channel-opacity\"\/>\n<p><em>Voc\u00ea tamb\u00e9m pode participar deixando uma sugest\u00e3o de pauta. Siga o\u00a0<a href=\"https:\/\/www.instagram.com\/canalruralbahia\/\">Canal Rural Bahia no Instagram<\/a>\u00a0e nos envie uma mensagem<\/em>.<\/p>\n<\/p><\/div>\n<p><script async src=\"\/\/www.instagram.com\/embed.js\"><\/script><br \/>\n<br \/><br \/>\n<br \/><a href=\"https:\/\/www.canalrural.com.br\/nacional\/bahia\/obras-de-reforma-e-ampliacao-do-aeroporto-de-barreiras-sao-autorizadas\/\">Source link <\/a><\/p>\n","protected":false},"excerpt":{"rendered":"<p>Com a participa\u00e7\u00e3o da sociedade civil e autoridades, as obras de reforma e amplia\u00e7\u00e3o do Aeroporto Regional de Barreiras, no<\/p>\n","protected":false},"author":1,"featured_media":14615,"comment_status":"open","ping_status":"open","sticky":false,"template":"","format":"standard","meta":{"_monsterinsights_skip_tracking":false,"_monsterinsights_sitenote_active":false,"_monsterinsights_sitenote_note":"","_monsterinsights_sitenote_category":0,"_uf_show_specific_survey":0,"_uf_disable_surveys":false,"footnotes":""},"categories":[1],"tags":[],"class_list":["post-14614","post","type-post","status-publish","format-standard","has-post-thumbnail","hentry","category-news"],"_links":{"self":[{"href":"https:\/\/agromt.news\/index.php?rest_route=\/wp\/v2\/posts\/14614"}],"collection":[{"href":"https:\/\/agromt.news\/index.php?rest_route=\/wp\/v2\/posts"}],"about":[{"href":"https:\/\/agromt.news\/index.php?rest_route=\/wp\/v2\/types\/post"}],"author":[{"embeddable":true,"href":"https:\/\/agromt.news\/index.php?rest_route=\/wp\/v2\/users\/1"}],"replies":[{"embeddable":true,"href":"https:\/\/agromt.news\/index.php?rest_route=%2Fwp%2Fv2%2Fcomments&post=14614"}],"version-history":[{"count":0,"href":"https:\/\/agromt.news\/index.php?rest_route=\/wp\/v2\/posts\/14614\/revisions"}],"wp:featuredmedia":[{"embeddable":true,"href":"https:\/\/agromt.news\/index.php?rest_route=\/wp\/v2\/media\/14615"}],"wp:attachment":[{"href":"https:\/\/agromt.news\/index.php?rest_route=%2Fwp%2Fv2%2Fmedia&parent=14614"}],"wp:term":[{"taxonomy":"category","embeddable":true,"href":"https:\/\/agromt.news\/index.php?rest_route=%2Fwp%2Fv2%2Fcategories&post=14614"},{"taxonomy":"post_tag","embeddable":true,"href":"https:\/\/agromt.news\/index.php?rest_route=%2Fwp%2Fv2%2Ftags&post=14614"}],"curies":[{"name":"wp","href":"https:\/\/api.w.org\/{rel}","templated":true}]}}