{"id":14609,"date":"2025-06-04T08:00:08","date_gmt":"2025-06-04T12:00:08","guid":{"rendered":"https:\/\/agromt.news\/?p=14609"},"modified":"2025-06-04T08:00:08","modified_gmt":"2025-06-04T12:00:08","slug":"camara-aprova-aumento-de-penas-para-crimes-ambientais","status":"publish","type":"post","link":"https:\/\/agromt.news\/?p=14609","title":{"rendered":"C\u00e2mara aprova aumento de penas para crimes ambientais"},"content":{"rendered":"<p> <br \/>\n<\/p>\n<div>\n<div class=\"row\">\n<div class=\"col-lg col-infos mt-0 mt-lg-0\">\n<div class=\"section-sub-title\">\n<p itemprop=\"description\">&#13;<br \/>\n                                Os agricultores est\u00e3o mais protegidos &#13;\n                            <\/p>\n<\/p><\/div>\n<div class=\"container\">\n<div class=\"row\">\n<div class=\"col-lg p-0\">\n<div>\n<div class=\"block-news-main-infos mt-3 text-start\">\n<p>                                            <strong class=\"fn\" itemprop=\"author\" style=\"color: rgb(112, 112, 112); \">&#13;<br \/>\n                                                <a href=\"https:\/\/www.agrolink.com.br\/noticias\/javascript:;\" class=\"text-uppercase\" target=\"_blank\" style=\"color: rgb(112, 112, 112); \" rel=\"noopener\">Agrolink<\/a>&#13;<br \/>\n&#13;<br \/>\n                                                    &#8211; Leonardo Gottems&#13;<br \/>\n&#13;<br \/>\n                                            <\/strong><br \/>\n                                        <\/p>\n<p>                                            <abbr><time datetime=\"2025-06-03T17:26\" itemprop=\"datePublished dateModified\">Publicado em 03\/06\/2025 \u00e0s 17:26h.<\/time><\/abbr><br \/>\n                                            <\/p><\/div>\n<\/p><\/div>\n<\/p><\/div>\n<div class=\"col-lg p-0 text-lg-end\">\n<div>\n<div id=\"mdEnviarPagina\" class=\"modal fade\" role=\"dialog\">\n<div class=\"modal-dialog\">\n<div class=\"modal-content\">\n<div class=\"modal-body\">\n<p><strong>Estimado usu\u00e1rio.<\/strong><br \/>Preencha o formul\u00e1rio abaixo para remeter a p\u00e1gina.<\/p>\n<\/p><\/div>\n<\/p><\/div>\n<\/p><\/div>\n<\/div><\/div>\n<\/p><\/div>\n<\/p><\/div>\n<\/p><\/div>\n<\/p><\/div>\n<\/p><\/div>\n<div class=\"row justify-content-md-center mt-3\">\n<div class=\"col-lg-auto col-image block-news-main-image\">\n<p>                                <img decoding=\"async\" src=\"https:\/\/www.agrolink.com.br\/upload\/imagens-resizes\/fe224adefde44950adff3d4bc1a2c04f_858x483.jpg\" class=\"lazyload img-fluid\" alt=\"Os agricultores est\u00e3o mais protegidos \"\/><br \/>\n                                                <span class=\"d-block mt-1\">Os agricultores est\u00e3o mais protegidos  &#8211; Foto: Agencia Brasil<\/span><\/p><\/div>\n<\/p><\/div>\n<div class=\"section-description section-description-noticias mt-3\">\n<p>O Plen\u00e1rio da C\u00e2mara dos Deputados aprovou, nesta segunda-feira (2), o Projeto de Lei n\u00ba 3.339\/2024, que altera a Lei de Crimes Ambientais (Lei n\u00ba 9.605\/1998). A proposta endurece a puni\u00e7\u00e3o para crimes como inc\u00eandio em florestas e polui\u00e7\u00e3o, al\u00e9m de incluir novas circunst\u00e2ncias agravantes, como atos que dificultem a presta\u00e7\u00e3o de servi\u00e7os p\u00fablicos ou praticados em concurso de pessoas.&#13;\n<\/p>\n<p>O texto tamb\u00e9m prev\u00ea que condenados pelo uso irregular do fogo, em terras p\u00fablicas ou privadas, fiquem proibidos, por cinco anos, de firmar contratos com o poder p\u00fablico ou receber recursos p\u00fablicos. A medida busca coibir pr\u00e1ticas criminosas que geram grandes preju\u00edzos ambientais e econ\u00f4micos.<\/p>\n<p>A Frente Parlamentar da Agropecu\u00e1ria (FPA) acompanhou de perto a tramita\u00e7\u00e3o da proposta e defendeu altera\u00e7\u00f5es para garantir seguran\u00e7a jur\u00eddica ao setor. Segundo Lupion, ap\u00f3s diversas rodadas de negocia\u00e7\u00e3o, o relat\u00f3rio final acolheu os principais pontos defendidos pela bancada.\u00a0&#13;\n<\/p>\n<p>\u201cO texto inicial do relator era mais abrangente e gerava inseguran\u00e7a jur\u00eddica ao permitir a penaliza\u00e7\u00e3o de produtores que, muitas vezes, s\u00e3o v\u00edtimas dos inc\u00eandios e n\u00e3o seus causadores. Por isso, a FPA fechou quest\u00e3o em torno da necessidade de o projeto tratar exclusivamente de inc\u00eandios criminosos, com garantias legais claras. O produtor rural n\u00e3o \u00e9 o causador dos inc\u00eandios, ele \u00e9 v\u00edtima e, cada vez mais, parte essencial da solu\u00e7\u00e3o. Punir os respons\u00e1veis \u00e9 um passo importante para evitar que trag\u00e9dias como as da \u00faltima seca se repitam\u201d, destacou Lupion. O projeto segue agora para an\u00e1lise do Senado Federal.<br \/>&#13;<br \/>\n\u00a0<\/p>\n<\/p><\/div>\n<\/p><\/div>\n<p><script data-cfasync=\"false\">\n    !function (f, b, e, v, n, t, s) {\n        if (f.fbq) return; n = f.fbq = function () {\n            n.callMethod ?\n                n.callMethod.apply(n, arguments) : n.queue.push(arguments)\n        };\n        if (!f._fbq) f._fbq = n; n.push = n; n.loaded = !0; n.version = '2.0';\n        n.queue = []; t = b.createElement(e); t.async = !0;\n        t.src = v; s = b.getElementsByTagName(e)[0];\n        s.parentNode.insertBefore(t, s)\n    }(window, document, 'script',\n        'https:\/\/connect.facebook.net\/en_US\/fbevents.js');\n    fbq('init', '522546078623747');\n    fbq('track', 'PageView');\n<\/script><br \/>\n<br \/><br \/>\n<br \/><a href=\"https:\/\/www.agrolink.com.br\/noticias\/camara-aprova-aumento-de-penas-para-crimes-ambientais_502579.html\">Source link <\/a><\/p>\n","protected":false},"excerpt":{"rendered":"<p>&#13; Os agricultores est\u00e3o mais protegidos &#13; &#13; Agrolink&#13; &#13; &#8211; Leonardo Gottems&#13; &#13; Publicado em 03\/06\/2025 \u00e0s 17:26h. Estimado<\/p>\n","protected":false},"author":1,"featured_media":1505,"comment_status":"open","ping_status":"open","sticky":false,"template":"","format":"standard","meta":{"_monsterinsights_skip_tracking":false,"_monsterinsights_sitenote_active":false,"_monsterinsights_sitenote_note":"","_monsterinsights_sitenote_category":0,"_uf_show_specific_survey":0,"_uf_disable_surveys":false,"footnotes":""},"categories":[8,1,14],"tags":[],"class_list":["post-14609","post","type-post","status-publish","format-standard","has-post-thumbnail","hentry","category-agro","category-news","category-politica-agro"],"_links":{"self":[{"href":"https:\/\/agromt.news\/index.php?rest_route=\/wp\/v2\/posts\/14609"}],"collection":[{"href":"https:\/\/agromt.news\/index.php?rest_route=\/wp\/v2\/posts"}],"about":[{"href":"https:\/\/agromt.news\/index.php?rest_route=\/wp\/v2\/types\/post"}],"author":[{"embeddable":true,"href":"https:\/\/agromt.news\/index.php?rest_route=\/wp\/v2\/users\/1"}],"replies":[{"embeddable":true,"href":"https:\/\/agromt.news\/index.php?rest_route=%2Fwp%2Fv2%2Fcomments&post=14609"}],"version-history":[{"count":0,"href":"https:\/\/agromt.news\/index.php?rest_route=\/wp\/v2\/posts\/14609\/revisions"}],"wp:featuredmedia":[{"embeddable":true,"href":"https:\/\/agromt.news\/index.php?rest_route=\/wp\/v2\/media\/1505"}],"wp:attachment":[{"href":"https:\/\/agromt.news\/index.php?rest_route=%2Fwp%2Fv2%2Fmedia&parent=14609"}],"wp:term":[{"taxonomy":"category","embeddable":true,"href":"https:\/\/agromt.news\/index.php?rest_route=%2Fwp%2Fv2%2Fcategories&post=14609"},{"taxonomy":"post_tag","embeddable":true,"href":"https:\/\/agromt.news\/index.php?rest_route=%2Fwp%2Fv2%2Ftags&post=14609"}],"curies":[{"name":"wp","href":"https:\/\/api.w.org\/{rel}","templated":true}]}}