{"id":14604,"date":"2025-06-04T02:10:41","date_gmt":"2025-06-04T06:10:41","guid":{"rendered":"https:\/\/agromt.news\/?p=14604"},"modified":"2025-06-04T02:10:41","modified_gmt":"2025-06-04T06:10:41","slug":"alta-nos-precos-do-boi-gordo-marca-inicio-do-mes-em-sao-paulo","status":"publish","type":"post","link":"https:\/\/agromt.news\/?p=14604","title":{"rendered":"Alta nos pre\u00e7os do boi gordo marca in\u00edcio do m\u00eas em S\u00e3o Paulo"},"content":{"rendered":"<p> <br \/>\n<\/p>\n<div>\n<div class=\"row\">\n<div class=\"col-lg col-infos mt-0 mt-lg-0\">\n<div class=\"section-sub-title\">\n<p itemprop=\"description\">&#13;<br \/>\n                                SP registra valoriza\u00e7\u00e3o no mercado do boi&#13;\n                            <\/p>\n<\/p><\/div>\n<div class=\"container\">\n<div class=\"row\">\n<div class=\"col-lg p-0\">\n<div>\n<div class=\"block-news-main-infos mt-3 text-start\">\n<p>                                            <strong class=\"fn\" itemprop=\"author\" style=\"color: rgb(112, 112, 112); \">&#13;<br \/>\n                                                <a href=\"https:\/\/www.agrolink.com.br\/noticias\/javascript:;\" class=\"text-uppercase\" target=\"_blank\" style=\"color: rgb(112, 112, 112); \" rel=\"noopener\">Agrolink<\/a>&#13;<br \/>\n&#13;<br \/>\n                                                    &#8211; Seane Lennon&#13;<br \/>\n&#13;<br \/>\n                                            <\/strong><br \/>\n                                        <\/p>\n<p>                                            <abbr><time datetime=\"2025-06-03T18:38\" itemprop=\"datePublished dateModified\">Publicado em 03\/06\/2025 \u00e0s 18:38h.<\/time><\/abbr><br \/>\n                                            <\/p><\/div>\n<\/p><\/div>\n<\/p><\/div>\n<div class=\"col-lg p-0 text-lg-end\">\n<div>\n<div id=\"mdEnviarPagina\" class=\"modal fade\" role=\"dialog\">\n<div class=\"modal-dialog\">\n<div class=\"modal-content\">\n<div class=\"modal-body\">\n<p><strong>Estimado usu\u00e1rio.<\/strong><br \/>Preencha o formul\u00e1rio abaixo para remeter a p\u00e1gina.<\/p>\n<\/p><\/div>\n<\/p><\/div>\n<\/p><\/div>\n<\/div><\/div>\n<\/p><\/div>\n<\/p><\/div>\n<\/p><\/div>\n<\/p><\/div>\n<\/p><\/div>\n<div class=\"row justify-content-md-center mt-3\">\n<div class=\"col-lg-auto col-image block-news-main-image\">\n<p>                                <img decoding=\"async\" src=\"https:\/\/www.agrolink.com.br\/upload\/imagens-resizes\/f9942bb4bb3b4c24816159276285d792_858x483.jpg\" class=\"lazyload img-fluid\"\/><br \/>\n                                                <span class=\"publicity-photo d-block mt-1\">Foto: Divulga\u00e7\u00e3o<\/span><\/p><\/div>\n<\/p><\/div>\n<div class=\"section-description section-description-noticias mt-3\">\n<p style=\"text-align:justify\">A redu\u00e7\u00e3o na oferta de gado e a melhora no escoamento da carne bovina resultaram em aumento nos pre\u00e7os do boi gordo em S\u00e3o Paulo. Segundo o informativo Tem Boi na Linha, da Scot Consultoria, o avan\u00e7o foi de R$ 3,00 por arroba tanto para o animal comum quanto para o \u201cboi China\u201d. No caso das f\u00eameas, a valoriza\u00e7\u00e3o registrada foi de R$ 2,00 por arroba.&#13;\n<\/p>\n<p style=\"text-align:justify\">\u201cA melhora na movimenta\u00e7\u00e3o de mercado ocorre com o in\u00edcio do m\u00eas, o que estimulou novos neg\u00f3cios\u201d, informou a Scot Consultoria. As escalas de abate em S\u00e3o Paulo permanecem, em m\u00e9dia, em seis dias.<\/p>\n<p style=\"text-align:justify\">Em Mato Grosso, o mercado apresentou estabilidade na maioria das regi\u00f5es. A oferta de gado bovino foi menor, mas suficiente para atender \u00e0 demanda dos frigor\u00edficos, especialmente nas regi\u00f5es de Cuiab\u00e1, Sudoeste e Sudeste. Na regi\u00e3o Norte do estado, no entanto, houve eleva\u00e7\u00e3o de R$ 2,00 por arroba na cota\u00e7\u00e3o do boi gordo. J\u00e1 os pre\u00e7os da vaca e da novilha seguiram sem altera\u00e7\u00f5es.&#13;\n<\/p>\n<p style=\"text-align:justify\">A consultoria indicou que nas demais regi\u00f5es mato-grossenses n\u00e3o foram observadas mudan\u00e7as nas cota\u00e7\u00f5es para nenhuma das categorias.<\/p>\n<\/p><\/div>\n<\/p><\/div>\n<p><script data-cfasync=\"false\">\n    !function (f, b, e, v, n, t, s) {\n        if (f.fbq) return; n = f.fbq = function () {\n            n.callMethod ?\n                n.callMethod.apply(n, arguments) : n.queue.push(arguments)\n        };\n        if (!f._fbq) f._fbq = n; n.push = n; n.loaded = !0; n.version = '2.0';\n        n.queue = []; t = b.createElement(e); t.async = !0;\n        t.src = v; s = b.getElementsByTagName(e)[0];\n        s.parentNode.insertBefore(t, s)\n    }(window, document, 'script',\n        'https:\/\/connect.facebook.net\/en_US\/fbevents.js');\n    fbq('init', '522546078623747');\n    fbq('track', 'PageView');\n<\/script><br \/>\n<br \/><br \/>\n<br \/><a href=\"https:\/\/www.agrolink.com.br\/noticias\/alta-nos-precos-do-boi-gordo-marca-inicio-do-mes-em-sao-paulo_502582.html\">Source link <\/a><\/p>\n","protected":false},"excerpt":{"rendered":"<p>&#13; SP registra valoriza\u00e7\u00e3o no mercado do boi&#13; &#13; Agrolink&#13; &#13; &#8211; Seane Lennon&#13; &#13; Publicado em 03\/06\/2025 \u00e0s 18:38h.<\/p>\n","protected":false},"author":1,"featured_media":5028,"comment_status":"open","ping_status":"open","sticky":false,"template":"","format":"standard","meta":{"_monsterinsights_skip_tracking":false,"_monsterinsights_sitenote_active":false,"_monsterinsights_sitenote_note":"","_monsterinsights_sitenote_category":0,"_uf_show_specific_survey":0,"_uf_disable_surveys":false,"footnotes":""},"categories":[8,1,14],"tags":[],"class_list":["post-14604","post","type-post","status-publish","format-standard","has-post-thumbnail","hentry","category-agro","category-news","category-politica-agro"],"_links":{"self":[{"href":"https:\/\/agromt.news\/index.php?rest_route=\/wp\/v2\/posts\/14604"}],"collection":[{"href":"https:\/\/agromt.news\/index.php?rest_route=\/wp\/v2\/posts"}],"about":[{"href":"https:\/\/agromt.news\/index.php?rest_route=\/wp\/v2\/types\/post"}],"author":[{"embeddable":true,"href":"https:\/\/agromt.news\/index.php?rest_route=\/wp\/v2\/users\/1"}],"replies":[{"embeddable":true,"href":"https:\/\/agromt.news\/index.php?rest_route=%2Fwp%2Fv2%2Fcomments&post=14604"}],"version-history":[{"count":0,"href":"https:\/\/agromt.news\/index.php?rest_route=\/wp\/v2\/posts\/14604\/revisions"}],"wp:featuredmedia":[{"embeddable":true,"href":"https:\/\/agromt.news\/index.php?rest_route=\/wp\/v2\/media\/5028"}],"wp:attachment":[{"href":"https:\/\/agromt.news\/index.php?rest_route=%2Fwp%2Fv2%2Fmedia&parent=14604"}],"wp:term":[{"taxonomy":"category","embeddable":true,"href":"https:\/\/agromt.news\/index.php?rest_route=%2Fwp%2Fv2%2Fcategories&post=14604"},{"taxonomy":"post_tag","embeddable":true,"href":"https:\/\/agromt.news\/index.php?rest_route=%2Fwp%2Fv2%2Ftags&post=14604"}],"curies":[{"name":"wp","href":"https:\/\/api.w.org\/{rel}","templated":true}]}}