{"id":14602,"date":"2025-06-03T22:18:03","date_gmt":"2025-06-04T02:18:03","guid":{"rendered":"https:\/\/agromt.news\/?p=14602"},"modified":"2025-06-03T22:18:03","modified_gmt":"2025-06-04T02:18:03","slug":"combate-a-antracnose-exige-manejo-e-prevencao","status":"publish","type":"post","link":"https:\/\/agromt.news\/?p=14602","title":{"rendered":"combate \u00e0 antracnose exige manejo e preven\u00e7\u00e3o"},"content":{"rendered":"<p> <br \/>\n<\/p>\n<div>\n<div class=\"row\">\n<div class=\"col-lg col-infos mt-0 mt-lg-0\">\n<div class=\"section-sub-title\">\n<p itemprop=\"description\">&#13;<br \/>\n                                Doen\u00e7a do feij\u00e3o pode causar perdas totais na lavoura&#13;\n                            <\/p>\n<\/p><\/div>\n<div class=\"container\">\n<div class=\"row\">\n<div class=\"col-lg p-0\">\n<div>\n<div class=\"block-news-main-infos mt-3 text-start\">\n<p>                                            <strong class=\"fn\" itemprop=\"author\" style=\"color: rgb(112, 112, 112); \">&#13;<br \/>\n                                                <a href=\"https:\/\/www.agrolink.com.br\/noticias\/javascript:;\" class=\"text-uppercase\" target=\"_blank\" style=\"color: rgb(112, 112, 112); \" rel=\"noopener\">Agrolink<\/a>&#13;<br \/>\n&#13;<br \/>\n                                                    &#8211; Seane Lennon&#13;<br \/>\n&#13;<br \/>\n                                            <\/strong><br \/>\n                                        <\/p>\n<p>                                            <abbr><time datetime=\"2025-06-03T18:55\" itemprop=\"datePublished dateModified\">Publicado em 03\/06\/2025 \u00e0s 18:55h.<\/time><\/abbr><br \/>\n                                            <\/p><\/div>\n<\/p><\/div>\n<\/p><\/div>\n<div class=\"col-lg p-0 text-lg-end\">\n<div>\n<div id=\"mdEnviarPagina\" class=\"modal fade\" role=\"dialog\">\n<div class=\"modal-dialog\">\n<div class=\"modal-content\">\n<div class=\"modal-body\">\n<p><strong>Estimado usu\u00e1rio.<\/strong><br \/>Preencha o formul\u00e1rio abaixo para remeter a p\u00e1gina.<\/p>\n<\/p><\/div>\n<\/p><\/div>\n<\/p><\/div>\n<\/div><\/div>\n<\/p><\/div>\n<\/p><\/div>\n<\/p><\/div>\n<\/p><\/div>\n<\/p><\/div>\n<div class=\"row justify-content-md-center mt-3\">\n<div class=\"col-lg-auto col-image block-news-main-image\">\n<p>                                <img decoding=\"async\" src=\"https:\/\/www.agrolink.com.br\/upload\/imagens-resizes\/f7187c72a4414e689a9d0aa886396269_858x483.jpg\" class=\"lazyload img-fluid\"\/><br \/>\n                                                <span class=\"publicity-photo d-block mt-1\">Foto: Pixabay<\/span><\/p><\/div>\n<\/p><\/div>\n<div class=\"section-description section-description-noticias mt-3\">\n<p style=\"text-align:justify\">A antracnose, causada pelo fungo Colletotrichum lindemuthianum, representa uma das principais amea\u00e7as \u00e0 cultura do <a href=\"https:\/\/www.agrolink.com.br\/culturas\/feijao\/?utm_source=agrolink-detalhe-noticia&amp;utm_medium=detalhe-noticia&amp;utm_campaign=links-internos\" target=\"_blank\" rel=\"noopener\">feij\u00e3o<\/a>, especialmente em \u00e1reas de clima \u00famido e temperaturas moderadas. A informa\u00e7\u00e3o foi publicada pela engenheira agr\u00f4noma Gressa Chinelato no Blog da Aegro, em alerta sobre os impactos da doen\u00e7a.&#13;\n<\/p>\n<p style=\"text-align:justify\">Segundo Chinelato, em cultivares suscet\u00edveis, os danos podem alcan\u00e7ar 100%, comprometendo severamente a produtividade e a qualidade dos gr\u00e3os. \u201cA necrose nas nervuras \u00e9 um sintoma bastante caracter\u00edstico da doen\u00e7a\u201d, afirma. A especialista tamb\u00e9m destaca a ocorr\u00eancia de les\u00f5es na parte inferior das folhas, com colora\u00e7\u00e3o que varia do vermelho ao marrom, al\u00e9m de manchas circulares e deprimidas nas vagens, com bordas escuras. Quando os gr\u00e3os s\u00e3o atingidos, h\u00e1 risco de desvaloriza\u00e7\u00e3o comercial.&#13;\n<\/p>\n<p style=\"text-align:justify\">O fungo respons\u00e1vel pode permanecer vi\u00e1vel em sementes, restos culturais e em plantas hospedeiras alternativas, favorecendo a recorr\u00eancia da doen\u00e7a em ciclos seguintes. Diante disso, pr\u00e1ticas de manejo s\u00e3o fundamentais para reduzir a incid\u00eancia.<\/p>\n<p style=\"text-align:justify\">Entre as estrat\u00e9gias indicadas est\u00e3o o uso de sementes certificadas, a rota\u00e7\u00e3o de culturas com esp\u00e9cies n\u00e3o hospedeiras, como gram\u00edneas, e a elimina\u00e7\u00e3o de restos da lavoura anterior. A engenheira tamb\u00e9m destaca a import\u00e2ncia do uso de variedades resistentes e do controle qu\u00edmico, realizado com fungicidas apropriados.&#13;\n<\/p>\n<\/p><\/div>\n<\/p><\/div>\n<p><script data-cfasync=\"false\">\n    !function (f, b, e, v, n, t, s) {\n        if (f.fbq) return; n = f.fbq = function () {\n            n.callMethod ?\n                n.callMethod.apply(n, arguments) : n.queue.push(arguments)\n        };\n        if (!f._fbq) f._fbq = n; n.push = n; n.loaded = !0; n.version = '2.0';\n        n.queue = []; t = b.createElement(e); t.async = !0;\n        t.src = v; s = b.getElementsByTagName(e)[0];\n        s.parentNode.insertBefore(t, s)\n    }(window, document, 'script',\n        'https:\/\/connect.facebook.net\/en_US\/fbevents.js');\n    fbq('init', '522546078623747');\n    fbq('track', 'PageView');\n<\/script><br \/>\n<br \/><br \/>\n<br \/><a href=\"https:\/\/www.agrolink.com.br\/noticias\/feijao--combate-a-antracnose-exige-manejo-e-prevencao_502585.html\">Source link <\/a><\/p>\n","protected":false},"excerpt":{"rendered":"<p>&#13; Doen\u00e7a do feij\u00e3o pode causar perdas totais na lavoura&#13; &#13; Agrolink&#13; &#13; &#8211; Seane Lennon&#13; &#13; Publicado em 03\/06\/2025<\/p>\n","protected":false},"author":1,"featured_media":2355,"comment_status":"open","ping_status":"open","sticky":false,"template":"","format":"standard","meta":{"_monsterinsights_skip_tracking":false,"_monsterinsights_sitenote_active":false,"_monsterinsights_sitenote_note":"","_monsterinsights_sitenote_category":0,"_uf_show_specific_survey":0,"_uf_disable_surveys":false,"footnotes":""},"categories":[8,1,14],"tags":[],"class_list":["post-14602","post","type-post","status-publish","format-standard","has-post-thumbnail","hentry","category-agro","category-news","category-politica-agro"],"_links":{"self":[{"href":"https:\/\/agromt.news\/index.php?rest_route=\/wp\/v2\/posts\/14602"}],"collection":[{"href":"https:\/\/agromt.news\/index.php?rest_route=\/wp\/v2\/posts"}],"about":[{"href":"https:\/\/agromt.news\/index.php?rest_route=\/wp\/v2\/types\/post"}],"author":[{"embeddable":true,"href":"https:\/\/agromt.news\/index.php?rest_route=\/wp\/v2\/users\/1"}],"replies":[{"embeddable":true,"href":"https:\/\/agromt.news\/index.php?rest_route=%2Fwp%2Fv2%2Fcomments&post=14602"}],"version-history":[{"count":0,"href":"https:\/\/agromt.news\/index.php?rest_route=\/wp\/v2\/posts\/14602\/revisions"}],"wp:featuredmedia":[{"embeddable":true,"href":"https:\/\/agromt.news\/index.php?rest_route=\/wp\/v2\/media\/2355"}],"wp:attachment":[{"href":"https:\/\/agromt.news\/index.php?rest_route=%2Fwp%2Fv2%2Fmedia&parent=14602"}],"wp:term":[{"taxonomy":"category","embeddable":true,"href":"https:\/\/agromt.news\/index.php?rest_route=%2Fwp%2Fv2%2Fcategories&post=14602"},{"taxonomy":"post_tag","embeddable":true,"href":"https:\/\/agromt.news\/index.php?rest_route=%2Fwp%2Fv2%2Ftags&post=14602"}],"curies":[{"name":"wp","href":"https:\/\/api.w.org\/{rel}","templated":true}]}}