{"id":14601,"date":"2025-06-03T20:21:48","date_gmt":"2025-06-04T00:21:48","guid":{"rendered":"https:\/\/agromt.news\/?p=14601"},"modified":"2025-06-03T20:21:48","modified_gmt":"2025-06-04T00:21:48","slug":"chuvas-reduzem-forragem-e-afetam-bovinos","status":"publish","type":"post","link":"https:\/\/agromt.news\/?p=14601","title":{"rendered":"Chuvas reduzem forragem e afetam bovinos"},"content":{"rendered":"<p> <br \/>\n<\/p>\n<div>\n<p style=\"text-align:justify\">As varia\u00e7\u00f5es de temperatura e o aumento das chuvas v\u00eam impactando o estado corporal do rebanho bovino de corte mantido em campos nativos no Rio Grande do Sul. A informa\u00e7\u00e3o consta no Informativo Conjuntural divulgado pela Emater\/RS-Ascar nesta quinta-feira (29). De acordo com o boletim, o efeito clim\u00e1tico reduziu a disponibilidade e a qualidade das forrageiras, embora \u00e1reas com <a href=\"https:\/\/www.agrolink.com.br\/culturas\/pastagens?utm_source=agrolink-detalhe-noticia&amp;utm_medium=detalhe-noticia&amp;utm_campaign=links-internos\" target=\"_blank\" rel=\"noopener\">pastagens<\/a> cultivadas de <a href=\"https:\/\/www.agrolink.com.br\/culturas\/aveia?utm_source=agrolink-detalhe-noticia&amp;utm_medium=detalhe-noticia&amp;utm_campaign=links-internos\" target=\"_blank\" rel=\"noopener\">aveia<\/a> e azev\u00e9m apresentem condi\u00e7\u00f5es adequadas de uso.&#13;\n<\/p>\n<p style=\"text-align:justify\">Na regi\u00e3o administrativa de Bag\u00e9, animais que estavam em \u00e1reas de restevas de arroz foram transferidos para pastagens devido aos alagamentos e \u00e0 forma\u00e7\u00e3o das primeiras geadas. Segundo o informativo, tamb\u00e9m h\u00e1 expectativa de frio mais intenso para os pr\u00f3ximos dias.<\/p>\n<p style=\"text-align:justify\">Em Caxias do Sul, a sanidade dos bovinos est\u00e1 sob controle, com \u00eanfase nas a\u00e7\u00f5es de manejo contra carrapatos, bernes e mi\u00edases. O in\u00edcio do frio tamb\u00e9m contribuiu para a redu\u00e7\u00e3o da popula\u00e7\u00e3o de moscas nas propriedades da regi\u00e3o.<\/p>\n<p style=\"text-align:justify\">Em Erechim, o estado nutricional dos rebanhos permanece satisfat\u00f3rio, apesar da menor oferta de pastagens e campos nativos. &#8220;Algumas propriedades est\u00e3o realizando suplementa\u00e7\u00e3o com silagem e ra\u00e7\u00e3o para compensar a queda na qualidade e quantidade do pasto&#8221;, informa a Emater.&#13;\n<\/p>\n<p style=\"text-align:justify\">A regional de Frederico Westphalen reportou estabilidade no mercado, mas com expectativa de valoriza\u00e7\u00e3o dos animais de melhor qualidade nos pr\u00f3ximos per\u00edodos. Em Passo Fundo, o controle de carrapatos, bernes, bicheiras e moscas-do-chifre est\u00e1 na fase final, enquanto o crescimento das pastagens nativas j\u00e1 apresenta desacelera\u00e7\u00e3o por causa da esta\u00e7\u00e3o.<\/p>\n<p style=\"text-align:justify\">Na regi\u00e3o de Pelotas, produtores iniciaram a aquisi\u00e7\u00e3o de animais para ocupar \u00e1reas anteriormente utilizadas com lavouras. No sistema de cria, seguem as atividades de desmame e diagn\u00f3stico de gesta\u00e7\u00e3o das matrizes.<\/p>\n<p style=\"text-align:justify\">J\u00e1 em Porto Alegre, produtores relatam dificuldades no controle de carrapatos. Em Santa Maria, a suplementa\u00e7\u00e3o alimentar com silagem de milho est\u00e1 sendo adotada por diversos pecuaristas. \u201cPermanecem os relatos de incid\u00eancia de carrapatos em algumas propriedades da regi\u00e3o\u201d, aponta o boletim.&#13;\n<\/p>\n<p style=\"text-align:justify\">Em Soledade, a infesta\u00e7\u00e3o por carrapatos continua elevada, mesmo com o uso de t\u00e9cnicas como pastejo rotacionado e controle qu\u00edmico.<\/p>\n<\/p><\/div>\n<p><script data-cfasync=\"false\">\n    !function (f, b, e, v, n, t, s) {\n        if (f.fbq) return; n = f.fbq = function () {\n            n.callMethod ?\n                n.callMethod.apply(n, arguments) : n.queue.push(arguments)\n        };\n        if (!f._fbq) f._fbq = n; n.push = n; n.loaded = !0; n.version = '2.0';\n        n.queue = []; t = b.createElement(e); t.async = !0;\n        t.src = v; s = b.getElementsByTagName(e)[0];\n        s.parentNode.insertBefore(t, s)\n    }(window, document, 'script',\n        'https:\/\/connect.facebook.net\/en_US\/fbevents.js');\n    fbq('init', '522546078623747');\n    fbq('track', 'PageView');\n<\/script><br \/>\n<br \/><br \/>\n<br \/><a href=\"https:\/\/www.agrolink.com.br\/noticias\/chuvas-reduzem-forragem-e-afetam-bovinos_502586.html\">Source link <\/a><\/p>\n","protected":false},"excerpt":{"rendered":"<p>As varia\u00e7\u00f5es de temperatura e o aumento das chuvas v\u00eam impactando o estado corporal do rebanho bovino de corte mantido<\/p>\n","protected":false},"author":1,"featured_media":2005,"comment_status":"open","ping_status":"open","sticky":false,"template":"","format":"standard","meta":{"_monsterinsights_skip_tracking":false,"_monsterinsights_sitenote_active":false,"_monsterinsights_sitenote_note":"","_monsterinsights_sitenote_category":0,"_uf_show_specific_survey":0,"_uf_disable_surveys":false,"footnotes":""},"categories":[8,1,14],"tags":[],"class_list":["post-14601","post","type-post","status-publish","format-standard","has-post-thumbnail","hentry","category-agro","category-news","category-politica-agro"],"_links":{"self":[{"href":"https:\/\/agromt.news\/index.php?rest_route=\/wp\/v2\/posts\/14601"}],"collection":[{"href":"https:\/\/agromt.news\/index.php?rest_route=\/wp\/v2\/posts"}],"about":[{"href":"https:\/\/agromt.news\/index.php?rest_route=\/wp\/v2\/types\/post"}],"author":[{"embeddable":true,"href":"https:\/\/agromt.news\/index.php?rest_route=\/wp\/v2\/users\/1"}],"replies":[{"embeddable":true,"href":"https:\/\/agromt.news\/index.php?rest_route=%2Fwp%2Fv2%2Fcomments&post=14601"}],"version-history":[{"count":0,"href":"https:\/\/agromt.news\/index.php?rest_route=\/wp\/v2\/posts\/14601\/revisions"}],"wp:featuredmedia":[{"embeddable":true,"href":"https:\/\/agromt.news\/index.php?rest_route=\/wp\/v2\/media\/2005"}],"wp:attachment":[{"href":"https:\/\/agromt.news\/index.php?rest_route=%2Fwp%2Fv2%2Fmedia&parent=14601"}],"wp:term":[{"taxonomy":"category","embeddable":true,"href":"https:\/\/agromt.news\/index.php?rest_route=%2Fwp%2Fv2%2Fcategories&post=14601"},{"taxonomy":"post_tag","embeddable":true,"href":"https:\/\/agromt.news\/index.php?rest_route=%2Fwp%2Fv2%2Ftags&post=14601"}],"curies":[{"name":"wp","href":"https:\/\/api.w.org\/{rel}","templated":true}]}}