{"id":14600,"date":"2025-06-03T20:17:22","date_gmt":"2025-06-04T00:17:22","guid":{"rendered":"https:\/\/agromt.news\/?p=14600"},"modified":"2025-06-03T20:17:22","modified_gmt":"2025-06-04T00:17:22","slug":"ibama-recebera-r-825-milhoes-para-combate-ao-desmatamento-ilegal","status":"publish","type":"post","link":"https:\/\/agromt.news\/?p=14600","title":{"rendered":"Ibama receber\u00e1 R$ 825 milh\u00f5es para combate ao desmatamento ilegal"},"content":{"rendered":"<p> <br \/>\n<br \/><img decoding=\"async\" src=\"https:\/\/agromt.news\/wp-content\/uploads\/2025\/05\/Desmatamento-recua-em-cinco-dos-seis-biomas-brasileiros-em-2024.jpg\" \/><\/p>\n<div>\n<p>O presidente Luiz In\u00e1cio Lula da Silva anunciou, nesta ter\u00e7a-feira (3), o repasse de R$ 825,7 milh\u00f5es do Fundo Amaz\u00f4nia para refor\u00e7ar as a\u00e7\u00f5es de fiscaliza\u00e7\u00e3o ambiental para o controle do desmatamento ilegal na Amaz\u00f4nia executadas pelo Instituto Nacional de Meio Ambiente e Recursos Naturais Renov\u00e1veis (Ibama).<\/p>\n<p>Os recursos dever\u00e3o ser usados no prazo de 60 meses para modernizar a resposta ao desmatamento ilegal e aumentar a presen\u00e7a do Estado na Amaz\u00f4nia Legal. <\/p>\n<p>Entre as a\u00e7\u00f5es previstas est\u00e3o a compra de helic\u00f3pteros de grande porte com prote\u00e7\u00e3o bal\u00edstica e de drones de alta tecnologia e a constru\u00e7\u00e3o de bases a\u00e9reas e helipontos estrat\u00e9gicos na floresta.<\/p>\n<p>O an\u00fancio foi feito durante cerim\u00f4nia no Pal\u00e1cio do Planalto, destacando a\u00e7\u00f5es do governo na \u00e1rea e em celebra\u00e7\u00e3o ao Dia Mundial do Meio Ambiente, a ser comemorado na quinta-feira (5). <\/p>\n<p>Tamb\u00e9m participaram da cerim\u00f4nia a ministra do Meio Ambiente e Mudan\u00e7a do Clima, Marina Silva, e os presidentes do Ibama, Rodrigo Agostinho, e do Banco Nacional de Desenvolvimento Econ\u00f4mico e Social <strong><a href=\"https:\/\/www.canalrural.com.br\/tag\/bndes\">(BNDES)<\/a><\/strong>, Aloizio Mercadante. O BNDES \u00e9 o respons\u00e1vel pela gest\u00e3o dos recursos do fundo.<\/p>\n<p>Na ocasi\u00e3o, Marina destacou que o repasse mostra a seriedade e o comprometimento do governo na luta contra o desmatamento ilegal.<\/p>\n<p>\u201cO Fundo Amaz\u00f4nia \u00e9 fruto do Plano de A\u00e7\u00e3o para Preven\u00e7\u00e3o e Controle do Desmatamento na Amaz\u00f4nia Legal. \u00c9 resultado de doa\u00e7\u00f5es realizadas a partir da redu\u00e7\u00e3o do desmatamento que obtivemos no bioma. Neste governo, j\u00e1 evitamos lan\u00e7ar na atmosfera 450 milh\u00f5es de toneladas de CO2 [di\u00f3xido de carbono]. Isso dobrou os recursos do Fundo Amaz\u00f4nia. Esse dinheiro volta agora volta ao Ibama para a compra de mais helic\u00f3pteros, meios tecnol\u00f3gicos e servi\u00e7os p\u00fablicos com o objetivo de prevenir e combater inc\u00eandios e desmatamento\u201d, disse Marina.<\/p>\n<h2 class=\"wp-block-heading\" id=\"h-unidades-de-conservacao\">Unidades de conserva\u00e7\u00e3o<\/h2>\n<p>Na ocasi\u00e3o, o presidente Lula assinou decretos criando mais tr\u00eas unidades de conserva\u00e7\u00e3o (UCs) federais: duas no Paran\u00e1 e uma no Esp\u00edrito Santo. Esta \u00faltima \u00e9 a \u00c1rea de Prote\u00e7\u00e3o Ambiental (APA) da Foz do Rio Doce, que visa proteger o ecossistema da regi\u00e3o costeira e marinha da regi\u00e3o, afetada pelo rompimento da barragem do Fund\u00e3o, em novembro de 2015, em Mariana (MG).<\/p>\n<p>Com 45.417 hectares nos munic\u00edpios capixabas de Linhares e Aracruz, a APA Foz do Rio Doce integra \u00e1reas terrestres e marinhas no bioma da Mata Atl\u00e2ntica. A unidade foi criada como parte do acordo judicial para reparar os danos causados \u00e0 popula\u00e7\u00e3o pelo rompimento da barragem de Fund\u00e3o.<\/p>\n<\/div>\n<div>\n<p>A regi\u00e3o da foz do Rio Doce, que abriga 255 esp\u00e9cies de aves, 47 de anf\u00edbios, 54 de mam\u00edferos e 54 de r\u00e9pteis, \u00e9 a \u00fanica \u00e1rea continental de desova da tartaruga-de-couro no Brasil, esp\u00e9cie amea\u00e7ada de extin\u00e7\u00e3o, assim como ocorre com outras esp\u00e9cies marinhas na regi\u00e3o, como o mero, a toninha e a tartaruga-cabe\u00e7uda.<\/p>\n<p>Ao ler o decreto, a ministra do Meio Ambiente e Mudan\u00e7a do Clima, Marina Silva, disse que houve um trabalho cuidadoso da equipe na cria\u00e7\u00e3o da APA e na recupera\u00e7\u00e3o da bacia do Rio Doce.<\/p>\n<p>\u201cIsso \u00e9 para comemorar mesmo. Em Mariana, n\u00f3s tivemos aquele aquele terr\u00edvel acontecimento, contaminando toda a foz do Rio Doce. Al\u00e9m do acordo que fizemos, no seu governo [do presidente Lula], para a recupera\u00e7\u00e3o da bacia [do Rio Doce], reposicionando o que seria uma grande injusti\u00e7a,\u201d afirmou Marina.<\/p>\n<p>Em raz\u00e3o da sua relev\u00e2ncia para o meio ambiente, a nova unidade est\u00e1 inserida em cinco planos de a\u00e7\u00e3o nacionais voltados para a conserva\u00e7\u00e3o de esp\u00e9cies amea\u00e7adas: PAN Tartarugas Marinhas, PAN Corais, PAN Cet\u00e1ceos Marinhos, PAN Aves Marinhas e PAN Toninha.<\/p>\n<h2 class=\"wp-block-heading\" id=\"h-preservacao-animal\">Preserva\u00e7\u00e3o animal<\/h2>\n<p>Segundo o Minist\u00e9rio do Meio Ambiente e Mudan\u00e7a do Clima, a nova APA permitir\u00e1 que pescadores, comunidades tradicionais, ind\u00edgenas e quilombolas desenvolvam atividades sustent\u00e1veis enquanto protegem o ambiente marinho e o terrestre na regi\u00e3o, palco de agrega\u00e7\u00f5es reprodutivas de muitas esp\u00e9cies de peixes de elevada import\u00e2ncia comercial.<\/p>\n<p>\u201cComo exemplo temos as garoupas e os badejos, al\u00e9m do robalo, encontrados ao longo dos recifes do banco dos Abrolhos e na regi\u00e3o do Rio Doce. A \u00e1rea tamb\u00e9m abriga um dos maiores bancos camaroneiros do pa\u00eds, e a futura APA proteger\u00e1 justamente o ber\u00e7\u00e1rio desse importante recurso pesqueiro\u201d, informou a pasta.<\/p>\n<p>J\u00e1 no Paran\u00e1, as duas reservas de prote\u00e7\u00e3o ambiental foram criadas no munic\u00edpio de Pinh\u00e3o: a Reserva de Desenvolvimento Sustent\u00e1vel Faxinal S\u00e3o Roquinho (com 1.231,50 hectares) e a Reserva de Desenvolvimento Sustent\u00e1vel Faxinal Bom Retiro (com 1.576,54 hectares). O objetivo \u00e9 preservar os remanescentes de florestas de arauc\u00e1rias na regi\u00e3o, que tamb\u00e9m \u00e9 rica em erva-mate e pinh\u00e3o.<\/p>\n<p>As reservas tamb\u00e9m permitir\u00e3o assegurar as condi\u00e7\u00f5es e os meios necess\u00e1rios para a reprodu\u00e7\u00e3o e a melhoria dos modos e da qualidade de vida dos povos faxinalenses, comunidades tradicionais que criam animais soltos em terras coletivas, principalmente porcos, que constituem importante fonte de renda e alimenta\u00e7\u00e3o.<\/p>\n<p>Tamb\u00e9m foi assinado o decreto que trata da Estrat\u00e9gia e do Plano de A\u00e7\u00e3o Nacionais de Biodiversidade, o decreto que institui a estrat\u00e9gia nacional para a conserva\u00e7\u00e3o e o uso sustent\u00e1vel dos recifes de coral, decreto que disp\u00f5e sobre o programa de \u00e1reas protegidas da Amaz\u00f4nia e o que estabelece os limites do Parque Nacional Saint-Hilaire\/Lange, localizado na Serra do Mar, no Paran\u00e1.<\/p>\n<\/p><\/div>\n<p><br \/>\n<br \/><a href=\"https:\/\/www.canalrural.com.br\/nacional\/ibama-recebera-r-825-milhoes-para-combate-ao-desmatamento-ilegal\/\">Source link <\/a><\/p>\n","protected":false},"excerpt":{"rendered":"<p>O presidente Luiz In\u00e1cio Lula da Silva anunciou, nesta ter\u00e7a-feira (3), o repasse de R$ 825,7 milh\u00f5es do Fundo Amaz\u00f4nia<\/p>\n","protected":false},"author":1,"featured_media":13817,"comment_status":"open","ping_status":"open","sticky":false,"template":"","format":"standard","meta":{"_monsterinsights_skip_tracking":false,"_monsterinsights_sitenote_active":false,"_monsterinsights_sitenote_note":"","_monsterinsights_sitenote_category":0,"_uf_show_specific_survey":0,"_uf_disable_surveys":false,"footnotes":""},"categories":[1],"tags":[],"class_list":["post-14600","post","type-post","status-publish","format-standard","has-post-thumbnail","hentry","category-news"],"_links":{"self":[{"href":"https:\/\/agromt.news\/index.php?rest_route=\/wp\/v2\/posts\/14600"}],"collection":[{"href":"https:\/\/agromt.news\/index.php?rest_route=\/wp\/v2\/posts"}],"about":[{"href":"https:\/\/agromt.news\/index.php?rest_route=\/wp\/v2\/types\/post"}],"author":[{"embeddable":true,"href":"https:\/\/agromt.news\/index.php?rest_route=\/wp\/v2\/users\/1"}],"replies":[{"embeddable":true,"href":"https:\/\/agromt.news\/index.php?rest_route=%2Fwp%2Fv2%2Fcomments&post=14600"}],"version-history":[{"count":0,"href":"https:\/\/agromt.news\/index.php?rest_route=\/wp\/v2\/posts\/14600\/revisions"}],"wp:featuredmedia":[{"embeddable":true,"href":"https:\/\/agromt.news\/index.php?rest_route=\/wp\/v2\/media\/13817"}],"wp:attachment":[{"href":"https:\/\/agromt.news\/index.php?rest_route=%2Fwp%2Fv2%2Fmedia&parent=14600"}],"wp:term":[{"taxonomy":"category","embeddable":true,"href":"https:\/\/agromt.news\/index.php?rest_route=%2Fwp%2Fv2%2Fcategories&post=14600"},{"taxonomy":"post_tag","embeddable":true,"href":"https:\/\/agromt.news\/index.php?rest_route=%2Fwp%2Fv2%2Ftags&post=14600"}],"curies":[{"name":"wp","href":"https:\/\/api.w.org\/{rel}","templated":true}]}}