{"id":1460,"date":"2024-09-12T10:13:32","date_gmt":"2024-09-12T14:13:32","guid":{"rendered":"https:\/\/agromt.news\/?p=1460"},"modified":"2024-09-12T10:13:32","modified_gmt":"2024-09-12T14:13:32","slug":"declaracao-ministerial-precisa-ser-assinada-por-todos-os-paises-do-g20-afirma-roberto-perosa","status":"publish","type":"post","link":"https:\/\/agromt.news\/?p=1460","title":{"rendered":"Declara\u00e7\u00e3o ministerial precisa ser assinada por todos os pa\u00edses do G20, afirma Roberto Perosa"},"content":{"rendered":"<p> <br \/>\n<br \/><img decoding=\"async\" src=\"https:\/\/agromt.news\/wp-content\/uploads\/2024\/09\/Declaracao-ministerial-precisa-ser-assinada-por-todos-os-paises-do.jpeg\" \/><\/p>\n<div>\n<p>A declara\u00e7\u00e3o ministerial, que possui a for\u00e7a de um acordo internacional, \u00e9 vista como um desafio para a diplomacia brasileira, uma vez que requer consenso entre todos os pa\u00edses do G20. Ou seja, \u00e9 necess\u00e1rio que todos os pa\u00edses assinem o documento.<\/p>\n<p><em>Confira na palma da m\u00e3o informa\u00e7\u00f5es quentes sobre agricultura, pecu\u00e1ria, economia e previs\u00e3o do tempo:<\/em><a href=\"https:\/\/www.whatsapp.com\/channel\/0029Va9VnZxGk1FplZjiW43k\"><em> <\/em><strong>siga o Canal Rural no WhatsApp<\/strong><\/a>!<\/p>\n<p>A reuni\u00e3o do G20 Agro, que acontece at\u00e9 sexta-feira (13) em Chapada dos Guimar\u00e3es (MT), conta com a maior ades\u00e3o de ministros da hist\u00f3ria do grupo. Cerca de 50 delega\u00e7\u00f5es, entre pa\u00edses do G20 e organismos internacionais convidados, est\u00e3o presentes.<\/p>\n<\/div>\n<div>\n<p>\u201c<em>N\u00e3o poder\u00edamos adotar o caminho mais f\u00e1cil, como foi feito nos \u00faltimos anos, liberando apenas uma carta com notas de rodap\u00e9, onde cada pa\u00eds coloca o que n\u00e3o concorda<\/em>\u201d, explica Roberto Perosa, coordenador do GT G20 Agro e secret\u00e1rio de Com\u00e9rcio e Rela\u00e7\u00f5es Internacionais do Minist\u00e9rio da Agricultura e Pecu\u00e1ria (<a href=\"https:\/\/www.canalrural.com.br\/tag\/mapa\/\">Mapa<\/a>).<\/p>\n<p>A escolha pela declara\u00e7\u00e3o ministerial, segundo ele, foi uma diretriz do presidente Luiz In\u00e1cio Lula da Silva e do ministro da Agricultura, Carlos F\u00e1varo.<\/p>\n<p>\u201c<em>Optamos por fazer uma declara\u00e7\u00e3o vinculativa, que nos obriga a alcan\u00e7ar o consenso de todos. Se houver um pa\u00eds que n\u00e3o concorda, a declara\u00e7\u00e3o n\u00e3o pode ser assinada<\/em>\u201d, ressalta Perosa.<\/p>\n<h3 class=\"wp-block-heading\" id=\"h-conversa-detalhada\">Conversa detalhada<\/h3>\n<p>Desde ontem (10), reuni\u00f5es t\u00e9cnicas est\u00e3o sendo realizadas com as 20 delega\u00e7\u00f5es que comp\u00f5em o G20. A expectativa \u00e9 que a declara\u00e7\u00e3o seja assinada na sexta-feira (13), ao final dos trabalhos do G20 Agro.<\/p>\n<p>A declara\u00e7\u00e3o ministerial conta com quatro prioridades, al\u00e9m do mote transversal de combate \u00e0 fome, \u00e0 pobreza e a constru\u00e7\u00e3o de um mundo mais justo e sustent\u00e1vel.<\/p>\n<p>\u201c<em>Por isso, \u00e9 necess\u00e1rio um trabalho minucioso de negocia\u00e7\u00e3o com as 20 delega\u00e7\u00f5es, detalhando cada parte do texto para chegar a um consenso final<\/em>\u201d, explica Perosa.<\/p>\n<p>O texto original da declara\u00e7\u00e3o ministerial foi desenvolvido a partir de uma jun\u00e7\u00e3o de ideias do Minist\u00e9rio da Agricultura e Pecu\u00e1ria, do Minist\u00e9rio do Desenvolvimento Agr\u00e1rio e Agricultura Familiar, e do Minist\u00e9rio da Pesca e Aquicultura.<\/p>\n<p>\u201c<em>No \u00e2mbito do GT da Agricultura, estamos discutindo quatro prioridades, que envolvem os tr\u00eas minist\u00e9rios<\/em>\u201d, acrescenta o coordenador.<\/p>\n<p>As quatro prioridades s\u00e3o: promover m\u00faltiplas formas de produ\u00e7\u00e3o sustent\u00e1vel na agropecu\u00e1ria; garantir um com\u00e9rcio internacional mais justo, livre de distor\u00e7\u00f5es, como subs\u00eddios que prejudicam o Brasil e outros pa\u00edses; oferecer apoio \u00e0 agricultura familiar, quilombolas, popula\u00e7\u00f5es ind\u00edgenas e comunidades tradicionais; al\u00e9m de regularizar e regulamentar o setor de pescados e aquicultura.<\/p>\n<\/div>\n<p><br \/>\n<br \/><a href=\"https:\/\/www.canalrural.com.br\/agricultura\/agronegocio\/declaracao-ministerial-precisa-ser-assinada-por-todos-os-paises-do-g20-afirma-roberto-perosa\/\">Source link <\/a><\/p>\n","protected":false},"excerpt":{"rendered":"<p>A declara\u00e7\u00e3o ministerial, que possui a for\u00e7a de um acordo internacional, \u00e9 vista como um desafio para a diplomacia brasileira,<\/p>\n","protected":false},"author":1,"featured_media":1461,"comment_status":"open","ping_status":"open","sticky":false,"template":"","format":"standard","meta":{"_monsterinsights_skip_tracking":false,"_monsterinsights_sitenote_active":false,"_monsterinsights_sitenote_note":"","_monsterinsights_sitenote_category":0,"_uf_show_specific_survey":0,"_uf_disable_surveys":false,"footnotes":""},"categories":[1],"tags":[],"class_list":["post-1460","post","type-post","status-publish","format-standard","has-post-thumbnail","hentry","category-news"],"_links":{"self":[{"href":"https:\/\/agromt.news\/index.php?rest_route=\/wp\/v2\/posts\/1460"}],"collection":[{"href":"https:\/\/agromt.news\/index.php?rest_route=\/wp\/v2\/posts"}],"about":[{"href":"https:\/\/agromt.news\/index.php?rest_route=\/wp\/v2\/types\/post"}],"author":[{"embeddable":true,"href":"https:\/\/agromt.news\/index.php?rest_route=\/wp\/v2\/users\/1"}],"replies":[{"embeddable":true,"href":"https:\/\/agromt.news\/index.php?rest_route=%2Fwp%2Fv2%2Fcomments&post=1460"}],"version-history":[{"count":0,"href":"https:\/\/agromt.news\/index.php?rest_route=\/wp\/v2\/posts\/1460\/revisions"}],"wp:featuredmedia":[{"embeddable":true,"href":"https:\/\/agromt.news\/index.php?rest_route=\/wp\/v2\/media\/1461"}],"wp:attachment":[{"href":"https:\/\/agromt.news\/index.php?rest_route=%2Fwp%2Fv2%2Fmedia&parent=1460"}],"wp:term":[{"taxonomy":"category","embeddable":true,"href":"https:\/\/agromt.news\/index.php?rest_route=%2Fwp%2Fv2%2Fcategories&post=1460"},{"taxonomy":"post_tag","embeddable":true,"href":"https:\/\/agromt.news\/index.php?rest_route=%2Fwp%2Fv2%2Ftags&post=1460"}],"curies":[{"name":"wp","href":"https:\/\/api.w.org\/{rel}","templated":true}]}}