{"id":14596,"date":"2025-06-03T18:26:41","date_gmt":"2025-06-03T22:26:41","guid":{"rendered":"https:\/\/agromt.news\/?p=14596"},"modified":"2025-06-03T18:26:41","modified_gmt":"2025-06-03T22:26:41","slug":"santa-catarina-lanca-projeto-sementes-com-mais-recursos-em-2025","status":"publish","type":"post","link":"https:\/\/agromt.news\/?p=14596","title":{"rendered":"Santa Catarina lan\u00e7a Projeto Sementes com mais recursos em 2025"},"content":{"rendered":"<p> <br \/>\n<\/p>\n<div>\n<p style=\"text-align:justify\">O Governo de Santa Catarina lan\u00e7ou oficialmente a edi\u00e7\u00e3o 2025 do Projeto Sementes de Milho, uma das principais a\u00e7\u00f5es do Programa Terra Boa, voltado ao apoio da agricultura familiar no estado. O an\u00fancio foi realizado em Maravilha, no Extremo-Oeste catarinense, durante a segunda edi\u00e7\u00e3o do evento \u201cSanta Catarina Levada a S\u00e9rio: Prestando Contas\u201d, na regi\u00e3o da Amerios.&#13;\n<\/p>\n<p style=\"text-align:justify\">Com aumento de 27,5% no or\u00e7amento em compara\u00e7\u00e3o ao ano anterior, o projeto deve contar com R$ 36,6 milh\u00f5es em investimentos, dentro do total de R$ 116 milh\u00f5es previstos para o Terra Boa em 2025. A iniciativa prev\u00ea a distribui\u00e7\u00e3o de 170 mil sacos de sementes de milho com alto valor gen\u00e9tico, beneficiando cerca de 42,5 mil fam\u00edlias em todos os munic\u00edpios do estado.<\/p>\n<p style=\"text-align:justify\">Durante a cerim\u00f4nia, estiveram presentes o governador Jorginho Mello, o secret\u00e1rio de Estado da Agricultura e Pecu\u00e1ria, Carlos Chiodini, al\u00e9m de representantes de cooperativas, agricultores, t\u00e9cnicos e lideran\u00e7as regionais e estaduais.<\/p>\n<p style=\"text-align:justify\">O projeto \u00e9 executado por meio de uma coopera\u00e7\u00e3o entre a Secretaria da Agricultura e Pecu\u00e1ria (SAR) e a Federa\u00e7\u00e3o das Cooperativas Agropecu\u00e1rias de Santa Catarina (Fecoagro). As sementes distribu\u00eddas contemplam diferentes n\u00edveis tecnol\u00f3gicos, com subs\u00eddios que variam entre R$ 100 e R$ 240 por saca, a depender da variedade escolhida. Cada fam\u00edlia poder\u00e1 retirar at\u00e9 cinco sacos por ano.&#13;\n<\/p>\n<p style=\"text-align:justify\">As sementes s\u00e3o destinadas \u00e0 produ\u00e7\u00e3o de gr\u00e3os para abastecer cadeias produtivas da carne, al\u00e9m da silagem para a pecu\u00e1ria leiteira. A autoriza\u00e7\u00e3o para retirada j\u00e1 pode ser solicitada junto \u00e0 Epagri. A aquisi\u00e7\u00e3o ocorre por meio de cooperativas e casas agropecu\u00e1rias credenciadas, que formalizam a parceria com os agricultores.<\/p>\n<p style=\"text-align:justify\">Al\u00e9m do lan\u00e7amento do Projeto Sementes de Milho 2025, tamb\u00e9m foram assinados termos de libera\u00e7\u00e3o de recursos dos programas \u00c1gua no Campo SC e Leite Bom SC.<\/p>\n<p style=\"text-align:justify\">Criado em 1983, o Programa Terra Boa inclui ainda a\u00e7\u00f5es voltadas \u00e0 corre\u00e7\u00e3o do solo com calc\u00e1rio, distribui\u00e7\u00e3o de kits forrageiras, incentivo \u00e0 apicultura, \u00e0 sa\u00fade do solo, \u00e0 produ\u00e7\u00e3o de abelhas rainhas e aos cereais de inverno.<\/p>\n<p style=\"text-align:justify\">A cultura do milho ocupa posi\u00e7\u00e3o estrat\u00e9gica na produ\u00e7\u00e3o agropecu\u00e1ria catarinense, sendo essencial tanto para a alimenta\u00e7\u00e3o humana quanto animal, e impulsiona a economia regional. Na safra 2024\/2025, foram cultivados 291,1 mil hectares com milho no estado, resultando em 2,73 milh\u00f5es de toneladas, segundo a Epagri\/Cepa. Apesar da redu\u00e7\u00e3o de 13% na \u00e1rea plantada, a produ\u00e7\u00e3o foi 23% superior \u00e0 registrada na safra anterior.&#13;\n<\/p>\n<\/p><\/div>\n<p><script data-cfasync=\"false\">\n    !function (f, b, e, v, n, t, s) {\n        if (f.fbq) return; n = f.fbq = function () {\n            n.callMethod ?\n                n.callMethod.apply(n, arguments) : n.queue.push(arguments)\n        };\n        if (!f._fbq) f._fbq = n; n.push = n; n.loaded = !0; n.version = '2.0';\n        n.queue = []; t = b.createElement(e); t.async = !0;\n        t.src = v; s = b.getElementsByTagName(e)[0];\n        s.parentNode.insertBefore(t, s)\n    }(window, document, 'script',\n        'https:\/\/connect.facebook.net\/en_US\/fbevents.js');\n    fbq('init', '522546078623747');\n    fbq('track', 'PageView');\n<\/script><br \/>\n<br \/><br \/>\n<br \/><a href=\"https:\/\/www.agrolink.com.br\/noticias\/santa-catarina-lanca-projeto-sementes-com-mais-recursos-em-2025_502587.html\">Source link <\/a><\/p>\n","protected":false},"excerpt":{"rendered":"<p>O Governo de Santa Catarina lan\u00e7ou oficialmente a edi\u00e7\u00e3o 2025 do Projeto Sementes de Milho, uma das principais a\u00e7\u00f5es do<\/p>\n","protected":false},"author":1,"featured_media":3552,"comment_status":"open","ping_status":"open","sticky":false,"template":"","format":"standard","meta":{"_monsterinsights_skip_tracking":false,"_monsterinsights_sitenote_active":false,"_monsterinsights_sitenote_note":"","_monsterinsights_sitenote_category":0,"_uf_show_specific_survey":0,"_uf_disable_surveys":false,"footnotes":""},"categories":[8,1,14],"tags":[],"class_list":["post-14596","post","type-post","status-publish","format-standard","has-post-thumbnail","hentry","category-agro","category-news","category-politica-agro"],"_links":{"self":[{"href":"https:\/\/agromt.news\/index.php?rest_route=\/wp\/v2\/posts\/14596"}],"collection":[{"href":"https:\/\/agromt.news\/index.php?rest_route=\/wp\/v2\/posts"}],"about":[{"href":"https:\/\/agromt.news\/index.php?rest_route=\/wp\/v2\/types\/post"}],"author":[{"embeddable":true,"href":"https:\/\/agromt.news\/index.php?rest_route=\/wp\/v2\/users\/1"}],"replies":[{"embeddable":true,"href":"https:\/\/agromt.news\/index.php?rest_route=%2Fwp%2Fv2%2Fcomments&post=14596"}],"version-history":[{"count":0,"href":"https:\/\/agromt.news\/index.php?rest_route=\/wp\/v2\/posts\/14596\/revisions"}],"wp:featuredmedia":[{"embeddable":true,"href":"https:\/\/agromt.news\/index.php?rest_route=\/wp\/v2\/media\/3552"}],"wp:attachment":[{"href":"https:\/\/agromt.news\/index.php?rest_route=%2Fwp%2Fv2%2Fmedia&parent=14596"}],"wp:term":[{"taxonomy":"category","embeddable":true,"href":"https:\/\/agromt.news\/index.php?rest_route=%2Fwp%2Fv2%2Fcategories&post=14596"},{"taxonomy":"post_tag","embeddable":true,"href":"https:\/\/agromt.news\/index.php?rest_route=%2Fwp%2Fv2%2Ftags&post=14596"}],"curies":[{"name":"wp","href":"https:\/\/api.w.org\/{rel}","templated":true}]}}