{"id":14595,"date":"2025-06-03T18:19:38","date_gmt":"2025-06-03T22:19:38","guid":{"rendered":"https:\/\/agromt.news\/?p=14595"},"modified":"2025-06-03T18:19:38","modified_gmt":"2025-06-03T22:19:38","slug":"arroba-ensaia-mais-uma-alta-confira","status":"publish","type":"post","link":"https:\/\/agromt.news\/?p=14595","title":{"rendered":"arroba ensaia mais uma alta; confira"},"content":{"rendered":"<p> <br \/>\n<br \/><img decoding=\"async\" src=\"https:\/\/agromt.news\/wp-content\/uploads\/2025\/02\/veja-os-precos-deste-inicio-de-semana.jpg\" \/><\/p>\n<div>\n<p>O mercado f\u00edsico do boi gordo voltou a registrar pre\u00e7os mais altos nesta ter\u00e7a-feira (3). As escalas de abate mostram sinais de encurtamento em v\u00e1rias regi\u00f5es do pa\u00eds. <\/p>\n<p>De acordo com o analista da consultoria Safras &amp; Mercado Fernando Henrique Iglesias, a obten\u00e7\u00e3o de animais jovens tem sido o grande desafio para a ind\u00fastria frigor\u00edfica neste momento. <\/p>\n<p>\u201cA oferta de f\u00eameas, em especial vaca gorda, segue presente nas mais diferentes regi\u00f5es do pa\u00eds. Do ponto de vista da demanda, as exporta\u00e7\u00f5es s\u00e3o a grande justificativa para o movimento de recupera\u00e7\u00e3o dos pre\u00e7os da arroba no in\u00edcio de junho. O desempenho das vendas externas \u00e9 extremamente positivo, com o pa\u00eds caminhando para um recorde de embarques.\u201d<\/p>\n<h2 class=\"wp-block-heading\" id=\"h-precos-da-arroba-do-boi-gordo-a-prazo\">Pre\u00e7os da arroba do boi gordo (a prazo)<\/h2>\n<ul class=\"wp-block-list\">\n<li><strong>S\u00e3o Paulo:<\/strong> R$ 310,92 \u2014 ontem: R$ 308,75<\/li>\n<li><strong>Goi\u00e1s:<\/strong> R$ 291,43 \u2014 na segunda: R$ 290,54<\/li>\n<li><strong>Minas Gerais:<\/strong> R$ 293,82 \u2014 anteriormente: R$ 292,94<\/li>\n<li><strong>Mato Grosso do Sul:<\/strong> R$ 306,14 \u2014 ontem: R$ 305<\/li>\n<li><strong>Mato Grosso:<\/strong> R$ 302,84 \u2014 na segunda: R$ 300,61<\/li>\n<\/ul>\n<h2 class=\"wp-block-heading\" id=\"h-mercado-atacadista\">Mercado atacadista<\/h2>\n<p>O mercado atacadista voltou a registrar pre\u00e7os est\u00e1veis para a carne bovina. De acordo com Iglesias, o ambiente de neg\u00f3cios oferece alguma expectativa de alta no curto prazo, considerando a entrada dos sal\u00e1rios na economia, motivando a reposi\u00e7\u00e3o entre atacado e varejo.<\/p>\n<\/div>\n<div>\n<p>\u201c\u00c9 importante mencionar que a recente queda dos pre\u00e7os do frango ainda n\u00e3o chegou de maneira contundente no varejo. De qualquer forma, a percep\u00e7\u00e3o para 2025 \u00e9 que mesmo antes desse per\u00edodo de maior fragilidade dessa prote\u00edna [<strong><a href=\"https:\/\/www.canalrural.com.br\/nacional\/brasil-nao-tem-mais-casos-suspeitos-de-gripe-aviaria-em-granja-comercial\/\">em virtude do caso de gripe avi\u00e1ria<\/a><\/strong>] a prefer\u00eancia da popula\u00e7\u00e3o tende a recair sobre prote\u00ednas mais acess\u00edveis\u201d, assinalou Iglesias.<\/p>\n<p>O quarto traseiro ainda \u00e9 precificado a R$ 23,00 por quilo; o dianteiro segue cotado a R$ 18,50 por quilo; e a ponta de agulha foi indicada a R$ 18,00 por quilo.<\/p>\n<h2 class=\"wp-block-heading\" id=\"h-cambio\">C\u00e2mbio<\/h2>\n<p>O d\u00f3lar comercial encerrou a sess\u00e3o em queda de 0,64%, sendo negociado a R$ 5,6367 para venda e a R$ 5,6347 para compra. Durante o dia, a moeda norte-americana oscilou entre a m\u00ednima de R$ 5,6252 e a m\u00e1xima de R$ 5,7102.<\/p>\n<\/p><\/div>\n<p><br \/>\n<br \/><a href=\"https:\/\/www.canalrural.com.br\/pecuaria\/precos-do-boi-gordo-hoje-arroba-ensaia-mais-uma-alta-confira\/\">Source link <\/a><\/p>\n","protected":false},"excerpt":{"rendered":"<p>O mercado f\u00edsico do boi gordo voltou a registrar pre\u00e7os mais altos nesta ter\u00e7a-feira (3). As escalas de abate mostram<\/p>\n","protected":false},"author":1,"featured_media":10109,"comment_status":"open","ping_status":"open","sticky":false,"template":"","format":"standard","meta":{"_monsterinsights_skip_tracking":false,"_monsterinsights_sitenote_active":false,"_monsterinsights_sitenote_note":"","_monsterinsights_sitenote_category":0,"_uf_show_specific_survey":0,"_uf_disable_surveys":false,"footnotes":""},"categories":[1],"tags":[],"class_list":["post-14595","post","type-post","status-publish","format-standard","has-post-thumbnail","hentry","category-news"],"_links":{"self":[{"href":"https:\/\/agromt.news\/index.php?rest_route=\/wp\/v2\/posts\/14595"}],"collection":[{"href":"https:\/\/agromt.news\/index.php?rest_route=\/wp\/v2\/posts"}],"about":[{"href":"https:\/\/agromt.news\/index.php?rest_route=\/wp\/v2\/types\/post"}],"author":[{"embeddable":true,"href":"https:\/\/agromt.news\/index.php?rest_route=\/wp\/v2\/users\/1"}],"replies":[{"embeddable":true,"href":"https:\/\/agromt.news\/index.php?rest_route=%2Fwp%2Fv2%2Fcomments&post=14595"}],"version-history":[{"count":0,"href":"https:\/\/agromt.news\/index.php?rest_route=\/wp\/v2\/posts\/14595\/revisions"}],"wp:featuredmedia":[{"embeddable":true,"href":"https:\/\/agromt.news\/index.php?rest_route=\/wp\/v2\/media\/10109"}],"wp:attachment":[{"href":"https:\/\/agromt.news\/index.php?rest_route=%2Fwp%2Fv2%2Fmedia&parent=14595"}],"wp:term":[{"taxonomy":"category","embeddable":true,"href":"https:\/\/agromt.news\/index.php?rest_route=%2Fwp%2Fv2%2Fcategories&post=14595"},{"taxonomy":"post_tag","embeddable":true,"href":"https:\/\/agromt.news\/index.php?rest_route=%2Fwp%2Fv2%2Ftags&post=14595"}],"curies":[{"name":"wp","href":"https:\/\/api.w.org\/{rel}","templated":true}]}}