{"id":14593,"date":"2025-06-03T18:04:29","date_gmt":"2025-06-03T22:04:29","guid":{"rendered":"https:\/\/agromt.news\/?p=14593"},"modified":"2025-06-03T18:04:29","modified_gmt":"2025-06-03T22:04:29","slug":"brasil-nao-tem-mais-casos-suspeitos-de-gripe-aviaria-em-granja-comercial","status":"publish","type":"post","link":"https:\/\/agromt.news\/?p=14593","title":{"rendered":"Brasil n\u00e3o tem mais casos suspeitos de gripe avi\u00e1ria em granja comercial"},"content":{"rendered":"<p> <br \/>\n<br \/><img decoding=\"async\" src=\"https:\/\/agromt.news\/wp-content\/uploads\/2025\/06\/Brasil-nao-tem-mais-casos-suspeitos-de-gripe-aviaria-em.jpg\" \/><\/p>\n<div>\n<p>O Brasil n\u00e3o tem mais casos suspeitos de gripe avi\u00e1ria em granjas comerciais. A \u00faltima apura\u00e7\u00e3o, em Anta Gorda, no nordeste do Rio Grande do Sul, foi oficialmente descartada pelo Minist\u00e9rio da Agricultura e Pecu\u00e1ria <strong><a href=\"https:\/\/www.canalrural.com.br\/tag\/mapa\/\">(Mapa)<\/a><\/strong> nesta ter\u00e7a-feira (3).<\/p>\n<p>De acordo com o painel S\u00edndrome Respirat\u00f3ria e Nervosa das Aves, mantido pela pasta, atualmente existem seis investiga\u00e7\u00f5es em andamento, mas todas relacionadas a aves silvestres ou dom\u00e9sticas.<\/p>\n<\/div>\n<div>\n<p>Agora, se at\u00e9 o dia <strong>28 de junho<\/strong> \u2013 t\u00e9rmino da quarentena \u2013 o Brasil n\u00e3o registrar mais nenhum caso ou suspeita em cria\u00e7\u00e3o comercial, o pa\u00eds poder\u00e1 se declarar como na\u00e7\u00e3o livre de Influenza Avi\u00e1ria de Alta Patogenicidade (IAAP), estando apto a emitir certificados aos compradores de frango e derivados.<\/p>\n<p>Desde que o primeiro caso foi detectado, em 16 de maio, no munic\u00edpio de Montenegro, na Regi\u00e3o metropolitana de Porto Alegre, mais de 20 pa\u00edses, incluindo a Uni\u00e3o Europeia, suspenderam as compras do produto brasileiro.<\/p>\n<\/p><\/div>\n<p><br \/>\n<br \/><a href=\"https:\/\/www.canalrural.com.br\/nacional\/brasil-nao-tem-mais-casos-suspeitos-de-gripe-aviaria-em-granja-comercial\/\">Source link <\/a><\/p>\n","protected":false},"excerpt":{"rendered":"<p>O Brasil n\u00e3o tem mais casos suspeitos de gripe avi\u00e1ria em granjas comerciais. A \u00faltima apura\u00e7\u00e3o, em Anta Gorda, no<\/p>\n","protected":false},"author":1,"featured_media":14594,"comment_status":"open","ping_status":"open","sticky":false,"template":"","format":"standard","meta":{"_monsterinsights_skip_tracking":false,"_monsterinsights_sitenote_active":false,"_monsterinsights_sitenote_note":"","_monsterinsights_sitenote_category":0,"_uf_show_specific_survey":0,"_uf_disable_surveys":false,"footnotes":""},"categories":[1],"tags":[],"class_list":["post-14593","post","type-post","status-publish","format-standard","has-post-thumbnail","hentry","category-news"],"_links":{"self":[{"href":"https:\/\/agromt.news\/index.php?rest_route=\/wp\/v2\/posts\/14593"}],"collection":[{"href":"https:\/\/agromt.news\/index.php?rest_route=\/wp\/v2\/posts"}],"about":[{"href":"https:\/\/agromt.news\/index.php?rest_route=\/wp\/v2\/types\/post"}],"author":[{"embeddable":true,"href":"https:\/\/agromt.news\/index.php?rest_route=\/wp\/v2\/users\/1"}],"replies":[{"embeddable":true,"href":"https:\/\/agromt.news\/index.php?rest_route=%2Fwp%2Fv2%2Fcomments&post=14593"}],"version-history":[{"count":0,"href":"https:\/\/agromt.news\/index.php?rest_route=\/wp\/v2\/posts\/14593\/revisions"}],"wp:featuredmedia":[{"embeddable":true,"href":"https:\/\/agromt.news\/index.php?rest_route=\/wp\/v2\/media\/14594"}],"wp:attachment":[{"href":"https:\/\/agromt.news\/index.php?rest_route=%2Fwp%2Fv2%2Fmedia&parent=14593"}],"wp:term":[{"taxonomy":"category","embeddable":true,"href":"https:\/\/agromt.news\/index.php?rest_route=%2Fwp%2Fv2%2Fcategories&post=14593"},{"taxonomy":"post_tag","embeddable":true,"href":"https:\/\/agromt.news\/index.php?rest_route=%2Fwp%2Fv2%2Ftags&post=14593"}],"curies":[{"name":"wp","href":"https:\/\/api.w.org\/{rel}","templated":true}]}}