{"id":14591,"date":"2025-06-03T17:21:08","date_gmt":"2025-06-03T21:21:08","guid":{"rendered":"https:\/\/agromt.news\/?p=14591"},"modified":"2025-06-03T17:21:08","modified_gmt":"2025-06-03T21:21:08","slug":"massa-de-ar-polar-esta-chegando-e-deve-derrubar-temperaturas-em-11-estados","status":"publish","type":"post","link":"https:\/\/agromt.news\/?p=14591","title":{"rendered":"Massa de ar polar est\u00e1 chegando e deve derrubar temperaturas em 11 estados"},"content":{"rendered":"<p> <br \/>\n<\/p>\n<div>\n<p>A passagem de uma frente fria baixar\u00e1 as temperaturas em \u00e1reas do Sul do pa\u00eds a partir da noite de quinta-feira (5). Assim, o fen\u00f4meno manter\u00e1 os term\u00f4metros ainda em baixa no Rio Grande do Sul, mas provocar\u00e1 tempo mais g\u00e9lido entre Santa Catarina e <strong><a href=\"https:\/\/www.canalrural.com.br\/nacional\/parana\/\">Paran\u00e1<\/a><\/strong>. <\/p>\n<div data-icp-cta=\"1\" id=\"icp-cta-unique\">Voc\u00ea quer entender como usar o clima a seu favor?<b> <\/b><a href=\"https:\/\/climacampo.canalrural.com.br\/climacampo_-01\">Preparamos um e-book exclusivo<\/a> para ajudar produtores rurais a se antecipar \u00e0s mudan\u00e7as do tempo e planejar melhor suas a\u00e7\u00f5es. Com base em previs\u00f5es meteorol\u00f3gicas confi\u00e1veis, ele oferece orienta\u00e7\u00f5es pr\u00e1ticas para proteger sua lavoura e otimizar seus resultados.<\/div>\n<p>Contudo, no domingo (8), a entrada de outra massa de ar polar, desta vez com uma caracter\u00edstica mais forte, deve avan\u00e7ar sobre o continente e trazer queda de temperatura mais acentuada novamente, impactando, desta vez, o Sudeste, Centro-Oeste e \u00e1reas do Norte do pa\u00eds. O mapa abaixo mostra que o fen\u00f4meno deve afetar 11 estados:<\/p>\n<ul class=\"wp-block-list\">\n<li>Santa Catarina<\/li>\n<li>Paran\u00e1<\/li>\n<li>S\u00e3o Paulo<\/li>\n<li>Rio de Janeiro<\/li>\n<li>Minas Gerais<\/li>\n<li>Mato Grosso do Sul<\/li>\n<li>Goi\u00e1s<\/li>\n<li>Mato Grosso<\/li>\n<li>Rond\u00f4nia<\/li>\n<li>Acre<\/li>\n<li>Amazonas<\/li>\n<\/ul>\n<p>De acordo com a Climatempo, esta onda de frio tem caracter\u00edsticas um pouco diferentes da primeira registrada no pa\u00eds na \u00faltima semana de maio. <\/p>\n<\/div>\n<div>\n<p>\u201cO ar frio abrange uma \u00e1rea um pouco menor e n\u00e3o ser\u00e1 t\u00e3o intenso como a primeira onda registrada, por\u00e9m, em termos de dura\u00e7\u00e3o, esta ser\u00e1 um pouco maior. Muitos locais ir\u00e3o sentir frio por mais tempo do que a onda que encerrou no dia 3 de junho\u201d, diz a empresa, em nota.<\/p>\n<h2 class=\"wp-block-heading\" id=\"h-dias-mais-gelados\">Dias mais gelados<\/h2>\n<figure class=\"wp-block-image size-full\"><img fetchpriority=\"high\" decoding=\"async\" width=\"525\" height=\"527\" alt=\"mapa frente fria\" class=\"wp-image-4103707\"  data-lazy- src=\"https:\/\/agromt.news\/wp-content\/uploads\/2025\/06\/Massa-de-ar-polar-esta-chegando-e-deve-derrubar-temperaturas.jpg\"\/><img decoding=\"async\" width=\"525\" height=\"527\" src=\"https:\/\/agromt.news\/wp-content\/uploads\/2025\/06\/Massa-de-ar-polar-esta-chegando-e-deve-derrubar-temperaturas.jpg\" alt=\"mapa frente fria\" class=\"wp-image-4103707\"  \/><figcaption class=\"wp-element-caption\">Foto: Reprodu\u00e7\u00e3o<\/figcaption><\/figure>\n<p>As \u00e1reas em azul-claro no mapa acima, desde Santa Catarina at\u00e9 o sul de Mato Grosso, ter\u00e3o alguns dias mais gelados e com m\u00ednimas e m\u00e1ximas ligeiramente mais baixas ao longo da pr\u00f3xima semana. <\/p>\n<p>J\u00e1 as \u00e1reas do Norte do pa\u00eds podem ter friagem, com temperaturas ligeiramente mais baixas entre o Acre e o sul de Rond\u00f4nia.<\/p>\n<h2 class=\"wp-block-heading\" id=\"h-pode-nevar\">Pode nevar?<\/h2>\n<p>O risco de neve, em si, \u00e9 muito menor ao que foi previsto e ao que aconteceu na onda de frio do final de maio, de acordo com a Climatempo.<\/p>\n<p>\u201cAs rodadas mais recentes dos modelos de previs\u00e3o indicavam uma chance muito baixa para neve na pr\u00f3xima segunda-feira (9), restrita, novamente, a regi\u00f5es mais altas da Serra Catarinense, como Urupema, S\u00e3o Joaquim e Urubici.\u201d<\/p>\n<\/p><\/div>\n<p><br \/>\n<br \/><a href=\"https:\/\/www.canalrural.com.br\/tempo\/massa-de-ar-polar-esta-chegando-e-deve-derrubar-temperaturas-em-11-estados\/\">Source link <\/a><\/p>\n","protected":false},"excerpt":{"rendered":"<p>A passagem de uma frente fria baixar\u00e1 as temperaturas em \u00e1reas do Sul do pa\u00eds a partir da noite de<\/p>\n","protected":false},"author":1,"featured_media":14592,"comment_status":"open","ping_status":"open","sticky":false,"template":"","format":"standard","meta":{"_monsterinsights_skip_tracking":false,"_monsterinsights_sitenote_active":false,"_monsterinsights_sitenote_note":"","_monsterinsights_sitenote_category":0,"_uf_show_specific_survey":0,"_uf_disable_surveys":false,"footnotes":""},"categories":[1],"tags":[],"class_list":["post-14591","post","type-post","status-publish","format-standard","has-post-thumbnail","hentry","category-news"],"_links":{"self":[{"href":"https:\/\/agromt.news\/index.php?rest_route=\/wp\/v2\/posts\/14591"}],"collection":[{"href":"https:\/\/agromt.news\/index.php?rest_route=\/wp\/v2\/posts"}],"about":[{"href":"https:\/\/agromt.news\/index.php?rest_route=\/wp\/v2\/types\/post"}],"author":[{"embeddable":true,"href":"https:\/\/agromt.news\/index.php?rest_route=\/wp\/v2\/users\/1"}],"replies":[{"embeddable":true,"href":"https:\/\/agromt.news\/index.php?rest_route=%2Fwp%2Fv2%2Fcomments&post=14591"}],"version-history":[{"count":0,"href":"https:\/\/agromt.news\/index.php?rest_route=\/wp\/v2\/posts\/14591\/revisions"}],"wp:featuredmedia":[{"embeddable":true,"href":"https:\/\/agromt.news\/index.php?rest_route=\/wp\/v2\/media\/14592"}],"wp:attachment":[{"href":"https:\/\/agromt.news\/index.php?rest_route=%2Fwp%2Fv2%2Fmedia&parent=14591"}],"wp:term":[{"taxonomy":"category","embeddable":true,"href":"https:\/\/agromt.news\/index.php?rest_route=%2Fwp%2Fv2%2Fcategories&post=14591"},{"taxonomy":"post_tag","embeddable":true,"href":"https:\/\/agromt.news\/index.php?rest_route=%2Fwp%2Fv2%2Ftags&post=14591"}],"curies":[{"name":"wp","href":"https:\/\/api.w.org\/{rel}","templated":true}]}}