{"id":1458,"date":"2024-09-12T09:57:30","date_gmt":"2024-09-12T13:57:30","guid":{"rendered":"https:\/\/agromt.news\/?p=1458"},"modified":"2024-09-12T09:57:30","modified_gmt":"2024-09-12T13:57:30","slug":"no-g20-agro-agricultura-familiar-busca-recursos-para-recuperacao-de-areas-degradadas","status":"publish","type":"post","link":"https:\/\/agromt.news\/?p=1458","title":{"rendered":"No G20 Agro, agricultura familiar busca recursos para recupera\u00e7\u00e3o de \u00e1reas degradadas"},"content":{"rendered":"<p> <br \/>\n<br \/><img decoding=\"async\" src=\"https:\/\/agromt.news\/wp-content\/uploads\/2024\/09\/No-G20-Agro-agricultura-familiar-busca-recursos-para-recuperacao-de.jpeg\" \/><\/p>\n<div>\n<p>A\u00e7\u00f5es voltadas para o fomento da agricultura familiar no Brasil est\u00e3o entre os temas debatidos no Grupo de Trabalho do G20 Agro, que acontece esta semana em Chapada dos Guimar\u00e3es (MT). Entre as prioridades, segundo o ministro do Desenvolvimento Agr\u00e1rio e Agricultura Familiar, Paulo Teixeira, est\u00e1 a mobiliza\u00e7\u00e3o de recursos internacionais para a recupera\u00e7\u00e3o de \u00e1reas degradadas nessa atividade.<\/p>\n<p><em>Confira na palma da m\u00e3o informa\u00e7\u00f5es quentes sobre agricultura, pecu\u00e1ria, economia e previs\u00e3o do tempo:<\/em><a href=\"https:\/\/www.whatsapp.com\/channel\/0029Va9VnZxGk1FplZjiW43k\"><em> <\/em><strong>siga o Canal Rural no WhatsApp<\/strong><\/a>!<\/p>\n<p><a href=\"https:\/\/www.canalrural.com.br\/tag\/paulo-teixeira\/\">Paulo Teixeira<\/a> chegou ao munic\u00edpio, localizado a cerca de 90 quil\u00f4metros de Cuiab\u00e1, na quarta-feira (11), e destacou a relev\u00e2ncia da agricultura familiar para o pa\u00eds.<\/p>\n<\/div>\n<div>\n<p>\u201c<em>O Brasil precisa da agricultura familiar. Muitos alimentos que chegam \u00e0 mesa dos brasileiros v\u00eam dela: o arroz, o feij\u00e3o, os legumes, as verduras, as frutas e at\u00e9 mesmo a prote\u00edna animal<\/em>\u201d, afirmou o ministro.<\/p>\n<p>Al\u00e9m de ser essencial para a alimenta\u00e7\u00e3o, a agricultura familiar, conforme frisou o ministro, tamb\u00e9m \u00e9 \u201cimportante para a inser\u00e7\u00e3o econ\u00f4mica da popula\u00e7\u00e3o\u201d.<\/p>\n<p>\u201c<em>Aqui [no G20 Agro], o nosso foco principal \u00e9 mobilizar recursos de outros pa\u00edses para a agricultura familiar, visando \u00e0 recupera\u00e7\u00e3o de \u00e1reas degradadas. Precisamos apoiar o agricultor, pois sem esse suporte, ele pode acabar nas periferias das cidades, sem trabalho, renda e moradia<\/em>\u201d, acrescentou.<\/p>\n<h3 class=\"wp-block-heading\" id=\"h-linhas-de-financiamento-auxiliam-na-sustentabilidade\">Linhas de financiamento auxiliam na sustentabilidade<\/h3>\n<p>Abordar a quest\u00e3o da sustentabilidade, com uma popula\u00e7\u00e3o que planta para se alimentar diariamente, \u00e9 uma das prioridades do Minist\u00e9rio do Desenvolvimento Agr\u00e1rio e Agricultura Familiar, afirmou Paulo Teixeira.<\/p>\n<p>As linhas de financiamento, como o Programa Nacional de Fortalecimento da Agricultura Familiar (Pronaf), s\u00e3o fundamentais para apoiar o pequeno produtor, inclusive por meio do microcr\u00e9dito.<\/p>\n<p>\u201c<em>Com acesso a cr\u00e9dito, o agricultor pode se desenvolver. Al\u00e9m disso, a assist\u00eancia t\u00e9cnica \u00e9 fundamental. Estamos empenhados em criar um sistema nacional de assist\u00eancia t\u00e9cnica e extens\u00e3o rural no Brasil, pois, com esse suporte, o produtor pode crescer muito mais. Ele poder\u00e1 produzir alimentos, enfrentar as mudan\u00e7as clim\u00e1ticas e tecnol\u00f3gicas e realizar uma agricultura regenerativa e sustent\u00e1vel<\/em>\u201d, destacou o ministro.<\/p>\n<p>A expectativa, segundo Paulo Teixeira, \u00e9 que at\u00e9 outubro o Minist\u00e9rio consiga enviar ao Congresso Nacional uma proposta de cria\u00e7\u00e3o de um sistema \u00fanico de assist\u00eancia t\u00e9cnica e extens\u00e3o rural.<\/p>\n<\/div>\n<p><br \/>\n<br \/><a href=\"https:\/\/www.canalrural.com.br\/agricultura\/no-g20-agro-agricultura-familiar-busca-recursos-para-recuperacao-de-areas-degradadas\/\">Source link <\/a><\/p>\n","protected":false},"excerpt":{"rendered":"<p>A\u00e7\u00f5es voltadas para o fomento da agricultura familiar no Brasil est\u00e3o entre os temas debatidos no Grupo de Trabalho do<\/p>\n","protected":false},"author":1,"featured_media":1459,"comment_status":"open","ping_status":"open","sticky":false,"template":"","format":"standard","meta":{"_monsterinsights_skip_tracking":false,"_monsterinsights_sitenote_active":false,"_monsterinsights_sitenote_note":"","_monsterinsights_sitenote_category":0,"_uf_show_specific_survey":0,"_uf_disable_surveys":false,"footnotes":""},"categories":[1],"tags":[],"class_list":["post-1458","post","type-post","status-publish","format-standard","has-post-thumbnail","hentry","category-news"],"_links":{"self":[{"href":"https:\/\/agromt.news\/index.php?rest_route=\/wp\/v2\/posts\/1458"}],"collection":[{"href":"https:\/\/agromt.news\/index.php?rest_route=\/wp\/v2\/posts"}],"about":[{"href":"https:\/\/agromt.news\/index.php?rest_route=\/wp\/v2\/types\/post"}],"author":[{"embeddable":true,"href":"https:\/\/agromt.news\/index.php?rest_route=\/wp\/v2\/users\/1"}],"replies":[{"embeddable":true,"href":"https:\/\/agromt.news\/index.php?rest_route=%2Fwp%2Fv2%2Fcomments&post=1458"}],"version-history":[{"count":0,"href":"https:\/\/agromt.news\/index.php?rest_route=\/wp\/v2\/posts\/1458\/revisions"}],"wp:featuredmedia":[{"embeddable":true,"href":"https:\/\/agromt.news\/index.php?rest_route=\/wp\/v2\/media\/1459"}],"wp:attachment":[{"href":"https:\/\/agromt.news\/index.php?rest_route=%2Fwp%2Fv2%2Fmedia&parent=1458"}],"wp:term":[{"taxonomy":"category","embeddable":true,"href":"https:\/\/agromt.news\/index.php?rest_route=%2Fwp%2Fv2%2Fcategories&post=1458"},{"taxonomy":"post_tag","embeddable":true,"href":"https:\/\/agromt.news\/index.php?rest_route=%2Fwp%2Fv2%2Ftags&post=1458"}],"curies":[{"name":"wp","href":"https:\/\/api.w.org\/{rel}","templated":true}]}}