{"id":14579,"date":"2025-06-03T14:44:57","date_gmt":"2025-06-03T18:44:57","guid":{"rendered":"https:\/\/agromt.news\/?p=14579"},"modified":"2025-06-03T14:44:57","modified_gmt":"2025-06-03T18:44:57","slug":"aumento-na-producao-baixa-media-de-precos","status":"publish","type":"post","link":"https:\/\/agromt.news\/?p=14579","title":{"rendered":"aumento na produ\u00e7\u00e3o baixa m\u00e9dia de pre\u00e7os"},"content":{"rendered":"<p> <br \/>\n<br \/><img decoding=\"async\" src=\"https:\/\/agromt.news\/wp-content\/uploads\/2025\/06\/aumento-na-producao-baixa-media-de-precos.jpg\" \/><\/p>\n<div>\n<p>Em maio, as principais regi\u00f5es produtoras de banana-nanica registraram alta na produ\u00e7\u00e3o. resultando assim em pre\u00e7os inferiores aos do mesmo per\u00edodo do ano passado. \u00c9 isso que apontam os dados da equipe de Hortifr\u00fati do <a href=\"https:\/\/www.canalrural.com.br\/tag\/cepea\/\">Centro de Estudos Avan\u00e7ados em Economia Aplicada (Cepea)<\/a>.<\/p>\n<p>Pesquisadores afirmam que, no fim de 2024, os term\u00f4metros mais elevados, sobretudo no norte de Minas Gerais e em Santa Catarina, aceleraram o cacheamento da banana nas ro\u00e7as.\u00a0<\/p>\n<\/div>\n<div>\n<p>Dessa forma, no decorrer dos meses seguintes, o volume da fruta nas regi\u00f5es passou a aumentar. Esse cen\u00e1rio implicou uma dificuldade na comercializa\u00e7\u00e3o a patamares mais atrativos aos bananicultores.\u00a0<\/p>\n<p>De acordo com levantamentos do Hortifr\u00fati\/Cepea, no norte de Minas Gerais, a cota\u00e7\u00e3o da nanica de primeira manteve a m\u00e9dia de R$ 0,79\/kg em maio. O valor \u00e9 27% abaixo do registrado no mesmo per\u00edodo do ano passado.<\/p>\n<p><em>*Sob supervis\u00e3o de Luis Roberto Toledo<\/em><\/p>\n<\/p><\/div>\n<p><br \/>\n<br \/><a href=\"https:\/\/www.canalrural.com.br\/agricultura\/banana-nanica-aumento-na-producao-baixa-media-de-precos\/\">Source link <\/a><\/p>\n","protected":false},"excerpt":{"rendered":"<p>Em maio, as principais regi\u00f5es produtoras de banana-nanica registraram alta na produ\u00e7\u00e3o. resultando assim em pre\u00e7os inferiores aos do mesmo<\/p>\n","protected":false},"author":1,"featured_media":14580,"comment_status":"open","ping_status":"open","sticky":false,"template":"","format":"standard","meta":{"_monsterinsights_skip_tracking":false,"_monsterinsights_sitenote_active":false,"_monsterinsights_sitenote_note":"","_monsterinsights_sitenote_category":0,"_uf_show_specific_survey":0,"_uf_disable_surveys":false,"footnotes":""},"categories":[1],"tags":[],"class_list":["post-14579","post","type-post","status-publish","format-standard","has-post-thumbnail","hentry","category-news"],"_links":{"self":[{"href":"https:\/\/agromt.news\/index.php?rest_route=\/wp\/v2\/posts\/14579"}],"collection":[{"href":"https:\/\/agromt.news\/index.php?rest_route=\/wp\/v2\/posts"}],"about":[{"href":"https:\/\/agromt.news\/index.php?rest_route=\/wp\/v2\/types\/post"}],"author":[{"embeddable":true,"href":"https:\/\/agromt.news\/index.php?rest_route=\/wp\/v2\/users\/1"}],"replies":[{"embeddable":true,"href":"https:\/\/agromt.news\/index.php?rest_route=%2Fwp%2Fv2%2Fcomments&post=14579"}],"version-history":[{"count":0,"href":"https:\/\/agromt.news\/index.php?rest_route=\/wp\/v2\/posts\/14579\/revisions"}],"wp:featuredmedia":[{"embeddable":true,"href":"https:\/\/agromt.news\/index.php?rest_route=\/wp\/v2\/media\/14580"}],"wp:attachment":[{"href":"https:\/\/agromt.news\/index.php?rest_route=%2Fwp%2Fv2%2Fmedia&parent=14579"}],"wp:term":[{"taxonomy":"category","embeddable":true,"href":"https:\/\/agromt.news\/index.php?rest_route=%2Fwp%2Fv2%2Fcategories&post=14579"},{"taxonomy":"post_tag","embeddable":true,"href":"https:\/\/agromt.news\/index.php?rest_route=%2Fwp%2Fv2%2Ftags&post=14579"}],"curies":[{"name":"wp","href":"https:\/\/api.w.org\/{rel}","templated":true}]}}