{"id":14575,"date":"2025-06-03T14:29:18","date_gmt":"2025-06-03T18:29:18","guid":{"rendered":"https:\/\/agromt.news\/?p=14575"},"modified":"2025-06-03T14:29:18","modified_gmt":"2025-06-03T18:29:18","slug":"temas-sustentaveis-estao-na-agenda-de-palestras-da-bahia-farm-show-2025","status":"publish","type":"post","link":"https:\/\/agromt.news\/?p=14575","title":{"rendered":"Temas sustent\u00e1veis est\u00e3o na agenda de palestras da Bahia Farm Show 2025"},"content":{"rendered":"<p> <br \/>\n<\/p>\n<div>\n<p>Com foco na agricultura regenerativa e sustentabilidade, a Bahia Farm Show 2025, um dos principais eventos do agroneg\u00f3cio no Brasil, apresentar\u00e1 entre os dias 9 e 14 de junho, em Lu\u00eds Eduardo Magalh\u00e3es (BA), uma extensa programa\u00e7\u00e3o de palestras e debates.<\/p>\n<p>Com o tema \u201cAgro Inteligente, Futuro Sustent\u00e1vel\u201d, a feira reunir\u00e1 especialistas, produtores e empresas para discutir inova\u00e7\u00f5es tecnol\u00f3gicas e pr\u00e1ticas sustent\u00e1veis no setor agr\u00edcola.\u00a0<\/p>\n<p>O evento abordar\u00e1 temas como agricultura de baixo carbono, ESG e o uso de produtos biol\u00f3gicos na agricultura. Palestras sobre a transi\u00e7\u00e3o energ\u00e9tica no agroneg\u00f3cio e investimentos em energias renov\u00e1veis tamb\u00e9m est\u00e3o programadas, destacando a import\u00e2ncia da sustentabilidade no campo.\u00a0<\/p>\n<p>A infraestrutura log\u00edstica e portu\u00e1ria ser\u00e1 tema de debate, com foco no escoamento eficiente de commodities agr\u00edcolas. A import\u00e2ncia da irriga\u00e7\u00e3o para o crescimento das exporta\u00e7\u00f5es e o uso otimizado dos recursos h\u00eddricos integram a programa\u00e7\u00e3o. <\/p>\n<p>Pain\u00e9is sobre governan\u00e7a empresarial e sucess\u00e3o familiar no agroneg\u00f3cio ser\u00e3o conduzidos por especialistas da \u00e1rea, visando fortalecer a gest\u00e3o das empresas rurais.<\/p>\n<p>Workshops apresentar\u00e3o resultados de pesquisas sobre soja, algod\u00e3o e culturas alternativas. A pulveriza\u00e7\u00e3o inteligente na agricultura sustent\u00e1vel e a apresenta\u00e7\u00e3o dos cen\u00e1rios econ\u00f4micos em torno da comercializa\u00e7\u00e3o dos produtos agr\u00edcolas tamb\u00e9m ser\u00e3o destaques na feira. A integra\u00e7\u00e3o de tecnologias como intelig\u00eancia artificial e automa\u00e7\u00e3o ser\u00e1 explorada como meio de aumentar a produtividade e reduzir impactos ambientais.\u00a0<\/p>\n<p>\u00a0\u201cA programa\u00e7\u00e3o de palestras e debates da Bahia Farm Show \u00e9 sempre muito esperada, sendo uma oportunidade de troca de conhecimento ente produtores, t\u00e9cnicos e consultores da \u00e1rea. Al\u00e9m disto, estudantes das universidades est\u00e3o vindo da Bahia e dos estados vizinhos v\u00eam a feira como oportunidade de capacita\u00e7\u00e3o t\u00e9cnica para se aprofundar nas pesquisas e novidades da \u00e1rea\u201d, afirma o presidente da Bahia Farm Show e da Associa\u00e7\u00e3o de Agricultores e Irrigantes da Bahia (Aiba), Mois\u00e9s Schmidt.<\/p>\n<p>A Assembleia Legislativa da Bahia (Alba) estar\u00e1 na Bahia Farm Show com o objetivo de aproximar os deputados estaduais das demandas do setor agr\u00edcola.<\/p>\n<p> A feira tamb\u00e9m abrir\u00e1 espa\u00e7o para agricultura familiar, com um espa\u00e7o que reunir\u00e1 produtores de diversas regi\u00f5es da Bahia, comercializando como chocolates, queijos e artesanato ser\u00e3o comercializados, promovendo a diversidade e a for\u00e7a da produ\u00e7\u00e3o dos pequenos produtores de toda a Bahia.<\/p>\n<h2 class=\"wp-block-heading\" id=\"h-fundacao-bahia\">Funda\u00e7\u00e3o Bahia<\/h2>\n<p>Uma das maiores institui\u00e7\u00f5es de pesquisa para o agro do Pa\u00eds,<strong> <\/strong>a <strong>Funda\u00e7\u00e3o Bahia <\/strong>tamb\u00e9m prepara uma ampla programa\u00e7\u00e3o de eventos t\u00e9cnicos e visitas a campo para a Bahia Farm Show 2025.<\/p>\n<\/div>\n<div>\n<p>Na grade oficial de palestras da Feira, ser\u00e1 realizado um dos eventos mais esperados pelos elos da cadeia produtiva de gr\u00e3os no oeste da Bahia: o Workshop Resultados de Pesquisas da Soja. <\/p>\n<p>O encontro apresenta um panorama da avalia\u00e7\u00e3o de campo feita na temporada pela equipe de pesquisadores e parceiros da Funda\u00e7\u00e3o, fornecendo dados de produ\u00e7\u00e3o, produtividade e fitossanidade; informa\u00e7\u00f5es valiosas para produtores, empres\u00e1rios, t\u00e9cnicos, pesquisadores e institui\u00e7\u00f5es representativas do setor.<\/p>\n<figure class=\"wp-block-image size-large\"><img fetchpriority=\"high\" decoding=\"async\" width=\"1024\" height=\"683\" alt=\"eventos Funda\u00e7\u00e3o Bahia na Bahia Farm Show\" class=\"wp-image-4103681\"  data-lazy- src=\"https:\/\/agromt.news\/wp-content\/uploads\/2025\/06\/Temas-sustentaveis-estao-na-agenda-de-palestras-da-Bahia-Farm.jpg\"\/><img decoding=\"async\" width=\"1024\" height=\"683\" src=\"https:\/\/agromt.news\/wp-content\/uploads\/2025\/06\/Temas-sustentaveis-estao-na-agenda-de-palestras-da-Bahia-Farm.jpg\" alt=\"eventos Funda\u00e7\u00e3o Bahia na Bahia Farm Show\" class=\"wp-image-4103681\"  \/><figcaption class=\"wp-element-caption\">Foto: Divulga\u00e7\u00e3o\/Funda\u00e7\u00e3o Bahia<\/figcaption><\/figure>\n<p>Uma das palestrantes do evento, a gerente de sanidade da GDM Gen\u00e9tica do Brasil Neucimara Ribeiro, vai destacar o Melhoramento Gen\u00e9tico no Manejo de Nematoides, tema de sua apresenta\u00e7\u00e3o.<\/p>\n<p>O Workshop Resultados de Pesquisas da Soja Safra 24\/25 acontece na ter\u00e7a-feira, dia 10 de junho, a partir das 14:00, no audit\u00f3rio oficial da Bahia Farm Show.<\/p>\n<h3 class=\"wp-block-heading\" id=\"h-ciencia-do-solo\"><strong>Ci\u00eancia do Solo<\/strong><\/h3>\n<p>O segundo evento realizado pela Funda\u00e7\u00e3o BA dentro da programa\u00e7\u00e3o oficial da Feira ser\u00e1 o II Workshop Ci\u00eancia do Solo, no dia 12 de junho, a partir das 14h.<\/p>\n<p>\u201cO sucesso no ano passado e o grande interesse do p\u00fablico pelo tema, nos motivou a continuar acompanhando os estudos sobre o manejo do solo. Reunimos consultores, pesquisadores e especialistas que fazem parte de um grupo especialmente criado para discutir e trazer solu\u00e7\u00f5es sobre este assunto\u201d, conta o diretor executivo da Funda\u00e7\u00e3o BA, Nilson Vicente.<\/p>\n<p>O Workshop contar\u00e1 com participa\u00e7\u00e3o do mestre em Ci\u00eancia do Solo pela Universidade Federal do Rio Grande do Sul (UFRS) Leandro Zancanaro. O especialista vai falar sobre os desafios da calagem. Apresenta\u00e7\u00f5es sobre nutri\u00e7\u00e3o de solo e aduba\u00e7\u00e3o tamb\u00e9m est\u00e3o previstas.<\/p>\n<p>A programa\u00e7\u00e3o completa da feira pode ser acessada diretamente do<a href=\"https:\/\/bahiafarmshow.com.br\/palestras-e-programacao\/\" data-type=\"link\" data-id=\"https:\/\/bahiafarmshow.com.br\/palestras-e-programacao\/\"> site oficial do evento.<\/a>.<\/p>\n<hr class=\"wp-block-separator has-alpha-channel-opacity\"\/>\n<p><em>Voc\u00ea tamb\u00e9m pode participar deixando uma sugest\u00e3o de pauta. Siga o\u00a0<a href=\"https:\/\/www.instagram.com\/canalruralbahia\/\">Canal Rural Bahia no Instagram<\/a>\u00a0e nos envie uma mensagem<\/em>.<\/p>\n<\/p><\/div>\n<p><script async src=\"\/\/www.instagram.com\/embed.js\"><\/script><br \/>\n<br \/><br \/>\n<br \/><a href=\"https:\/\/www.canalrural.com.br\/nacional\/bahia\/temas-sustentaveis-estao-na-agenda-de-palestras-da-bahia-farm-show-2025\/\">Source link <\/a><\/p>\n","protected":false},"excerpt":{"rendered":"<p>Com foco na agricultura regenerativa e sustentabilidade, a Bahia Farm Show 2025, um dos principais eventos do agroneg\u00f3cio no Brasil,<\/p>\n","protected":false},"author":1,"featured_media":14576,"comment_status":"open","ping_status":"open","sticky":false,"template":"","format":"standard","meta":{"_monsterinsights_skip_tracking":false,"_monsterinsights_sitenote_active":false,"_monsterinsights_sitenote_note":"","_monsterinsights_sitenote_category":0,"_uf_show_specific_survey":0,"_uf_disable_surveys":false,"footnotes":""},"categories":[1],"tags":[],"class_list":["post-14575","post","type-post","status-publish","format-standard","has-post-thumbnail","hentry","category-news"],"_links":{"self":[{"href":"https:\/\/agromt.news\/index.php?rest_route=\/wp\/v2\/posts\/14575"}],"collection":[{"href":"https:\/\/agromt.news\/index.php?rest_route=\/wp\/v2\/posts"}],"about":[{"href":"https:\/\/agromt.news\/index.php?rest_route=\/wp\/v2\/types\/post"}],"author":[{"embeddable":true,"href":"https:\/\/agromt.news\/index.php?rest_route=\/wp\/v2\/users\/1"}],"replies":[{"embeddable":true,"href":"https:\/\/agromt.news\/index.php?rest_route=%2Fwp%2Fv2%2Fcomments&post=14575"}],"version-history":[{"count":0,"href":"https:\/\/agromt.news\/index.php?rest_route=\/wp\/v2\/posts\/14575\/revisions"}],"wp:featuredmedia":[{"embeddable":true,"href":"https:\/\/agromt.news\/index.php?rest_route=\/wp\/v2\/media\/14576"}],"wp:attachment":[{"href":"https:\/\/agromt.news\/index.php?rest_route=%2Fwp%2Fv2%2Fmedia&parent=14575"}],"wp:term":[{"taxonomy":"category","embeddable":true,"href":"https:\/\/agromt.news\/index.php?rest_route=%2Fwp%2Fv2%2Fcategories&post=14575"},{"taxonomy":"post_tag","embeddable":true,"href":"https:\/\/agromt.news\/index.php?rest_route=%2Fwp%2Fv2%2Ftags&post=14575"}],"curies":[{"name":"wp","href":"https:\/\/api.w.org\/{rel}","templated":true}]}}