{"id":14572,"date":"2025-06-03T12:34:39","date_gmt":"2025-06-03T16:34:39","guid":{"rendered":"https:\/\/agromt.news\/?p=14572"},"modified":"2025-06-03T12:34:39","modified_gmt":"2025-06-03T16:34:39","slug":"importacao-de-trigo-recua-45-em-maio","status":"publish","type":"post","link":"https:\/\/agromt.news\/?p=14572","title":{"rendered":"Importa\u00e7\u00e3o de trigo recua 45% em maio"},"content":{"rendered":"<p> <br \/>\n<\/p>\n<div>\n<p style=\"text-align:justify\">Segundo an\u00e1lise da Central Internacional de An\u00e1lises Econ\u00f4micas e de Estudos de Mercado Agropecu\u00e1rio (Ceema), divulgada na quinta-feira (29), os pre\u00e7os do <a href=\"https:\/\/www.agrolink.com.br\/culturas\/trigo\/?utm_source=agrolink-detalhe-noticia&amp;utm_medium=detalhe-noticia&amp;utm_campaign=links-internos\" target=\"_blank\" rel=\"noopener\">trigo<\/a> de qualidade superior permaneceram est\u00e1veis entre os dias 23 e 29 de maio. No Rio Grande do Sul, a saca foi comercializada a R$ 70,00, enquanto no Paran\u00e1, o valor chegou a R$ 80,00, tomando como refer\u00eancia as principais pra\u00e7as dos dois estados.&#13;\n<\/p>\n<p style=\"text-align:justify\">No cen\u00e1rio externo, os dados da Secretaria de Com\u00e9rcio Exterior (Secex) mostram que as importa\u00e7\u00f5es brasileiras de trigo recuaram em maio. Nos primeiros 11 dias \u00fateis do m\u00eas, foram compradas 359.360 toneladas do cereal, volume 45% inferior ao registrado no mesmo per\u00edodo de 2024.<\/p>\n<p style=\"text-align:justify\">No Rio Grande do Sul, o mercado permanece travado em meio ao in\u00edcio do plantio da nova safra. De acordo com o Ceema, a maioria dos neg\u00f3cios tem ocorrido \u201cda m\u00e3o para a boca\u201d, com poucos produtores comercializando seus estoques, concentrando as vendas nos moinhos de Santa Catarina e Paran\u00e1. &#8220;A maior parte dos neg\u00f3cios envolve produtores pr\u00f3ximos aos moinhos&#8221;, afirma o relat\u00f3rio.&#13;\n<\/p>\n<p style=\"text-align:justify\">Em Santa Catarina, os neg\u00f3cios seguem pontuais, com destaque para o trigo ga\u00facho. Os pre\u00e7os da pedra se mant\u00eam entre R$ 75,00 e R$ 80,00 por saca h\u00e1 seis semanas consecutivas.<\/p>\n<p style=\"text-align:justify\">No Paran\u00e1, a oferta de trigo tanto do Rio Grande do Sul quanto do mercado internacional continua relevante. O pre\u00e7o \u00e0 pronta entrega chegou a R$ 1.500,00 por tonelada, com entrega em julho e pagamento em agosto. J\u00e1 o trigo argentino foi ofertado entre R$ 1.500,00 e R$ 1.520,00 por tonelada FOB Paranagu\u00e1.<\/p>\n<p style=\"text-align:justify\">Para a safra futura, compradores manifestaram interesse por pre\u00e7os de R$ 1.400,00 por tonelada para outubro e R$ 1.350,00 para novembro. No entanto, segundo a TF Agron\u00f4mica, n\u00e3o houve vendedores dispostos a fechar neg\u00f3cio nesses patamares.<\/p>\n<p style=\"text-align:justify\">As perspectivas para a nova safra apontam queda na \u00e1rea plantada. O Paran\u00e1 j\u00e1 estimou retra\u00e7\u00e3o de 22%, enquanto a Companhia Nacional de Abastecimento (Conab) projeta uma redu\u00e7\u00e3o de 11,7% na \u00e1rea nacional. No Rio Grande do Sul, a Emater prev\u00ea recuo de 18%, o que deve limitar o cultivo a cerca de 1,1 milh\u00e3o de hectares.&#13;\n<\/p>\n<p style=\"text-align:justify\">Neste contexto, segundo a Conab, para alcan\u00e7ar a proje\u00e7\u00e3o de 8,2 milh\u00f5es de toneladas de produ\u00e7\u00e3o nacional, ser\u00e1 necess\u00e1rio um clima bastante favor\u00e1vel ao longo do ciclo.<\/p>\n<\/p><\/div>\n<p><script data-cfasync=\"false\">\n    !function (f, b, e, v, n, t, s) {\n        if (f.fbq) return; n = f.fbq = function () {\n            n.callMethod ?\n                n.callMethod.apply(n, arguments) : n.queue.push(arguments)\n        };\n        if (!f._fbq) f._fbq = n; n.push = n; n.loaded = !0; n.version = '2.0';\n        n.queue = []; t = b.createElement(e); t.async = !0;\n        t.src = v; s = b.getElementsByTagName(e)[0];\n        s.parentNode.insertBefore(t, s)\n    }(window, document, 'script',\n        'https:\/\/connect.facebook.net\/en_US\/fbevents.js');\n    fbq('init', '522546078623747');\n    fbq('track', 'PageView');\n<\/script><br \/>\n<br \/><br \/>\n<br \/><a href=\"https:\/\/www.agrolink.com.br\/noticias\/importacao-de-trigo-recua-45--em-maio_502545.html\">Source link <\/a><\/p>\n","protected":false},"excerpt":{"rendered":"<p>Segundo an\u00e1lise da Central Internacional de An\u00e1lises Econ\u00f4micas e de Estudos de Mercado Agropecu\u00e1rio (Ceema), divulgada na quinta-feira (29), os<\/p>\n","protected":false},"author":1,"featured_media":14573,"comment_status":"open","ping_status":"open","sticky":false,"template":"","format":"standard","meta":{"_monsterinsights_skip_tracking":false,"_monsterinsights_sitenote_active":false,"_monsterinsights_sitenote_note":"","_monsterinsights_sitenote_category":0,"_uf_show_specific_survey":0,"_uf_disable_surveys":false,"footnotes":""},"categories":[8,1,14],"tags":[],"class_list":["post-14572","post","type-post","status-publish","format-standard","has-post-thumbnail","hentry","category-agro","category-news","category-politica-agro"],"_links":{"self":[{"href":"https:\/\/agromt.news\/index.php?rest_route=\/wp\/v2\/posts\/14572"}],"collection":[{"href":"https:\/\/agromt.news\/index.php?rest_route=\/wp\/v2\/posts"}],"about":[{"href":"https:\/\/agromt.news\/index.php?rest_route=\/wp\/v2\/types\/post"}],"author":[{"embeddable":true,"href":"https:\/\/agromt.news\/index.php?rest_route=\/wp\/v2\/users\/1"}],"replies":[{"embeddable":true,"href":"https:\/\/agromt.news\/index.php?rest_route=%2Fwp%2Fv2%2Fcomments&post=14572"}],"version-history":[{"count":0,"href":"https:\/\/agromt.news\/index.php?rest_route=\/wp\/v2\/posts\/14572\/revisions"}],"wp:featuredmedia":[{"embeddable":true,"href":"https:\/\/agromt.news\/index.php?rest_route=\/wp\/v2\/media\/14573"}],"wp:attachment":[{"href":"https:\/\/agromt.news\/index.php?rest_route=%2Fwp%2Fv2%2Fmedia&parent=14572"}],"wp:term":[{"taxonomy":"category","embeddable":true,"href":"https:\/\/agromt.news\/index.php?rest_route=%2Fwp%2Fv2%2Fcategories&post=14572"},{"taxonomy":"post_tag","embeddable":true,"href":"https:\/\/agromt.news\/index.php?rest_route=%2Fwp%2Fv2%2Ftags&post=14572"}],"curies":[{"name":"wp","href":"https:\/\/api.w.org\/{rel}","templated":true}]}}