{"id":14570,"date":"2025-06-03T12:22:20","date_gmt":"2025-06-03T16:22:20","guid":{"rendered":"https:\/\/agromt.news\/?p=14570"},"modified":"2025-06-03T12:22:20","modified_gmt":"2025-06-03T16:22:20","slug":"vazio-sanitario-da-soja-2025-no-pr-esta-em-vigor","status":"publish","type":"post","link":"https:\/\/agromt.news\/?p=14570","title":{"rendered":"Vazio sanit\u00e1rio da soja 2025 no PR est\u00e1 em vigor"},"content":{"rendered":"<p> <br \/>\n<br \/><img decoding=\"async\" src=\"https:\/\/agromt.news\/wp-content\/uploads\/2025\/06\/Vazio-sanitario-da-soja-2025-no-PR-esta-em-vigor.jpeg\" \/><\/p>\n<div>\n<p>Come\u00e7ou o per\u00edodo do vazio sanit\u00e1rio da soja no Paran\u00e1 com um calend\u00e1rio dividido em tr\u00eas regi\u00f5es, cada uma com um per\u00edodo de semeadura espec\u00edfico. A medida visa aumentar o controle da ferrugem asi\u00e1tica e foi aprovada pela Ag\u00eancia de Defesa Agropecu\u00e1ria do Estado (ADAPAR), levando em considera\u00e7\u00e3o as caracter\u00edsticas clim\u00e1ticas de cada regi\u00e3o.<\/p>\n<p>Na regi\u00e3o 1, o plantio s\u00f3 poder\u00e1 come\u00e7ar a partir de 20 de setembro. Na regi\u00e3o 2, o plantio ter\u00e1 in\u00edcio um pouco antes, a partir de 1\u00ba de setembro. Para a regi\u00e3o 3, que engloba os munic\u00edpios do Sudoeste do estado, a ADAPAR prop\u00f4s uma altera\u00e7\u00e3o, antecipando em 12 dias o in\u00edcio do vazio sanit\u00e1rio, de 22 de junho para 10 de junho de 2025, com o in\u00edcio da semeadura em 11 de setembro.<\/p>\n<\/div>\n<div>\n<p>A fiscaliza\u00e7\u00e3o do cumprimento dos per\u00edodos de vazio sanit\u00e1rio e do plantio da soja ficar\u00e1 a cargo da ADAPAR. O agricultor que n\u00e3o respeitar as datas estabelecidas poder\u00e1 ser multado pelo \u00f3rg\u00e3o fiscalizador, al\u00e9m de comprometer a sanidade da lavoura.<\/p>\n<p>De acordo com Ana Paula Kowalski, t\u00e9cnica do DTE do Sistema FAEP, \u00e9 uma medida fitossanit\u00e1ria muito importante para o controle da soja e ser\u00e1 fiscalizada a campo. \u201cO produtor deve ficar atento, fazer a elimina\u00e7\u00e3o da soja que emergir naturalmente e controlar nesse per\u00edodo de 90 dias\u201d, disse. Ela tamb\u00e9m alertou sobre a altera\u00e7\u00e3o no calend\u00e1rio da regi\u00e3o Sudoeste e refor\u00e7ou a import\u00e2ncia de seguir as datas estabelecidas. Segundo ela, o calend\u00e1rio desta regi\u00e3o n\u00e3o deve sofrer mais altera\u00e7\u00f5es, caso fique comprovado que est\u00e1 adequado. \u201cHouve um consenso com os produtores da regi\u00e3o para anteciparmos o in\u00edcio da semeadura e consequentemente, encerra-se mais cedo, at\u00e9 o dia 10 de janeiro\u201d, afirmou a t\u00e9cnica da FAEP.<\/p>\n<\/p><\/div>\n<p><br \/>\n<br \/><a href=\"https:\/\/www.canalrural.com.br\/nacional\/parana\/vazio-sanitario-da-soja-2025-no-pr-esta-em-vigor\/\">Source link <\/a><\/p>\n","protected":false},"excerpt":{"rendered":"<p>Come\u00e7ou o per\u00edodo do vazio sanit\u00e1rio da soja no Paran\u00e1 com um calend\u00e1rio dividido em tr\u00eas regi\u00f5es, cada uma com<\/p>\n","protected":false},"author":1,"featured_media":14571,"comment_status":"open","ping_status":"open","sticky":false,"template":"","format":"standard","meta":{"_monsterinsights_skip_tracking":false,"_monsterinsights_sitenote_active":false,"_monsterinsights_sitenote_note":"","_monsterinsights_sitenote_category":0,"_uf_show_specific_survey":0,"_uf_disable_surveys":false,"footnotes":""},"categories":[1],"tags":[],"class_list":["post-14570","post","type-post","status-publish","format-standard","has-post-thumbnail","hentry","category-news"],"_links":{"self":[{"href":"https:\/\/agromt.news\/index.php?rest_route=\/wp\/v2\/posts\/14570"}],"collection":[{"href":"https:\/\/agromt.news\/index.php?rest_route=\/wp\/v2\/posts"}],"about":[{"href":"https:\/\/agromt.news\/index.php?rest_route=\/wp\/v2\/types\/post"}],"author":[{"embeddable":true,"href":"https:\/\/agromt.news\/index.php?rest_route=\/wp\/v2\/users\/1"}],"replies":[{"embeddable":true,"href":"https:\/\/agromt.news\/index.php?rest_route=%2Fwp%2Fv2%2Fcomments&post=14570"}],"version-history":[{"count":0,"href":"https:\/\/agromt.news\/index.php?rest_route=\/wp\/v2\/posts\/14570\/revisions"}],"wp:featuredmedia":[{"embeddable":true,"href":"https:\/\/agromt.news\/index.php?rest_route=\/wp\/v2\/media\/14571"}],"wp:attachment":[{"href":"https:\/\/agromt.news\/index.php?rest_route=%2Fwp%2Fv2%2Fmedia&parent=14570"}],"wp:term":[{"taxonomy":"category","embeddable":true,"href":"https:\/\/agromt.news\/index.php?rest_route=%2Fwp%2Fv2%2Fcategories&post=14570"},{"taxonomy":"post_tag","embeddable":true,"href":"https:\/\/agromt.news\/index.php?rest_route=%2Fwp%2Fv2%2Ftags&post=14570"}],"curies":[{"name":"wp","href":"https:\/\/api.w.org\/{rel}","templated":true}]}}