{"id":14568,"date":"2025-06-03T11:25:40","date_gmt":"2025-06-03T15:25:40","guid":{"rendered":"https:\/\/agromt.news\/?p=14568"},"modified":"2025-06-03T11:25:40","modified_gmt":"2025-06-03T15:25:40","slug":"area-de-soja-para-a-safra-25-26-cresce-na-teoria-mas-desanimo-toma-conta-do-campo-saiba-onde","status":"publish","type":"post","link":"https:\/\/agromt.news\/?p=14568","title":{"rendered":"\u00c1rea de soja para a safra 25\/26 cresce &#8216;na teoria&#8217;, mas des\u00e2nimo toma conta do campo; saiba onde"},"content":{"rendered":"<p> <br \/>\n<br \/><img decoding=\"async\" src=\"https:\/\/agromt.news\/wp-content\/uploads\/2025\/06\/Area-de-soja-para-a-safra-2526-cresce-na-teoria.jpeg\" \/><\/p>\n<div>\n<p>A <a href=\"https:\/\/www.canalrural.com.br\/?s=soja\">\u00e1rea <\/a>projetada para a safra de soja do Mato Grosso em 2025\/26 est\u00e1 estimada em 13,01 milh\u00f5es de hectares, representando um aumento de 1,67% em rela\u00e7\u00e3o \u00e0 safra anterior. A previs\u00e3o faz parte de dados divulgados pelo Instituto Mato-grossense de Economia Agropecu\u00e1ria (<a href=\"https:\/\/www.imea.com.br\/imea-site\/\">Imea<\/a>).<\/p>\n<ul class=\"wp-block-list\">\n<li><strong><em>Fique por dentro das novidades e not\u00edcias recentes sobre a soja! Participe da nossa comunidade atrav\u00e9s do\u00a0<a href=\"https:\/\/chat.whatsapp.com\/BmMRwA0TZ2DHGyhzoaVEWu\">link<\/a><\/em><\/strong>!<\/li>\n<\/ul>\n<p>Segundo o Instituto, as incertezas quanto aos investimentos para a pr\u00f3xima temporada continuam elevadas. A combina\u00e7\u00e3o de taxa de juros ainda alta, custos de produ\u00e7\u00e3o pressionados e pre\u00e7os pouco atrativos da soja tem sido suficiente para frear o apetite dos produtores por expans\u00e3o. O cen\u00e1rio econ\u00f4mico tem imposto cautela ao setor, o que dificulta as decis\u00f5es estrat\u00e9gicas no campo.<\/p>\n<\/div>\n<div>\n<p>Com esse ambiente adverso, muitos agricultores t\u00eam optado por manter ou at\u00e9 reduzir o n\u00edvel de investimento nas lavouras, o que impacta diretamente as estimativas de produtividade. \u201cEm rela\u00e7\u00e3o ao rendimento da soja, neste primeiro momento, as proje\u00e7\u00f5es permanecem conservadoras, uma vez que diversos fatores que podem impactar a produtividade ainda s\u00e3o incertos, como as condi\u00e7\u00f5es clim\u00e1ticas, a ocorr\u00eancia de pragas e doen\u00e7as, e o n\u00edvel de investimento dos produtores\u201d, alerta o Imea em seu boletim mais recente.<\/p>\n<p>A institui\u00e7\u00e3o utilizou a m\u00e9dia dos \u00faltimos tr\u00eas ciclos agr\u00edcolas para tra\u00e7ar o cen\u00e1rio atual. O resultado foi uma estimativa de 60,45 sacas por hectare, o que representa uma queda de 8,81% em rela\u00e7\u00e3o \u00e0 safra passada.<\/p>\n<p>Quanto \u00e0 produ\u00e7\u00e3o total, a proje\u00e7\u00e3o \u00e9 de 47,18 milh\u00f5es de toneladas para a safra 2025\/26, marcando uma retra\u00e7\u00e3o de 7,29% em compara\u00e7\u00e3o ao ciclo anterior. Mesmo com uma \u00e1rea cultivada ligeiramente maior, a perspectiva \u00e9 de uma safra menor em volume, refor\u00e7ando a percep\u00e7\u00e3o de que o otimismo no setor est\u00e1 longe de um consenso.<\/p>\n<\/p><\/div>\n<p><br \/>\n<br \/><a href=\"https:\/\/www.canalrural.com.br\/agricultura\/projeto-soja-brasil\/area-de-soja-para-a-safra-25-26-cresce-na-teoria-mas-desanimo-toma-conta-do-campo\/\">Source link <\/a><\/p>\n","protected":false},"excerpt":{"rendered":"<p>A \u00e1rea projetada para a safra de soja do Mato Grosso em 2025\/26 est\u00e1 estimada em 13,01 milh\u00f5es de hectares,<\/p>\n","protected":false},"author":1,"featured_media":14569,"comment_status":"open","ping_status":"open","sticky":false,"template":"","format":"standard","meta":{"_monsterinsights_skip_tracking":false,"_monsterinsights_sitenote_active":false,"_monsterinsights_sitenote_note":"","_monsterinsights_sitenote_category":0,"_uf_show_specific_survey":0,"_uf_disable_surveys":false,"footnotes":""},"categories":[1],"tags":[],"class_list":["post-14568","post","type-post","status-publish","format-standard","has-post-thumbnail","hentry","category-news"],"_links":{"self":[{"href":"https:\/\/agromt.news\/index.php?rest_route=\/wp\/v2\/posts\/14568"}],"collection":[{"href":"https:\/\/agromt.news\/index.php?rest_route=\/wp\/v2\/posts"}],"about":[{"href":"https:\/\/agromt.news\/index.php?rest_route=\/wp\/v2\/types\/post"}],"author":[{"embeddable":true,"href":"https:\/\/agromt.news\/index.php?rest_route=\/wp\/v2\/users\/1"}],"replies":[{"embeddable":true,"href":"https:\/\/agromt.news\/index.php?rest_route=%2Fwp%2Fv2%2Fcomments&post=14568"}],"version-history":[{"count":0,"href":"https:\/\/agromt.news\/index.php?rest_route=\/wp\/v2\/posts\/14568\/revisions"}],"wp:featuredmedia":[{"embeddable":true,"href":"https:\/\/agromt.news\/index.php?rest_route=\/wp\/v2\/media\/14569"}],"wp:attachment":[{"href":"https:\/\/agromt.news\/index.php?rest_route=%2Fwp%2Fv2%2Fmedia&parent=14568"}],"wp:term":[{"taxonomy":"category","embeddable":true,"href":"https:\/\/agromt.news\/index.php?rest_route=%2Fwp%2Fv2%2Fcategories&post=14568"},{"taxonomy":"post_tag","embeddable":true,"href":"https:\/\/agromt.news\/index.php?rest_route=%2Fwp%2Fv2%2Ftags&post=14568"}],"curies":[{"name":"wp","href":"https:\/\/api.w.org\/{rel}","templated":true}]}}