{"id":14567,"date":"2025-06-03T11:10:56","date_gmt":"2025-06-03T15:10:56","guid":{"rendered":"https:\/\/agromt.news\/?p=14567"},"modified":"2025-06-03T11:10:56","modified_gmt":"2025-06-03T15:10:56","slug":"exportacao-mundial-em-abril-diminui-546-informa-oic","status":"publish","type":"post","link":"https:\/\/agromt.news\/?p=14567","title":{"rendered":"exporta\u00e7\u00e3o mundial em abril diminui 5,46%, informa OIC"},"content":{"rendered":"<p> <br \/>\n<br \/><img decoding=\"async\" src=\"https:\/\/agromt.news\/wp-content\/uploads\/2024\/11\/Brasil-exporta-recorde-de-49-milhoes-de-sacas-de-cafe.jpg\" \/><\/p>\n<div>\n<p>A exporta\u00e7\u00e3o mundial de caf\u00e9 alcan\u00e7ou 11,43 milh\u00f5es de sacas de 60 kg em abril, o s\u00e9timo m\u00eas da safra 2024\/25. O volume corresponde a uma queda de 5,46% na compara\u00e7\u00e3o com igual m\u00eas de 2024 (12,09 milh\u00f5es de sacas). <\/p>\n<p>Os n\u00fameros fazem parte de relat\u00f3rio mensal da Organiza\u00e7\u00e3o Internacional do Caf\u00e9 <strong><a href=\"http:\/\/www.canalrural.com.br\/tag\/oic\/\">(OIC)<\/a><\/strong>.<\/p>\n<\/div>\n<div>\n<p>No acumulado dos sete primeiros meses do ano comercial, os embarques somaram 78,51 milh\u00f5es de sacas, recuo de 3,5% ante igual per\u00edodo do ciclo 2023\/24, quando totalizaram 81,39 milh\u00f5es de sacas. <\/p>\n<p>Nos 12 meses encerrados em abril de 2025, a exporta\u00e7\u00e3o de ar\u00e1bica totalizou 86,34 milh\u00f5es de sacas, ante 79,85 milh\u00f5es de sacas em igual per\u00edodo do ano anterior, aumento de 8,13%. J\u00e1 o embarque de robusta diminuiu 5,73% na mesma compara\u00e7\u00e3o, de 52,66 milh\u00f5es para 49,64 milh\u00f5es de sacas.<\/p>\n<\/p><\/div>\n<p><br \/>\n<br \/><a href=\"https:\/\/www.canalrural.com.br\/agricultura\/cafe\/cafe-exportacao-mundial-em-abril-diminui-546-informa-oic\/\">Source link <\/a><\/p>\n","protected":false},"excerpt":{"rendered":"<p>A exporta\u00e7\u00e3o mundial de caf\u00e9 alcan\u00e7ou 11,43 milh\u00f5es de sacas de 60 kg em abril, o s\u00e9timo m\u00eas da safra<\/p>\n","protected":false},"author":1,"featured_media":4841,"comment_status":"open","ping_status":"open","sticky":false,"template":"","format":"standard","meta":{"_monsterinsights_skip_tracking":false,"_monsterinsights_sitenote_active":false,"_monsterinsights_sitenote_note":"","_monsterinsights_sitenote_category":0,"_uf_show_specific_survey":0,"_uf_disable_surveys":false,"footnotes":""},"categories":[1],"tags":[],"class_list":["post-14567","post","type-post","status-publish","format-standard","has-post-thumbnail","hentry","category-news"],"_links":{"self":[{"href":"https:\/\/agromt.news\/index.php?rest_route=\/wp\/v2\/posts\/14567"}],"collection":[{"href":"https:\/\/agromt.news\/index.php?rest_route=\/wp\/v2\/posts"}],"about":[{"href":"https:\/\/agromt.news\/index.php?rest_route=\/wp\/v2\/types\/post"}],"author":[{"embeddable":true,"href":"https:\/\/agromt.news\/index.php?rest_route=\/wp\/v2\/users\/1"}],"replies":[{"embeddable":true,"href":"https:\/\/agromt.news\/index.php?rest_route=%2Fwp%2Fv2%2Fcomments&post=14567"}],"version-history":[{"count":0,"href":"https:\/\/agromt.news\/index.php?rest_route=\/wp\/v2\/posts\/14567\/revisions"}],"wp:featuredmedia":[{"embeddable":true,"href":"https:\/\/agromt.news\/index.php?rest_route=\/wp\/v2\/media\/4841"}],"wp:attachment":[{"href":"https:\/\/agromt.news\/index.php?rest_route=%2Fwp%2Fv2%2Fmedia&parent=14567"}],"wp:term":[{"taxonomy":"category","embeddable":true,"href":"https:\/\/agromt.news\/index.php?rest_route=%2Fwp%2Fv2%2Fcategories&post=14567"},{"taxonomy":"post_tag","embeddable":true,"href":"https:\/\/agromt.news\/index.php?rest_route=%2Fwp%2Fv2%2Ftags&post=14567"}],"curies":[{"name":"wp","href":"https:\/\/api.w.org\/{rel}","templated":true}]}}