{"id":14566,"date":"2025-06-03T10:38:23","date_gmt":"2025-06-03T14:38:23","guid":{"rendered":"https:\/\/agromt.news\/?p=14566"},"modified":"2025-06-03T10:38:23","modified_gmt":"2025-06-03T14:38:23","slug":"com-reajuste-de-688-rede-de-armazens-deve-ser-ampliada","status":"publish","type":"post","link":"https:\/\/agromt.news\/?p=14566","title":{"rendered":"Com reajuste de 6,88%, rede de armaz\u00e9ns deve ser ampliada"},"content":{"rendered":"<p> <br \/>\n<\/p>\n<div>\n<div class=\"row\">\n<div class=\"col-lg col-infos mt-0 mt-lg-0\">\n<div class=\"section-sub-title\">\n<p itemprop=\"description\">&#13;<br \/>\n                                Medida foi aprovada pela Diretoria Colegiada da Companhia&#13;\n                            <\/p>\n<\/p><\/div>\n<div class=\"container\">\n<div class=\"row\">\n<div class=\"col-lg p-0\">\n<div>\n<div class=\"block-news-main-infos mt-3 text-start\">\n<p>                                            <strong class=\"fn\" itemprop=\"author\" style=\"color: rgb(112, 112, 112); \">&#13;<br \/>\n                                                <a href=\"https:\/\/www.agrolink.com.br\/noticias\/javascript:;\" class=\"text-uppercase\" target=\"_blank\" style=\"color: rgb(112, 112, 112); \" rel=\"noopener\">Agrolink<\/a>&#13;<br \/>\n&#13;<br \/>\n                                                    &#8211; Aline Merladete&#13;<br \/>\n&#13;<br \/>\n                                            <\/strong><br \/>\n                                        <\/p>\n<p>                                            <abbr><time datetime=\"2025-06-02T17:09\" itemprop=\"datePublished dateModified\">Publicado em 02\/06\/2025 \u00e0s 17:09h.<\/time><\/abbr><br \/>\n                                            <\/p><\/div>\n<\/p><\/div>\n<\/p><\/div>\n<div class=\"col-lg p-0 text-lg-end\">\n<div>\n<div id=\"mdEnviarPagina\" class=\"modal fade\" role=\"dialog\">\n<div class=\"modal-dialog\">\n<div class=\"modal-content\">\n<div class=\"modal-body\">\n<p><strong>Estimado usu\u00e1rio.<\/strong><br \/>Preencha o formul\u00e1rio abaixo para remeter a p\u00e1gina.<\/p>\n<\/p><\/div>\n<\/p><\/div>\n<\/p><\/div>\n<\/div><\/div>\n<\/p><\/div>\n<\/p><\/div>\n<\/p><\/div>\n<\/p><\/div>\n<\/p><\/div>\n<div class=\"row justify-content-md-center mt-3\">\n<div class=\"col-lg-auto col-image block-news-main-image\">\n<p>                                <img decoding=\"async\" src=\"https:\/\/www.agrolink.com.br\/upload\/imagens-resizes\/db35021cf0334f3ebb2b53625c512aec_858x483.jpg\" class=\"lazyload img-fluid\"\/><br \/>\n                                                <span class=\"publicity-photo d-block mt-1\">Foto: Leonardo Gottems<\/span><\/p><\/div>\n<\/p><\/div>\n<div class=\"section-description section-description-noticias mt-3\">\n<p style=\"text-align:justify\">As tarifas cobradas pela Companhia Nacional de Abastecimento (Conab) para servi\u00e7os de armazenagem foram atualizadas com um aumento m\u00e9dio de 6,88%. Os novos valores passaram a vigorar em maio e t\u00eam como objetivo tornar mais atrativa a participa\u00e7\u00e3o de armazenadores privados no sistema de estocagem p\u00fablica, al\u00e9m de ampliar a rede de unidades credenciadas para receber produtos vinculados \u00e0s pol\u00edticas agr\u00edcolas do governo federal.&#13;\n<\/p>\n<p style=\"text-align:justify\">Segundo informa\u00e7\u00f5es da Conab, a medida foi aprovada pela Diretoria Colegiada da Companhia e publicada no Di\u00e1rio Oficial da Uni\u00e3o. O \u00faltimo reajuste havia sido feito em junho de 2023. Com a nova atualiza\u00e7\u00e3o, o governo busca fortalecer os estoques reguladores, fundamentais para garantir pre\u00e7os m\u00ednimos ao produtor rural, abastecer o programa Venda em Balc\u00e3o (ProVB), viabilizar a\u00e7\u00f5es de doa\u00e7\u00e3o de alimentos e assegurar o equil\u00edbrio do abastecimento interno em momentos de oscila\u00e7\u00e3o de mercado.<\/p>\n<p style=\"text-align:justify\">A nova tabela de pre\u00e7os traz os valores detalhados para diferentes opera\u00e7\u00f5es e tipos de produto. Por exemplo, o custo para recebimento ou expedi\u00e7\u00e3o de produtos a granel foi fixado em R$ 3,45 por tonelada. J\u00e1 o valor da armazenagem quinzenal de granel est\u00e1 em R$ 3,95 por tonelada \u2014 com acr\u00e9scimo de 50% no caso do arroz. Al\u00e9m disso, h\u00e1 sobretaxas espec\u00edficas para produtos como milho e feij\u00e3o, com al\u00edquotas que variam conforme as caracter\u00edsticas da mercadoria armazenada. A tabela completa pode ser consultada na se\u00e7\u00e3o de Armazenagem do site oficial da Conab.&#13;\n<\/p>\n<p style=\"text-align:justify\">Para participar do sistema de estocagem da Conab, os armaz\u00e9ns interessados precisam estar credenciados e firmar um Contrato de Dep\u00f3sito com a estatal. Esse documento define todas as condi\u00e7\u00f5es operacionais, t\u00e9cnicas e de remunera\u00e7\u00e3o, com base na tabela atualizada. Os requisitos est\u00e3o dispon\u00edveis no Edital de Chamada P\u00fablica 01\/2025. A ades\u00e3o deve ser formalizada por meio da Superintend\u00eancia Regional da Companhia no estado onde o armaz\u00e9m est\u00e1 localizado.<\/p>\n<p style=\"text-align:justify\">O cumprimento dos crit\u00e9rios t\u00e9cnicos exigidos \u00e9 fiscalizado periodicamente pela Conab, garantindo a integridade e a rastreabilidade dos estoques p\u00fablicos. Armazenadores interessados em aderir ao sistema ou esclarecer d\u00favidas sobre o reajuste podem entrar em contato diretamente pelo telefone <a href=\"https:\/\/www.agrolink.com.br\/noticias\/tel:(61) 3312-6116\">(61) 3312-6116<\/a>.&#13;\n<\/p>\n<\/p><\/div>\n<\/p><\/div>\n<p><script data-cfasync=\"false\">\n    !function (f, b, e, v, n, t, s) {\n        if (f.fbq) return; n = f.fbq = function () {\n            n.callMethod ?\n                n.callMethod.apply(n, arguments) : n.queue.push(arguments)\n        };\n        if (!f._fbq) f._fbq = n; n.push = n; n.loaded = !0; n.version = '2.0';\n        n.queue = []; t = b.createElement(e); t.async = !0;\n        t.src = v; s = b.getElementsByTagName(e)[0];\n        s.parentNode.insertBefore(t, s)\n    }(window, document, 'script',\n        'https:\/\/connect.facebook.net\/en_US\/fbevents.js');\n    fbq('init', '522546078623747');\n    fbq('track', 'PageView');\n<\/script><br \/>\n<br \/><br \/>\n<br \/><a href=\"https:\/\/www.agrolink.com.br\/noticias\/com-reajuste-de-6-88---rede-de-armazens-deve-ser-ampliada_502546.html\">Source link <\/a><\/p>\n","protected":false},"excerpt":{"rendered":"<p>&#13; Medida foi aprovada pela Diretoria Colegiada da Companhia&#13; &#13; Agrolink&#13; &#13; &#8211; Aline Merladete&#13; &#13; Publicado em 02\/06\/2025 \u00e0s<\/p>\n","protected":false},"author":1,"featured_media":12537,"comment_status":"open","ping_status":"open","sticky":false,"template":"","format":"standard","meta":{"_monsterinsights_skip_tracking":false,"_monsterinsights_sitenote_active":false,"_monsterinsights_sitenote_note":"","_monsterinsights_sitenote_category":0,"_uf_show_specific_survey":0,"_uf_disable_surveys":false,"footnotes":""},"categories":[8,1,14],"tags":[],"class_list":["post-14566","post","type-post","status-publish","format-standard","has-post-thumbnail","hentry","category-agro","category-news","category-politica-agro"],"_links":{"self":[{"href":"https:\/\/agromt.news\/index.php?rest_route=\/wp\/v2\/posts\/14566"}],"collection":[{"href":"https:\/\/agromt.news\/index.php?rest_route=\/wp\/v2\/posts"}],"about":[{"href":"https:\/\/agromt.news\/index.php?rest_route=\/wp\/v2\/types\/post"}],"author":[{"embeddable":true,"href":"https:\/\/agromt.news\/index.php?rest_route=\/wp\/v2\/users\/1"}],"replies":[{"embeddable":true,"href":"https:\/\/agromt.news\/index.php?rest_route=%2Fwp%2Fv2%2Fcomments&post=14566"}],"version-history":[{"count":0,"href":"https:\/\/agromt.news\/index.php?rest_route=\/wp\/v2\/posts\/14566\/revisions"}],"wp:featuredmedia":[{"embeddable":true,"href":"https:\/\/agromt.news\/index.php?rest_route=\/wp\/v2\/media\/12537"}],"wp:attachment":[{"href":"https:\/\/agromt.news\/index.php?rest_route=%2Fwp%2Fv2%2Fmedia&parent=14566"}],"wp:term":[{"taxonomy":"category","embeddable":true,"href":"https:\/\/agromt.news\/index.php?rest_route=%2Fwp%2Fv2%2Fcategories&post=14566"},{"taxonomy":"post_tag","embeddable":true,"href":"https:\/\/agromt.news\/index.php?rest_route=%2Fwp%2Fv2%2Ftags&post=14566"}],"curies":[{"name":"wp","href":"https:\/\/api.w.org\/{rel}","templated":true}]}}