{"id":14562,"date":"2025-06-03T09:45:25","date_gmt":"2025-06-03T13:45:25","guid":{"rendered":"https:\/\/agromt.news\/?p=14562"},"modified":"2025-06-03T09:45:25","modified_gmt":"2025-06-03T13:45:25","slug":"iof-no-maximo-ate-15h-desta-terca-teremos-definicao-sobre-alternativas-diz-haddad","status":"publish","type":"post","link":"https:\/\/agromt.news\/?p=14562","title":{"rendered":"IOF: No m\u00e1ximo at\u00e9 15h desta ter\u00e7a teremos defini\u00e7\u00e3o sobre alternativas, diz Haddad"},"content":{"rendered":"<p> <br \/>\n<br \/><img decoding=\"async\" src=\"https:\/\/agromt.news\/wp-content\/uploads\/2025\/02\/Plano-Safra-maior-e-o-primeiro-passo-para-conter-inflacao.jpg\" \/><\/p>\n<div>\n<p>O ministro da Fazenda, Fernando Haddad, apresentou ponto a ponto, com estimativas de impacto, um conjunto de medidas para sanear as contas p\u00fablicas do ponto de vista estrutural aos presidentes da C\u00e2mara, Hugo Motta (Republicanos-PB), e do Senado, Davi Alcolumbre (Uni\u00e3o-AP), em reuni\u00e3o na noite desta segunda-feira (2).<\/p>\n<p>Com a concord\u00e2ncia dos l\u00edderes do Congresso, as medidas ser\u00e3o levadas ao presidente Luiz In\u00e1cio Lula da Silva nesta ter\u00e7a-feira (3). A expectativa do ministro \u00e9 de que haja alguma defini\u00e7\u00e3o em torno delas at\u00e9 \u00e0s 15h. Essas a\u00e7\u00f5es foram elaboradas na esteira da rejei\u00e7\u00e3o do Congresso ao decreto que aumentou o Imposto sobre Opera\u00e7\u00f5es Financeiras (IOF) e iniciou o debate para a ado\u00e7\u00e3o de medidas estruturantes.<\/p>\n<p>\u201cN\u00f3s conseguimos apresentar ponto por ponto daquilo que j\u00e1 tinha sido sugerido por alguns parlamentares, dentre os quais os pr\u00f3prios presidentes das duas casas, j\u00e1 com uma estimativa de impacto sobre as contas p\u00fablicas, ben\u00e9fico para as contas p\u00fablicas e estrutural, ou seja, uma coisa para resolver 2025, uma coisa que tem impacto duradouro ao longo do tempo. E creio que hoje n\u00f3s vamos ter uma reuni\u00e3o com o presidente da Rep\u00fablica bastante produtiva, porque n\u00f3s chegamos a um entendimento, pequenos detalhes para a semana de entradas, de fato pequenos. Eu penso que o plano de voo est\u00e1 bem montado\u201d, disse Haddad a jornalistas ao chegar \u00e0 sede da Fazenda.<\/p>\n<p>De acordo com o ministro, tamb\u00e9m estiveram na reuni\u00e3o a ministra Gleisi Hoffmann, da Secretaria de Rela\u00e7\u00f5es Institucionais, o l\u00edder do governo na C\u00e2mara, Jos\u00e9 Guimar\u00e3es (PT-CE), o secret\u00e1rio-executivo da Fazenda, Dario Durigan, e Bruno Moretti, secret\u00e1rio especial de An\u00e1lise Governamental da Casa Civil.<\/p>\n<\/div>\n<div>\n<p>\u201cPara garantir um ambiente pol\u00edtico de qualidade, n\u00f3s precisamos de reformas estruturais. O Congresso pediu, a Fazenda organizou, apresentou. Obviamente, isso vai depender agora de uma avalia\u00e7\u00e3o dos partidos pol\u00edticos, mas s\u00f3 o fato de n\u00f3s termos o aval dos presidentes das duas Casas j\u00e1 \u00e9 uma coisa muito significativa\u201d, disse. Haddad avaliou que as medidas s\u00e3o tecnicamente robustas e est\u00e3o politicamente amparadas, e isso permitir\u00e1 que o Congresso avance em temas que precisam ser discutidos, sem detalhar.<\/p>\n<p>Haddad disse que \u00e9 preciso aguardar o chamado de Lula para a reuni\u00e3o, o que deve ocorrer at\u00e9 o in\u00edcio da tarde, j\u00e1 que o presidente viaja nesta ter\u00e7a para a Fran\u00e7a e queria estar \u201ctranquilo\u201d com essa quest\u00e3o solucionada. \u201cO plano de voo est\u00e1 bom, acredito que at\u00e9 superior ao que n\u00f3s fizemos no ano passado, ou penso ainda menor do que no ano passado, do meu ponto de vista, d\u00e1 uma estabilidade duradoura para as contas no pr\u00f3ximo per\u00edodo\u201d, refor\u00e7ou.<\/p>\n<p>Essas medidas incluem uma proposta de emenda \u00e0 Constitui\u00e7\u00e3o e um projeto de lei amplo, de acordo com o ministro. \u00c9 poss\u00edvel que haja a edi\u00e7\u00e3o de uma Medida Provis\u00f3ria para ajustes pontuais, mas isso ainda n\u00e3o est\u00e1 definido, o que ocorrer\u00e1 ap\u00f3s a reuni\u00e3o com Lula.<\/p>\n<p>Questionado se as a\u00e7\u00f5es incluiriam mudan\u00e7as nos pisos de sa\u00fade e educa\u00e7\u00e3o e desvincula\u00e7\u00e3o do sal\u00e1rio m\u00ednimo, Haddad disse que, por protocolo, ele n\u00e3o poderia adiantar nada sem conversar com Lula. \u201cEu tenho que informar quando a decis\u00e3o estiver tomada. Eu vejo circular muitas not\u00edcias que n\u00e3o t\u00eam correspond\u00eancia, \u00e0s vezes, com o que est\u00e1 sendo discutido. Tem muita gente no mercado que fica especulando, e n\u00e3o \u00e9 bom especular sobre temas s\u00e9rios\u201d, disse.<\/p>\n<p>O ministro ainda esclareceu que essas medidas n\u00e3o incluem o pacote de a\u00e7\u00f5es aventado pelo Minist\u00e9rio de Minas e Energia, que somaria R$ 35 bilh\u00f5es. Segundo Haddad, j\u00e1 h\u00e1 uma lei em tramita\u00e7\u00e3o no Congresso que abarca esse tema \u2013 o leil\u00e3o da PPSA \u2013 e pelo menos metade do valor anunciado j\u00e1 est\u00e1 contabilizado no or\u00e7amento deste ano.<\/p>\n<\/p><\/div>\n<p><br \/>\n<br \/><a href=\"https:\/\/www.canalrural.com.br\/economia\/iof-no-maximo-ate-15h-desta-terca-teremos-definicao-sobre-alternativas-diz-haddad\/\">Source link <\/a><\/p>\n","protected":false},"excerpt":{"rendered":"<p>O ministro da Fazenda, Fernando Haddad, apresentou ponto a ponto, com estimativas de impacto, um conjunto de medidas para sanear<\/p>\n","protected":false},"author":1,"featured_media":9951,"comment_status":"open","ping_status":"open","sticky":false,"template":"","format":"standard","meta":{"_monsterinsights_skip_tracking":false,"_monsterinsights_sitenote_active":false,"_monsterinsights_sitenote_note":"","_monsterinsights_sitenote_category":0,"_uf_show_specific_survey":0,"_uf_disable_surveys":false,"footnotes":""},"categories":[1],"tags":[],"class_list":["post-14562","post","type-post","status-publish","format-standard","has-post-thumbnail","hentry","category-news"],"_links":{"self":[{"href":"https:\/\/agromt.news\/index.php?rest_route=\/wp\/v2\/posts\/14562"}],"collection":[{"href":"https:\/\/agromt.news\/index.php?rest_route=\/wp\/v2\/posts"}],"about":[{"href":"https:\/\/agromt.news\/index.php?rest_route=\/wp\/v2\/types\/post"}],"author":[{"embeddable":true,"href":"https:\/\/agromt.news\/index.php?rest_route=\/wp\/v2\/users\/1"}],"replies":[{"embeddable":true,"href":"https:\/\/agromt.news\/index.php?rest_route=%2Fwp%2Fv2%2Fcomments&post=14562"}],"version-history":[{"count":0,"href":"https:\/\/agromt.news\/index.php?rest_route=\/wp\/v2\/posts\/14562\/revisions"}],"wp:featuredmedia":[{"embeddable":true,"href":"https:\/\/agromt.news\/index.php?rest_route=\/wp\/v2\/media\/9951"}],"wp:attachment":[{"href":"https:\/\/agromt.news\/index.php?rest_route=%2Fwp%2Fv2%2Fmedia&parent=14562"}],"wp:term":[{"taxonomy":"category","embeddable":true,"href":"https:\/\/agromt.news\/index.php?rest_route=%2Fwp%2Fv2%2Fcategories&post=14562"},{"taxonomy":"post_tag","embeddable":true,"href":"https:\/\/agromt.news\/index.php?rest_route=%2Fwp%2Fv2%2Ftags&post=14562"}],"curies":[{"name":"wp","href":"https:\/\/api.w.org\/{rel}","templated":true}]}}