{"id":14558,"date":"2025-06-03T08:42:40","date_gmt":"2025-06-03T12:42:40","guid":{"rendered":"https:\/\/agromt.news\/?p=14558"},"modified":"2025-06-03T08:42:40","modified_gmt":"2025-06-03T12:42:40","slug":"alta-umidade-dificulta-colheita-do-feijao","status":"publish","type":"post","link":"https:\/\/agromt.news\/?p=14558","title":{"rendered":"Alta umidade dificulta colheita do feij\u00e3o"},"content":{"rendered":"<p> <br \/>\n<\/p>\n<div>\n<div class=\"row\">\n<div class=\"col-lg col-infos mt-0 mt-lg-0\">\n<div class=\"section-sub-title\">\n<p itemprop=\"description\">&#13;<br \/>\n                                Chuvas limitam colheita do feij\u00e3o 2\u00aa safra no RS&#13;\n                            <\/p>\n<\/p><\/div>\n<div class=\"container\">\n<div class=\"row\">\n<div class=\"col-lg p-0\">\n<div>\n<div class=\"block-news-main-infos mt-3 text-start\">\n<p>                                            <strong class=\"fn\" itemprop=\"author\" style=\"color: rgb(112, 112, 112); \">&#13;<br \/>\n                                                <a href=\"https:\/\/www.agrolink.com.br\/noticias\/javascript:;\" class=\"text-uppercase\" target=\"_blank\" style=\"color: rgb(112, 112, 112); \" rel=\"noopener\">Agrolink<\/a>&#13;<br \/>\n&#13;<br \/>\n                                                    &#8211; Seane Lennon&#13;<br \/>\n&#13;<br \/>\n                                            <\/strong><br \/>\n                                        <\/p>\n<p>                                            <abbr><time datetime=\"2025-06-02T17:29\" itemprop=\"datePublished dateModified\">Publicado em 02\/06\/2025 \u00e0s 17:29h.<\/time><\/abbr><br \/>\n                                            <\/p><\/div>\n<\/p><\/div>\n<\/p><\/div>\n<div class=\"col-lg p-0 text-lg-end\">\n<div>\n<div id=\"mdEnviarPagina\" class=\"modal fade\" role=\"dialog\">\n<div class=\"modal-dialog\">\n<div class=\"modal-content\">\n<div class=\"modal-body\">\n<p><strong>Estimado usu\u00e1rio.<\/strong><br \/>Preencha o formul\u00e1rio abaixo para remeter a p\u00e1gina.<\/p>\n<\/p><\/div>\n<\/p><\/div>\n<\/p><\/div>\n<\/div><\/div>\n<\/p><\/div>\n<\/p><\/div>\n<\/p><\/div>\n<\/p><\/div>\n<\/p><\/div>\n<div class=\"row justify-content-md-center mt-3\">\n<div class=\"col-lg-auto col-image block-news-main-image\">\n<p>                                <img decoding=\"async\" src=\"https:\/\/www.agrolink.com.br\/upload\/imagens-resizes\/62845d43b6b34e10aa3dfc5dc374b05c_858x483.jpg\" class=\"lazyload img-fluid\"\/><br \/>\n                                                <span class=\"publicity-photo d-block mt-1\">Foto: Canva<\/span><\/p><\/div>\n<\/p><\/div>\n<div class=\"section-description section-description-noticias mt-3\">\n<p style=\"text-align:justify\">O avan\u00e7o da colheita do <a href=\"https:\/\/www.agrolink.com.br\/culturas\/feijao\/?utm_source=agrolink-detalhe-noticia&amp;utm_medium=detalhe-noticia&amp;utm_campaign=links-internos\" target=\"_blank\" rel=\"noopener\">feij\u00e3o<\/a> segunda safra no Rio Grande do Sul foi impactado pelas condi\u00e7\u00f5es clim\u00e1ticas nas \u00faltimas semanas. Segundo o Informativo Conjuntural divulgado pela Emater\/RS-Ascar na quinta-feira (29), 65% da \u00e1rea cultivada j\u00e1 foi colhida, embora o processo esteja sendo dificultado pelo tempo chuvoso e pela alta umidade no campo.&#13;\n<\/p>\n<p style=\"text-align:justify\">\u201cApesar da boa qualidade f\u00edsica e sanit\u00e1ria dos gr\u00e3os colhidos, o teor de umidade est\u00e1 elevado, exigindo secagem imediata para evitar perdas na armazenagem e comercializa\u00e7\u00e3o\u201d, destacou o boletim t\u00e9cnico.<\/p>\n<p style=\"text-align:justify\">De acordo com a Emater, cerca de 30% das lavouras est\u00e3o em fase de matura\u00e7\u00e3o, enquanto 5% ainda se encontram no enchimento de gr\u00e3os. A \u00e1rea total cultivada com feij\u00e3o segunda safra \u00e9 estimada em 15.597 hectares, com produtividade m\u00e9dia de 1.316 kg por hectare.<\/p>\n<p style=\"text-align:justify\">A instabilidade clim\u00e1tica afetou de forma diferente as regi\u00f5es do estado. Em Frederico Westphalen, 95% das lavouras j\u00e1 foram colhidas, e apenas 5% est\u00e3o em matura\u00e7\u00e3o. J\u00e1 na regi\u00e3o de Iju\u00ed, as chuvas permitiram colheita apenas nos dias 22 e 23 de maio, o que limitou os trabalhos a 42% da \u00e1rea plantada. As \u00e1reas remanescentes est\u00e3o em fase de matura\u00e7\u00e3o, com produtividade considerada satisfat\u00f3ria.&#13;\n<\/p>\n<p style=\"text-align:justify\">Na regi\u00e3o de Soledade, a maior parte das lavouras encontra-se em matura\u00e7\u00e3o fisiol\u00f3gica (50%), enquanto 30% ainda est\u00e3o no enchimento de gr\u00e3os e 20% j\u00e1 foram colhidas. A produtividade, no entanto, ficou abaixo do esperado inicialmente, devido a um per\u00edodo prolongado de estiagem de aproximadamente 30 dias, que comprometeu o desenvolvimento das plantas e reduziu o potencial produtivo.<\/p>\n<p style=\"text-align:justify\">A Emater alerta que, caso as chuvas persistam nas pr\u00f3ximas semanas, o desempenho das lavouras em final de ciclo poder\u00e1 ser prejudicado.<\/p>\n<\/p><\/div>\n<\/p><\/div>\n<p><script data-cfasync=\"false\">\n    !function (f, b, e, v, n, t, s) {\n        if (f.fbq) return; n = f.fbq = function () {\n            n.callMethod ?\n                n.callMethod.apply(n, arguments) : n.queue.push(arguments)\n        };\n        if (!f._fbq) f._fbq = n; n.push = n; n.loaded = !0; n.version = '2.0';\n        n.queue = []; t = b.createElement(e); t.async = !0;\n        t.src = v; s = b.getElementsByTagName(e)[0];\n        s.parentNode.insertBefore(t, s)\n    }(window, document, 'script',\n        'https:\/\/connect.facebook.net\/en_US\/fbevents.js');\n    fbq('init', '522546078623747');\n    fbq('track', 'PageView');\n<\/script><br \/>\n<br \/><br \/>\n<br \/><a href=\"https:\/\/www.agrolink.com.br\/noticias\/alta-umidade-dificulta-colheita-do-feijao_502547.html\">Source link <\/a><\/p>\n","protected":false},"excerpt":{"rendered":"<p>&#13; Chuvas limitam colheita do feij\u00e3o 2\u00aa safra no RS&#13; &#13; Agrolink&#13; &#13; &#8211; Seane Lennon&#13; &#13; Publicado em 02\/06\/2025<\/p>\n","protected":false},"author":1,"featured_media":1690,"comment_status":"open","ping_status":"open","sticky":false,"template":"","format":"standard","meta":{"_monsterinsights_skip_tracking":false,"_monsterinsights_sitenote_active":false,"_monsterinsights_sitenote_note":"","_monsterinsights_sitenote_category":0,"_uf_show_specific_survey":0,"_uf_disable_surveys":false,"footnotes":""},"categories":[8,1,14],"tags":[],"class_list":["post-14558","post","type-post","status-publish","format-standard","has-post-thumbnail","hentry","category-agro","category-news","category-politica-agro"],"_links":{"self":[{"href":"https:\/\/agromt.news\/index.php?rest_route=\/wp\/v2\/posts\/14558"}],"collection":[{"href":"https:\/\/agromt.news\/index.php?rest_route=\/wp\/v2\/posts"}],"about":[{"href":"https:\/\/agromt.news\/index.php?rest_route=\/wp\/v2\/types\/post"}],"author":[{"embeddable":true,"href":"https:\/\/agromt.news\/index.php?rest_route=\/wp\/v2\/users\/1"}],"replies":[{"embeddable":true,"href":"https:\/\/agromt.news\/index.php?rest_route=%2Fwp%2Fv2%2Fcomments&post=14558"}],"version-history":[{"count":0,"href":"https:\/\/agromt.news\/index.php?rest_route=\/wp\/v2\/posts\/14558\/revisions"}],"wp:featuredmedia":[{"embeddable":true,"href":"https:\/\/agromt.news\/index.php?rest_route=\/wp\/v2\/media\/1690"}],"wp:attachment":[{"href":"https:\/\/agromt.news\/index.php?rest_route=%2Fwp%2Fv2%2Fmedia&parent=14558"}],"wp:term":[{"taxonomy":"category","embeddable":true,"href":"https:\/\/agromt.news\/index.php?rest_route=%2Fwp%2Fv2%2Fcategories&post=14558"},{"taxonomy":"post_tag","embeddable":true,"href":"https:\/\/agromt.news\/index.php?rest_route=%2Fwp%2Fv2%2Ftags&post=14558"}],"curies":[{"name":"wp","href":"https:\/\/api.w.org\/{rel}","templated":true}]}}