{"id":14555,"date":"2025-06-03T06:46:52","date_gmt":"2025-06-03T10:46:52","guid":{"rendered":"https:\/\/agromt.news\/?p=14555"},"modified":"2025-06-03T06:46:52","modified_gmt":"2025-06-03T10:46:52","slug":"bahia-finaliza-safra-com-recorde","status":"publish","type":"post","link":"https:\/\/agromt.news\/?p=14555","title":{"rendered":"Bahia finaliza safra com recorde"},"content":{"rendered":"<p> <br \/>\n<\/p>\n<div>\n<div class=\"row\">\n<div class=\"col-lg col-infos mt-0 mt-lg-0\">\n<div class=\"section-sub-title\">\n<p itemprop=\"description\">&#13;<br \/>\n                                Levantamento destaca o uso de biotecnologia&#13;\n                            <\/p>\n<\/p><\/div>\n<div class=\"container\">\n<div class=\"row\">\n<div class=\"col-lg p-0\">\n<div>\n<div class=\"block-news-main-infos mt-3 text-start\">\n<p>                                            <strong class=\"fn\" itemprop=\"author\" style=\"color: rgb(112, 112, 112); \">&#13;<br \/>\n                                                <a href=\"https:\/\/www.agrolink.com.br\/noticias\/javascript:;\" class=\"text-uppercase\" target=\"_blank\" style=\"color: rgb(112, 112, 112); \" rel=\"noopener\">Agrolink<\/a>&#13;<br \/>\n&#13;<br \/>\n                                                    &#8211; Leonardo Gottems&#13;<br \/>\n&#13;<br \/>\n                                            <\/strong><br \/>\n                                        <\/p>\n<p>                                            <abbr><time datetime=\"2025-06-02T17:29\" itemprop=\"datePublished dateModified\">Publicado em 02\/06\/2025 \u00e0s 17:29h.<\/time><\/abbr><br \/>\n                                            <\/p><\/div>\n<\/p><\/div>\n<\/p><\/div>\n<div class=\"col-lg p-0 text-lg-end\">\n<div>\n<div id=\"mdEnviarPagina\" class=\"modal fade\" role=\"dialog\">\n<div class=\"modal-dialog\">\n<div class=\"modal-content\">\n<div class=\"modal-body\">\n<p><strong>Estimado usu\u00e1rio.<\/strong><br \/>Preencha o formul\u00e1rio abaixo para remeter a p\u00e1gina.<\/p>\n<\/p><\/div>\n<\/p><\/div>\n<\/p><\/div>\n<\/div><\/div>\n<\/p><\/div>\n<\/p><\/div>\n<\/p><\/div>\n<\/p><\/div>\n<\/p><\/div>\n<div class=\"row justify-content-md-center mt-3\">\n<div class=\"col-lg-auto col-image block-news-main-image\">\n<p>                                <img decoding=\"async\" src=\"https:\/\/www.agrolink.com.br\/upload\/imagens-resizes\/74d124bdfdec42e78cb1acc7e5974d88_858x483.jpg\" class=\"lazyload img-fluid\" alt=\"O levantamento da Aiba, baseado em 140 amostras coletadas nas principais microrregi\u00f5es produtoras, refor\u00e7a o uso de biotecnologia\"\/><br \/>\n                                                <span class=\"d-block mt-1\">O levantamento da Aiba, baseado em 140 amostras coletadas nas principais microrregi\u00f5es produtoras, refor\u00e7a o uso de biotecnologia &#8211; Foto: United Soybean Board<\/span><\/p><\/div>\n<\/p><\/div>\n<div class=\"section-description section-description-noticias mt-3\">\n<p>A Bahia finalizou a safra de <a href=\"https:\/\/www.agrolink.com.br\/culturas\/soja?utm_source=agrolink-detalhe-noticia&amp;utm_medium=detalhe-noticia&amp;utm_campaign=links-internos\" target=\"_blank\" rel=\"noopener\">soja<\/a> 2024\/2025 com um desempenho hist\u00f3rico, consolidando sua import\u00e2ncia no agroneg\u00f3cio nacional. De acordo com o Conselho T\u00e9cnico da Associa\u00e7\u00e3o de Agricultores e Irrigantes da Bahia (Aiba), a produ\u00e7\u00e3o atingiu 8,7 milh\u00f5es de toneladas em uma \u00e1rea de 2,1 milh\u00f5es de hectares, com produtividade m\u00e9dia de 68 sacas por hectare, o melhor resultado dos \u00faltimos 30 anos. Os dados foram validados pela Conab e refletem o avan\u00e7o t\u00e9cnico e o compromisso dos produtores com a sustentabilidade.&#13;\n<\/p>\n<p>Para o presidente da Aiba, Mois\u00e9s Schmidt, os n\u00fameros s\u00e3o resultado do esfor\u00e7o do agricultor, do uso de tecnologias avan\u00e7adas e do manejo adequado das lavouras. Ele destaca o papel do Programa Fitossanit\u00e1rio, que monitora continuamente a sanidade das plantas, combatendo pragas como a Ferrugem Asi\u00e1tica.\u00a0<\/p>\n<p>\u201cTrata-se de um levantamento criterioso, com base em metodologia consolidada, e os n\u00fameros refletem uma safra robusta e tecnicamente validada. O agricultor baiano est\u00e1 colhendo os frutos de um trabalho cont\u00ednuo, baseado em conhecimento t\u00e9cnico, responsabilidade e adapta\u00e7\u00e3o \u00e0s condi\u00e7\u00f5es do campo\u201d, declarou Mandelli.&#13;\n<\/p>\n<p>O levantamento da Aiba, baseado em 140 amostras coletadas nas principais microrregi\u00f5es produtoras, refor\u00e7a o uso de biotecnologia, agricultura de precis\u00e3o e pr\u00e1ticas sustent\u00e1veis, como o Sistema Plantio Direto na Palha (SPD), que melhora o solo e reduz emiss\u00f5es de gases. A irriga\u00e7\u00e3o sustent\u00e1vel tamb\u00e9m cresceu 40% em dois anos, alcan\u00e7ando 334 mil hectares. Al\u00e9m da soja, a colheita do milho avan\u00e7a rapidamente, com produtividade estimada em 187 sacas por hectare e produ\u00e7\u00e3o total de 1,17 milh\u00e3o de toneladas. A colheita deve ser conclu\u00edda nas pr\u00f3ximas semanas, conforme dados da Conab.<br \/>&#13;<br \/>\n\u00a0<\/p>\n<\/p><\/div>\n<\/p><\/div>\n<p><script data-cfasync=\"false\">\n    !function (f, b, e, v, n, t, s) {\n        if (f.fbq) return; n = f.fbq = function () {\n            n.callMethod ?\n                n.callMethod.apply(n, arguments) : n.queue.push(arguments)\n        };\n        if (!f._fbq) f._fbq = n; n.push = n; n.loaded = !0; n.version = '2.0';\n        n.queue = []; t = b.createElement(e); t.async = !0;\n        t.src = v; s = b.getElementsByTagName(e)[0];\n        s.parentNode.insertBefore(t, s)\n    }(window, document, 'script',\n        'https:\/\/connect.facebook.net\/en_US\/fbevents.js');\n    fbq('init', '522546078623747');\n    fbq('track', 'PageView');\n<\/script><br \/>\n<br \/><br \/>\n<br \/><a href=\"https:\/\/www.agrolink.com.br\/noticias\/bahia-finaliza-safra-com-recorde_502548.html\">Source link <\/a><\/p>\n","protected":false},"excerpt":{"rendered":"<p>&#13; Levantamento destaca o uso de biotecnologia&#13; &#13; Agrolink&#13; &#13; &#8211; Leonardo Gottems&#13; &#13; Publicado em 02\/06\/2025 \u00e0s 17:29h. Estimado<\/p>\n","protected":false},"author":1,"featured_media":11846,"comment_status":"open","ping_status":"open","sticky":false,"template":"","format":"standard","meta":{"_monsterinsights_skip_tracking":false,"_monsterinsights_sitenote_active":false,"_monsterinsights_sitenote_note":"","_monsterinsights_sitenote_category":0,"_uf_show_specific_survey":0,"_uf_disable_surveys":false,"footnotes":""},"categories":[8,1,14],"tags":[],"class_list":["post-14555","post","type-post","status-publish","format-standard","has-post-thumbnail","hentry","category-agro","category-news","category-politica-agro"],"_links":{"self":[{"href":"https:\/\/agromt.news\/index.php?rest_route=\/wp\/v2\/posts\/14555"}],"collection":[{"href":"https:\/\/agromt.news\/index.php?rest_route=\/wp\/v2\/posts"}],"about":[{"href":"https:\/\/agromt.news\/index.php?rest_route=\/wp\/v2\/types\/post"}],"author":[{"embeddable":true,"href":"https:\/\/agromt.news\/index.php?rest_route=\/wp\/v2\/users\/1"}],"replies":[{"embeddable":true,"href":"https:\/\/agromt.news\/index.php?rest_route=%2Fwp%2Fv2%2Fcomments&post=14555"}],"version-history":[{"count":0,"href":"https:\/\/agromt.news\/index.php?rest_route=\/wp\/v2\/posts\/14555\/revisions"}],"wp:featuredmedia":[{"embeddable":true,"href":"https:\/\/agromt.news\/index.php?rest_route=\/wp\/v2\/media\/11846"}],"wp:attachment":[{"href":"https:\/\/agromt.news\/index.php?rest_route=%2Fwp%2Fv2%2Fmedia&parent=14555"}],"wp:term":[{"taxonomy":"category","embeddable":true,"href":"https:\/\/agromt.news\/index.php?rest_route=%2Fwp%2Fv2%2Fcategories&post=14555"},{"taxonomy":"post_tag","embeddable":true,"href":"https:\/\/agromt.news\/index.php?rest_route=%2Fwp%2Fv2%2Ftags&post=14555"}],"curies":[{"name":"wp","href":"https:\/\/api.w.org\/{rel}","templated":true}]}}