{"id":14553,"date":"2025-06-03T04:50:56","date_gmt":"2025-06-03T08:50:56","guid":{"rendered":"https:\/\/agromt.news\/?p=14553"},"modified":"2025-06-03T04:50:56","modified_gmt":"2025-06-03T08:50:56","slug":"safra-de-milho-cresce-mas-consumo-pode-superar-producao","status":"publish","type":"post","link":"https:\/\/agromt.news\/?p=14553","title":{"rendered":"Safra de milho cresce, mas consumo pode superar produ\u00e7\u00e3o"},"content":{"rendered":"<p> <br \/>\n<\/p>\n<div>\n<p style=\"text-align:justify\">Os pre\u00e7os do milho no mercado brasileiro encerraram a semana entre os dias 23 e 29 de maio em estabilidade, mas com vi\u00e9s de baixa, segundo an\u00e1lise da Central Internacional de An\u00e1lises Econ\u00f4micas e de Estudos de Mercado Agropecu\u00e1rio (Ceema), divulgada na quinta-feira (29).&#13;\n<\/p>\n<p style=\"text-align:justify\">A m\u00e9dia ga\u00facha foi de R$ 63,32 por saca, enquanto as principais pra\u00e7as nacionais operaram em torno de R$ 61,00. Em outras regi\u00f5es do pa\u00eds, os pre\u00e7os variaram entre R$ 53,00 e R$ 65,00 por saca. Na B3, os contratos apresentaram forte volatilidade. O vencimento para julho recuou para R$ 63,31, o de setembro fechou em R$ 64,59 e o de janeiro de 2026 terminou a R$ 71,00 por saca.<\/p>\n<p style=\"text-align:justify\">A colheita da segunda safra teve in\u00edcio no Mato Grosso. De acordo com o Instituto Mato-Grossense de Economia Agropecu\u00e1ria (Imea), at\u00e9 a sexta-feira anterior, 0,31% da \u00e1rea cultivada j\u00e1 havia sido colhida. O clima favor\u00e1vel impulsiona a expectativa de produ\u00e7\u00e3o no estado, que pode atingir 48,9 milh\u00f5es de toneladas \u2014 crescimento de 3,6% em rela\u00e7\u00e3o ao ano passado.&#13;\n<\/p>\n<p style=\"text-align:justify\">A consultoria Datagro elevou suas proje\u00e7\u00f5es para a safra nacional de milho 2024\/25, estimando uma produ\u00e7\u00e3o total de 132,7 milh\u00f5es de toneladas. Se confirmado, o volume ser\u00e1 8,7% superior ao da safra passada, que fechou com 122,1 milh\u00f5es de toneladas.<\/p>\n<p style=\"text-align:justify\">A consultoria estima que a safra de ver\u00e3o tenha encerrado com 25,2 milh\u00f5es de toneladas, 2% acima da anterior. Segundo o relat\u00f3rio, a produtividade subiu para 6.608 kg\/ha, alta de 9% sobre a safra passada. J\u00e1 a segunda safra, que representar\u00e1 81% do volume total, pode alcan\u00e7ar 107,5 milh\u00f5es de toneladas, com produtividade recorde de 5.957 kg\/ha.&#13;\n<\/p>\n<p style=\"text-align:justify\">Apesar do cen\u00e1rio produtivo favor\u00e1vel, a Datagro alerta para mais um ano de d\u00e9ficit. \u201cA expectativa \u00e9 que a demanda supere a produ\u00e7\u00e3o brasileira em 2,3 milh\u00f5es de toneladas, consolidando o quinto d\u00e9ficit consecutivo do cereal no pa\u00eds, ainda que menos severo que o do ano anterior, o qual foi de 4,8 milh\u00f5es de toneladas\u201d, informou a consultoria.<\/p>\n<\/p><\/div>\n<p><script data-cfasync=\"false\">\n    !function (f, b, e, v, n, t, s) {\n        if (f.fbq) return; n = f.fbq = function () {\n            n.callMethod ?\n                n.callMethod.apply(n, arguments) : n.queue.push(arguments)\n        };\n        if (!f._fbq) f._fbq = n; n.push = n; n.loaded = !0; n.version = '2.0';\n        n.queue = []; t = b.createElement(e); t.async = !0;\n        t.src = v; s = b.getElementsByTagName(e)[0];\n        s.parentNode.insertBefore(t, s)\n    }(window, document, 'script',\n        'https:\/\/connect.facebook.net\/en_US\/fbevents.js');\n    fbq('init', '522546078623747');\n    fbq('track', 'PageView');\n<\/script><br \/>\n<br \/><br \/>\n<br \/><a href=\"https:\/\/www.agrolink.com.br\/noticias\/safra-de-milho-cresce--mas-consumo-pode-superar-producao_502549.html\">Source link <\/a><\/p>\n","protected":false},"excerpt":{"rendered":"<p>Os pre\u00e7os do milho no mercado brasileiro encerraram a semana entre os dias 23 e 29 de maio em estabilidade,<\/p>\n","protected":false},"author":1,"featured_media":3271,"comment_status":"open","ping_status":"open","sticky":false,"template":"","format":"standard","meta":{"_monsterinsights_skip_tracking":false,"_monsterinsights_sitenote_active":false,"_monsterinsights_sitenote_note":"","_monsterinsights_sitenote_category":0,"_uf_show_specific_survey":0,"_uf_disable_surveys":false,"footnotes":""},"categories":[8,1,14],"tags":[],"class_list":["post-14553","post","type-post","status-publish","format-standard","has-post-thumbnail","hentry","category-agro","category-news","category-politica-agro"],"_links":{"self":[{"href":"https:\/\/agromt.news\/index.php?rest_route=\/wp\/v2\/posts\/14553"}],"collection":[{"href":"https:\/\/agromt.news\/index.php?rest_route=\/wp\/v2\/posts"}],"about":[{"href":"https:\/\/agromt.news\/index.php?rest_route=\/wp\/v2\/types\/post"}],"author":[{"embeddable":true,"href":"https:\/\/agromt.news\/index.php?rest_route=\/wp\/v2\/users\/1"}],"replies":[{"embeddable":true,"href":"https:\/\/agromt.news\/index.php?rest_route=%2Fwp%2Fv2%2Fcomments&post=14553"}],"version-history":[{"count":0,"href":"https:\/\/agromt.news\/index.php?rest_route=\/wp\/v2\/posts\/14553\/revisions"}],"wp:featuredmedia":[{"embeddable":true,"href":"https:\/\/agromt.news\/index.php?rest_route=\/wp\/v2\/media\/3271"}],"wp:attachment":[{"href":"https:\/\/agromt.news\/index.php?rest_route=%2Fwp%2Fv2%2Fmedia&parent=14553"}],"wp:term":[{"taxonomy":"category","embeddable":true,"href":"https:\/\/agromt.news\/index.php?rest_route=%2Fwp%2Fv2%2Fcategories&post=14553"},{"taxonomy":"post_tag","embeddable":true,"href":"https:\/\/agromt.news\/index.php?rest_route=%2Fwp%2Fv2%2Ftags&post=14553"}],"curies":[{"name":"wp","href":"https:\/\/api.w.org\/{rel}","templated":true}]}}