{"id":14552,"date":"2025-06-03T02:49:24","date_gmt":"2025-06-03T06:49:24","guid":{"rendered":"https:\/\/agromt.news\/?p=14552"},"modified":"2025-06-03T02:49:24","modified_gmt":"2025-06-03T06:49:24","slug":"pastagens-avancam-com-melhora-das-condicoes-de-umidade","status":"publish","type":"post","link":"https:\/\/agromt.news\/?p=14552","title":{"rendered":"Pastagens avan\u00e7am com melhora das condi\u00e7\u00f5es de umidade"},"content":{"rendered":"<p> <br \/>\n<\/p>\n<div>\n<p style=\"text-align:justify\">A atualiza\u00e7\u00e3o semanal do Informativo Conjuntural, divulgada pela Emater\/RS-Ascar nesta quinta-feira (29), aponta que os baixos volumes de chuva at\u00e9 23 de maio contribu\u00edram para a manuten\u00e7\u00e3o de n\u00edveis adequados de umidade no solo, favorecendo o acesso dos animais \u00e0s \u00e1reas de pasto e evitando a degrada\u00e7\u00e3o por pisoteio.&#13;\n<\/p>\n<p style=\"text-align:justify\">Segundo a entidade, \u201cas \u00e1reas que receberam aduba\u00e7\u00e3o nitrogenada em cobertura apresentaram crescimento acelerado e maior densidade de perfilhamento\u201d, destacando-se pela colora\u00e7\u00e3o verde-escura e desenvolvimento superior \u00e0s demais. Em contrapartida, o crescimento das esp\u00e9cies forrageiras em campo nativo foi reduzido.<\/p>\n<p style=\"text-align:justify\">Na regi\u00e3o de Bag\u00e9, a Emater observou queda na oferta de forragem em campos nativos, sobretudo nas propriedades com alta lota\u00e7\u00e3o animal. Em Caxias do Sul, a germina\u00e7\u00e3o das \u00e1reas rec\u00e9m-implantadas e o crescimento das forrageiras plantadas mais cedo evolu\u00edram satisfatoriamente.<\/p>\n<p style=\"text-align:justify\">Em Erechim, a combina\u00e7\u00e3o entre umidade do solo e maior incid\u00eancia de luz solar tem beneficiado o desenvolvimento de culturas de inverno, como <a href=\"https:\/\/www.agrolink.com.br\/culturas\/aveia?utm_source=agrolink-detalhe-noticia&amp;utm_medium=detalhe-noticia&amp;utm_campaign=links-internos\" target=\"_blank\" rel=\"noopener\">aveia<\/a> e azev\u00e9m, al\u00e9m de algumas variedades de <a href=\"https:\/\/www.agrolink.com.br\/culturas\/trigo\/?utm_source=agrolink-detalhe-noticia&amp;utm_medium=detalhe-noticia&amp;utm_campaign=links-internos\" target=\"_blank\" rel=\"noopener\">trigo<\/a> destinadas ao pastoreio. Frederico Westphalen tamb\u00e9m relatou est\u00edmulo ao rebrote das <a href=\"https:\/\/www.agrolink.com.br\/culturas\/pastagens?utm_source=agrolink-detalhe-noticia&amp;utm_medium=detalhe-noticia&amp;utm_campaign=links-internos\" target=\"_blank\" rel=\"noopener\">pastagens<\/a>, com o retorno das chuvas e temperaturas amenas.&#13;\n<\/p>\n<p style=\"text-align:justify\">Na regi\u00e3o de Iju\u00ed, a Emater afirma que \u201cas pastagens anuais de inverno v\u00eam se desenvolvendo bem\u201d, apesar do volume de forragem ainda ser limitado em fun\u00e7\u00e3o do atraso no in\u00edcio do crescimento. Em Passo Fundo, os campos nativos entraram em fase de repouso, e os animais t\u00eam sido direcionados \u00e0s \u00e1reas cultivadas.<\/p>\n<p style=\"text-align:justify\">Pelotas segue com pastoreio em pastagens perenes de ver\u00e3o irrigadas, o que tem evitado o vazio forrageiro t\u00edpico do outono. Em Porto Alegre, h\u00e1 sinais de recupera\u00e7\u00e3o do campo nativo, enquanto as pastagens de inverno continuam em implanta\u00e7\u00e3o e desenvolvimento gradual.<\/p>\n<p style=\"text-align:justify\">Santa Maria mant\u00e9m baixa qualidade nas pastagens nativas, com material fibroso e pouco nutritivo. J\u00e1 em Santa Rosa, o pastoreio est\u00e1 em andamento nas \u00e1reas semeadas com aveia e trigo, e o plantio de azev\u00e9m deve ser realizado na sequ\u00eancia. Em Soledade, embora atrasadas, as pastagens de inverno j\u00e1 entraram na fase inicial de pastejo, impulsionadas pelas chuvas recentes.&#13;\n<\/p>\n<\/p><\/div>\n<p><script data-cfasync=\"false\">\n    !function (f, b, e, v, n, t, s) {\n        if (f.fbq) return; n = f.fbq = function () {\n            n.callMethod ?\n                n.callMethod.apply(n, arguments) : n.queue.push(arguments)\n        };\n        if (!f._fbq) f._fbq = n; n.push = n; n.loaded = !0; n.version = '2.0';\n        n.queue = []; t = b.createElement(e); t.async = !0;\n        t.src = v; s = b.getElementsByTagName(e)[0];\n        s.parentNode.insertBefore(t, s)\n    }(window, document, 'script',\n        'https:\/\/connect.facebook.net\/en_US\/fbevents.js');\n    fbq('init', '522546078623747');\n    fbq('track', 'PageView');\n<\/script><br \/>\n<br \/><br \/>\n<br \/><a href=\"https:\/\/www.agrolink.com.br\/noticias\/pastagens-avancam-com-melhora-das-condicoes-de-umidade_502550.html\">Source link <\/a><\/p>\n","protected":false},"excerpt":{"rendered":"<p>A atualiza\u00e7\u00e3o semanal do Informativo Conjuntural, divulgada pela Emater\/RS-Ascar nesta quinta-feira (29), aponta que os baixos volumes de chuva at\u00e9<\/p>\n","protected":false},"author":1,"featured_media":3018,"comment_status":"open","ping_status":"open","sticky":false,"template":"","format":"standard","meta":{"_monsterinsights_skip_tracking":false,"_monsterinsights_sitenote_active":false,"_monsterinsights_sitenote_note":"","_monsterinsights_sitenote_category":0,"_uf_show_specific_survey":0,"_uf_disable_surveys":false,"footnotes":""},"categories":[8,1,14],"tags":[],"class_list":["post-14552","post","type-post","status-publish","format-standard","has-post-thumbnail","hentry","category-agro","category-news","category-politica-agro"],"_links":{"self":[{"href":"https:\/\/agromt.news\/index.php?rest_route=\/wp\/v2\/posts\/14552"}],"collection":[{"href":"https:\/\/agromt.news\/index.php?rest_route=\/wp\/v2\/posts"}],"about":[{"href":"https:\/\/agromt.news\/index.php?rest_route=\/wp\/v2\/types\/post"}],"author":[{"embeddable":true,"href":"https:\/\/agromt.news\/index.php?rest_route=\/wp\/v2\/users\/1"}],"replies":[{"embeddable":true,"href":"https:\/\/agromt.news\/index.php?rest_route=%2Fwp%2Fv2%2Fcomments&post=14552"}],"version-history":[{"count":0,"href":"https:\/\/agromt.news\/index.php?rest_route=\/wp\/v2\/posts\/14552\/revisions"}],"wp:featuredmedia":[{"embeddable":true,"href":"https:\/\/agromt.news\/index.php?rest_route=\/wp\/v2\/media\/3018"}],"wp:attachment":[{"href":"https:\/\/agromt.news\/index.php?rest_route=%2Fwp%2Fv2%2Fmedia&parent=14552"}],"wp:term":[{"taxonomy":"category","embeddable":true,"href":"https:\/\/agromt.news\/index.php?rest_route=%2Fwp%2Fv2%2Fcategories&post=14552"},{"taxonomy":"post_tag","embeddable":true,"href":"https:\/\/agromt.news\/index.php?rest_route=%2Fwp%2Fv2%2Ftags&post=14552"}],"curies":[{"name":"wp","href":"https:\/\/api.w.org\/{rel}","templated":true}]}}