{"id":14543,"date":"2025-06-02T18:48:34","date_gmt":"2025-06-02T22:48:34","guid":{"rendered":"https:\/\/agromt.news\/?p=14543"},"modified":"2025-06-02T18:48:34","modified_gmt":"2025-06-02T22:48:34","slug":"precos-da-arroba-do-boi-iniciam-a-semana-em-leve-alta-veja-cotacoes","status":"publish","type":"post","link":"https:\/\/agromt.news\/?p=14543","title":{"rendered":"Pre\u00e7os da arroba do boi iniciam a semana em leve alta; veja cota\u00e7\u00f5es"},"content":{"rendered":"<p> <br \/>\n<br \/><img decoding=\"async\" src=\"https:\/\/agromt.news\/wp-content\/uploads\/2025\/02\/cVxPzzI3-boi-gordo-2.jpg\" \/><\/p>\n<div>\n<p>O mercado f\u00edsico do boi gordo iniciou a semana apresentando alguma alta nos pre\u00e7os. De acorodo com o analista da consultoria Safras &amp; Mercado, as escalas de abate come\u00e7am a encurtar e, atualmente, est\u00e3o em sete dias \u00fateis na m\u00e9dia nacional. <\/p>\n<p>\u201cA maior dificuldade est\u00e1 na aquisi\u00e7\u00e3o de boi gordo, em especial animais jovens. Ainda h\u00e1 boa disponibilidade de f\u00eameas no mercado brasileiro. O movimento de alta j\u00e1 se faz presente em pra\u00e7as como <strong><a href=\"https:\/\/www.canalrural.com.br\/tag\/sao-paulo\/\">S\u00e3o Paulo<\/a><\/strong>, Mato Grosso, Mato Grosso do Sul, Par\u00e1 e Minas Gerais, ainda que isso ocorra de maneira moderada.\u201d<\/p>\n<h2 class=\"wp-block-heading\" id=\"h-precos-medios-do-boi-gordo\">Pre\u00e7os m\u00e9dios do boi gordo<\/h2>\n<ul class=\"wp-block-list\">\n<li><strong>S\u00e3o Paulo:<\/strong> R$ 308,75 \u2014 na sexta: R$ 306,50<\/li>\n<li><strong>Goi\u00e1s:<\/strong> R$ 290,54 \u2014 anteriormente: R$ 289,29<\/li>\n<li><strong>Minas Gerais:<\/strong> R$ 292,94 \u2014 no fechamento anterior: R$ 288,82<\/li>\n<li><strong>Mato Grosso do Sul:<\/strong> R$ 305 \u2014 na sexta: R$ 304<\/li>\n<li><strong>Mato Grosso:<\/strong> R$ 300,61 \u2013 est\u00e1vel <\/li>\n<\/ul>\n<h2 class=\"wp-block-heading\" id=\"h-mercado-atacadista\">Mercado atacadista<\/h2>\n<p>O mercado atacadista iniciou a semana apresentando pre\u00e7os acomodados. Segundo Iglesias, o ambiente de neg\u00f3cios volta a sugerir por alguma recupera\u00e7\u00e3o dos pre\u00e7os, mesmo que isso ocorra de maneira comedida, considerando a entrada dos sal\u00e1rios na economia, que motiva a reposi\u00e7\u00e3o ao longo da cadeia produtiva. <\/p>\n<\/div>\n<div>\n<p>\u201cExporta\u00e7\u00f5es seguem em alt\u00edssimo n\u00edvel, com o pa\u00eds caminhando a passos largos para mais um recorde de embarques.\u201d. A quantidade total exportada pelo pa\u00eds chegou a 173,804 mil toneladas na primeira quinzena de maio, de acordo com a Secretaria de Com\u00e9rcio Exterior (Secex). O n\u00famero representa alta de 23,7% frente ao mesmo per\u00edodo de 2024.<\/p>\n<p>O quarto traseiro ainda \u00e9 precificado a R$ 23,00 por quilo, o dianteiro segue cotado a R$ 18,50 por quilo e a ponta de agulha foi precificada a R$ 18,00 por quilo.<\/p>\n<h2 class=\"wp-block-heading\" id=\"h-cambio\">C\u00e2mbio<\/h2>\n<p>O d\u00f3lar comercial encerrou em queda de 0,81%, sendo negociado a R$ 5,6734 para venda e a R$ 5,6714 para compra. Durante o dia, a moeda norte-americana oscilou entre a m\u00ednima de R$ 5,6666 e a m\u00e1xima de R$ 5,7096.<\/p>\n<\/p><\/div>\n<p><br \/>\n<br \/><a href=\"https:\/\/www.canalrural.com.br\/pecuaria\/precos-da-arroba-do-boi-iniciam-a-semana-em-leve-alta-veja-cotacoes\/\">Source link <\/a><\/p>\n","protected":false},"excerpt":{"rendered":"<p>O mercado f\u00edsico do boi gordo iniciou a semana apresentando alguma alta nos pre\u00e7os. De acorodo com o analista da<\/p>\n","protected":false},"author":1,"featured_media":13736,"comment_status":"open","ping_status":"open","sticky":false,"template":"","format":"standard","meta":{"_monsterinsights_skip_tracking":false,"_monsterinsights_sitenote_active":false,"_monsterinsights_sitenote_note":"","_monsterinsights_sitenote_category":0,"_uf_show_specific_survey":0,"_uf_disable_surveys":false,"footnotes":""},"categories":[1],"tags":[],"class_list":["post-14543","post","type-post","status-publish","format-standard","has-post-thumbnail","hentry","category-news"],"_links":{"self":[{"href":"https:\/\/agromt.news\/index.php?rest_route=\/wp\/v2\/posts\/14543"}],"collection":[{"href":"https:\/\/agromt.news\/index.php?rest_route=\/wp\/v2\/posts"}],"about":[{"href":"https:\/\/agromt.news\/index.php?rest_route=\/wp\/v2\/types\/post"}],"author":[{"embeddable":true,"href":"https:\/\/agromt.news\/index.php?rest_route=\/wp\/v2\/users\/1"}],"replies":[{"embeddable":true,"href":"https:\/\/agromt.news\/index.php?rest_route=%2Fwp%2Fv2%2Fcomments&post=14543"}],"version-history":[{"count":0,"href":"https:\/\/agromt.news\/index.php?rest_route=\/wp\/v2\/posts\/14543\/revisions"}],"wp:featuredmedia":[{"embeddable":true,"href":"https:\/\/agromt.news\/index.php?rest_route=\/wp\/v2\/media\/13736"}],"wp:attachment":[{"href":"https:\/\/agromt.news\/index.php?rest_route=%2Fwp%2Fv2%2Fmedia&parent=14543"}],"wp:term":[{"taxonomy":"category","embeddable":true,"href":"https:\/\/agromt.news\/index.php?rest_route=%2Fwp%2Fv2%2Fcategories&post=14543"},{"taxonomy":"post_tag","embeddable":true,"href":"https:\/\/agromt.news\/index.php?rest_route=%2Fwp%2Fv2%2Ftags&post=14543"}],"curies":[{"name":"wp","href":"https:\/\/api.w.org\/{rel}","templated":true}]}}