{"id":14541,"date":"2025-06-02T18:34:24","date_gmt":"2025-06-02T22:34:24","guid":{"rendered":"https:\/\/agromt.news\/?p=14541"},"modified":"2025-06-02T18:34:24","modified_gmt":"2025-06-02T22:34:24","slug":"camara-aprova-aumento-de-punicao-a-quem-provocar-incendios-florestais","status":"publish","type":"post","link":"https:\/\/agromt.news\/?p=14541","title":{"rendered":"C\u00e2mara aprova aumento de puni\u00e7\u00e3o a quem provocar inc\u00eandios florestais"},"content":{"rendered":"<p> <br \/>\n<br \/><img decoding=\"async\" src=\"https:\/\/agromt.news\/wp-content\/uploads\/2024\/09\/Morte-de-brigadistas-em-incendio-florestal-e-investigada-pela-Policia.jpg\" \/><\/p>\n<div>\n<p>A puni\u00e7\u00e3o para quem provocar inc\u00eandio em floresta e em outras formas de vegeta\u00e7\u00e3o poder\u00e1 ser aumentada, passando de reclus\u00e3o de 2 a 4 anos para deten\u00e7\u00e3o de 3 a 6 anos e multa, conforme prev\u00ea o projeto de Lei (PL) 3330\/24, aprovado nesta segunda-feira (2) pela <strong><a href=\"https:\/\/www.canalrural.com.br\/tag\/camara\/\">C\u00e2mara dos Deputados<\/a><\/strong>. <\/p>\n<p>A proposta, que ainda precisa passar pelo Senado, tamb\u00e9m pro\u00edbe o infrator de contratar com o poder p\u00fablico pelo prazo de cinco anos, ap\u00f3s o tr\u00e2nsito em julgado da senten\u00e7a.<\/p>\n<p>Os deputados aprovaram um texto substitutivo ao projeto do deputado Gerv\u00e1sio Maia (PSB-PB). A proposta, relatada pelo deputado Patrus Ananias (PT-MG), determina ainda o agravamento da pena de um ter\u00e7o \u00e0 metade, se o crime ocorrer nas seguintes condi\u00e7\u00f5es:<\/p>\n<ul class=\"wp-block-list\">\n<li>For praticado expondo a perigo iminente e direto a popula\u00e7\u00e3o e a sa\u00fade p\u00fablica em centros urbanos; <\/li>\n<li>Atingir \u00e1reas de unidades de conserva\u00e7\u00e3o ou \u00e1reas sujeitas, por ato do poder p\u00fablico, a regime especial de uso; <\/li>\n<li>For produzido por duas ou mais pessoas<\/li>\n<\/ul>\n<h2 class=\"wp-block-heading\" id=\"h-aumentos-de-pena\">Aumentos de pena<\/h2>\n<p>O mesmo agravamento poder\u00e1 incidir se o crime for praticado expondo a perigo iminente e direto esp\u00e9cies que constem em lista oficial de esp\u00e9cies raras ou amea\u00e7adas de extin\u00e7\u00e3o e com a finalidade de obter vantagem pecuni\u00e1ria para si ou para outrem. A pena \u00e9 aumentada at\u00e9 o dobro, se o crime resulta a morte de algu\u00e9m.<\/p>\n<\/div>\n<div>\n<p>No caso de ter sido praticado expondo a perigo a vida, a integridade f\u00edsica ou o patrim\u00f4nio de outro, o crime ter\u00e1 o aumento da pena de um sexto a um ter\u00e7o. Se for culposo, ou seja, praticado sem dolo ou inten\u00e7\u00e3o, a pena ser\u00e1 de deten\u00e7\u00e3o, de um a dois anos, e multa.<\/p>\n<p>Patrus Ananias disse que o projeto estabelece uma penaliza\u00e7\u00e3o mais adequada para os criminosos ambientais, com responsabiliza\u00e7\u00e3o penal, administrativa e econ\u00f4mica dos infratores.<\/p>\n<p>\u201cA continuidade dessas pr\u00e1ticas, muitas vezes facilitada pela falta de puni\u00e7\u00f5es mais eficazes, representa um desafio que precisa ser enfrentado com a colabora\u00e7\u00e3o de toda a sociedade e das autoridades p\u00fablicas\u201d, destacou o relator.<\/p>\n<p>O projeto n\u00e3o aplica puni\u00e7\u00e3o nos casos em que a queima for controlada e prescrita, nem devido a seu uso tradicional e adaptativo, ou seja, quando for aplicada visando o devido manejo ambiental.<\/p>\n<h2 class=\"wp-block-heading\" id=\"h-grupos-criminosos-causam-incendios\">\u2018Grupos criminosos causam inc\u00eandios\u2019<\/h2>\n<p>O deputado disse ainda que muitos inc\u00eandios s\u00e3o causados por grupos criminosos e que o crime compromete o desenvolvimento econ\u00f4mico sustent\u00e1vel, intensifica desigualdades sociais e afeta a sa\u00fade p\u00fablica, em virtude da emiss\u00e3o de poluentes e da destrui\u00e7\u00e3o de ecossistemas.<\/p>\n<p>\u201cGrande parte desses inc\u00eandios decorre de atos criminosos, com registros audiovisuais comprovando a a\u00e7\u00e3o deliberada de incendi\u00e1rios, frequentemente associados a organiza\u00e7\u00f5es criminosas que exploram ilicitamente recursos naturais. Essas organiza\u00e7\u00f5es, muitas vezes, s\u00e3o as mesmas que praticam grilagem de terras, extra\u00e7\u00e3o ilegal de madeira, minera\u00e7\u00e3o clandestina e tr\u00e1fico de animais silvestres, atividades que geram lucros elevados \u00e0 custa de danos socioambientais irrepar\u00e1veis\u201d, apontou.<\/p>\n<\/p><\/div>\n<p><br \/>\n<br \/><a href=\"https:\/\/www.canalrural.com.br\/nacional\/camara-aprova-aumento-de-punicao-a-quem-provocar-incendios-florestais\/\">Source link <\/a><\/p>\n","protected":false},"excerpt":{"rendered":"<p>A puni\u00e7\u00e3o para quem provocar inc\u00eandio em floresta e em outras formas de vegeta\u00e7\u00e3o poder\u00e1 ser aumentada, passando de reclus\u00e3o<\/p>\n","protected":false},"author":1,"featured_media":14542,"comment_status":"open","ping_status":"open","sticky":false,"template":"","format":"standard","meta":{"_monsterinsights_skip_tracking":false,"_monsterinsights_sitenote_active":false,"_monsterinsights_sitenote_note":"","_monsterinsights_sitenote_category":0,"_uf_show_specific_survey":0,"_uf_disable_surveys":false,"footnotes":""},"categories":[1],"tags":[],"class_list":["post-14541","post","type-post","status-publish","format-standard","has-post-thumbnail","hentry","category-news"],"_links":{"self":[{"href":"https:\/\/agromt.news\/index.php?rest_route=\/wp\/v2\/posts\/14541"}],"collection":[{"href":"https:\/\/agromt.news\/index.php?rest_route=\/wp\/v2\/posts"}],"about":[{"href":"https:\/\/agromt.news\/index.php?rest_route=\/wp\/v2\/types\/post"}],"author":[{"embeddable":true,"href":"https:\/\/agromt.news\/index.php?rest_route=\/wp\/v2\/users\/1"}],"replies":[{"embeddable":true,"href":"https:\/\/agromt.news\/index.php?rest_route=%2Fwp%2Fv2%2Fcomments&post=14541"}],"version-history":[{"count":0,"href":"https:\/\/agromt.news\/index.php?rest_route=\/wp\/v2\/posts\/14541\/revisions"}],"wp:featuredmedia":[{"embeddable":true,"href":"https:\/\/agromt.news\/index.php?rest_route=\/wp\/v2\/media\/14542"}],"wp:attachment":[{"href":"https:\/\/agromt.news\/index.php?rest_route=%2Fwp%2Fv2%2Fmedia&parent=14541"}],"wp:term":[{"taxonomy":"category","embeddable":true,"href":"https:\/\/agromt.news\/index.php?rest_route=%2Fwp%2Fv2%2Fcategories&post=14541"},{"taxonomy":"post_tag","embeddable":true,"href":"https:\/\/agromt.news\/index.php?rest_route=%2Fwp%2Fv2%2Ftags&post=14541"}],"curies":[{"name":"wp","href":"https:\/\/api.w.org\/{rel}","templated":true}]}}