{"id":14539,"date":"2025-06-02T17:51:06","date_gmt":"2025-06-02T21:51:06","guid":{"rendered":"https:\/\/agromt.news\/?p=14539"},"modified":"2025-06-02T17:51:06","modified_gmt":"2025-06-02T21:51:06","slug":"80-mm-de-chuva-em-cinco-dias-saiba-onde-a-temperatura-sobe-cai-e-a-agua-despenca","status":"publish","type":"post","link":"https:\/\/agromt.news\/?p=14539","title":{"rendered":"80 mm de chuva em cinco dias; saiba onde a temperatura sobe, cai e a \u00e1gua despenca"},"content":{"rendered":"<p> <br \/>\n<br \/><img decoding=\"async\" src=\"https:\/\/agromt.news\/wp-content\/uploads\/2025\/06\/80-mm-de-chuva-em-cinco-dias-saiba-onde-a.jpg\" \/><\/p>\n<div>\n<p>Produtores rurais, aten\u00e7\u00e3o \u00e0s mudan\u00e7as de temperatura e \u00e0 previs\u00e3o do tempo! Um <a href=\"https:\/\/tempo.canalrural.com.br\/?_gl=1%2Ab82fsy%2A_ga%2ANTk3MzU1NjEzLjE3NDg2MTcyMTY.%2A_ga_Y1X353CDF4%2AczE3NDg4OTg5NjkkbzkkZzAkdDE3NDg4OTg5NzIkajU3JGwwJGgyMDk4OTEwOTEz%2A_ga_4Z7XXTBDRP%2AczE3NDg4OTg5NjkkbzEwJGcwJHQxNzQ4ODk4OTcwJGo1OSRsMCRoMA..\">cavado <\/a>vai provocar temporais entre ter\u00e7a (2) e quarta-feira (3), com risco de granizo e rajadas de vento intensas nas lavouras do Sul de Mato Grosso, sul de Goi\u00e1s, interior de S\u00e3o Paulo e Mato Grosso do Sul. Essas <a href=\"https:\/\/www.canalrural.com.br\/?s=tempo\">condi\u00e7\u00f5es <\/a>exigem cuidado especial, principalmente nas \u00e1reas mais afetadas do Paran\u00e1, Santa Catarina e norte do Rio Grande do Sul, onde est\u00e3o previstos acumulados de at\u00e9 80 mm de chuva em cinco dias.<\/p>\n<figure class=\"wp-block-embed is-type-video is-provider-youtube wp-block-embed-youtube wp-embed-aspect-16-9 wp-has-aspect-ratio\">\n<p>\n<iframe title=\"80 mm de chuva em cinco dias; saiba onde a temperatura sobe, cai e a \u00e1gua despenca\" width=\"800\" height=\"450\" src=\"https:\/\/www.youtube.com\/embed\/dHHdTarKtjI?feature=oembed\" frameborder=\"0\" allow=\"accelerometer; autoplay; clipboard-write; encrypted-media; gyroscope; picture-in-picture; web-share\" referrerpolicy=\"strict-origin-when-cross-origin\" allowfullscreen><\/iframe><noscript><iframe title=\"80 mm de chuva em cinco dias; saiba onde a temperatura sobe, cai e a \u00e1gua despenca\" width=\"800\" height=\"450\" src=\"https:\/\/www.youtube.com\/embed\/dHHdTarKtjI?feature=oembed\" frameborder=\"0\" allow=\"accelerometer; autoplay; clipboard-write; encrypted-media; gyroscope; picture-in-picture; web-share\" referrerpolicy=\"strict-origin-when-cross-origin\" allowfullscreen><\/iframe><\/noscript>\n<\/p>\n<\/figure>\n<ul class=\"wp-block-list\">\n<li><strong><em>Fique por dentro das novidades e not\u00edcias recentes sobre a soja! Participe da nossa comunidade atrav\u00e9s do\u00a0<a href=\"https:\/\/chat.whatsapp.com\/BmMRwA0TZ2DHGyhzoaVEWu\">link<\/a><\/em><\/strong>!<\/li>\n<\/ul>\n<p>Apesar dos temporais, as chuvas no Mato Grosso do Sul, S\u00e3o Paulo e Minas Gerais n\u00e3o devem prejudicar os trabalhos em campo, al\u00e9m de contribuir para a reposi\u00e7\u00e3o h\u00eddrica do solo, fundamental para as culturas nesta \u00e9poca.<\/p>\n<\/div>\n<div>\n<h2 class=\"wp-block-heading\" id=\"h-tempo-seco\">Tempo seco<\/h2>\n<p>J\u00e1 o interior do Matopiba (\u00e1reas produtoras no Maranh\u00e3o, Tocantins e Bahia) segue com tempo quente e seco, com temperaturas chegando a 36 a 37 graus. Essa eleva\u00e7\u00e3o de temperatura tamb\u00e9m deve ocorrer em todas as regi\u00f5es produtoras, o que vai favorecer a moagem da cana-de-a\u00e7\u00facar e a colheita do caf\u00e9, cujas m\u00ednimas ficar\u00e3o entre 12 e 15 graus.<\/p>\n<h2 class=\"wp-block-heading\" id=\"h-queda-das-temperaturas\">Queda das temperaturas!<\/h2>\n<p>Entretanto, produtores do Sul do pa\u00eds devem ficar atentos ao risco de geadas, j\u00e1 que as temperaturas podem cair abaixo dos 5 graus em algumas localidades, o que pode impactar culturas sens\u00edveis ao frio.<\/p>\n<\/p><\/div>\n<p><br \/>\n<br \/><a href=\"https:\/\/www.canalrural.com.br\/agricultura\/projeto-soja-brasil\/muita-chuva-80-mm-em-cinco-dias-saiba-onde-a-temperatura-sobe-cai-e-a-agua-despenca\/\">Source link <\/a><\/p>\n","protected":false},"excerpt":{"rendered":"<p>Produtores rurais, aten\u00e7\u00e3o \u00e0s mudan\u00e7as de temperatura e \u00e0 previs\u00e3o do tempo! Um cavado vai provocar temporais entre ter\u00e7a (2)<\/p>\n","protected":false},"author":1,"featured_media":14540,"comment_status":"open","ping_status":"open","sticky":false,"template":"","format":"standard","meta":{"_monsterinsights_skip_tracking":false,"_monsterinsights_sitenote_active":false,"_monsterinsights_sitenote_note":"","_monsterinsights_sitenote_category":0,"_uf_show_specific_survey":0,"_uf_disable_surveys":false,"footnotes":""},"categories":[1],"tags":[],"class_list":["post-14539","post","type-post","status-publish","format-standard","has-post-thumbnail","hentry","category-news"],"_links":{"self":[{"href":"https:\/\/agromt.news\/index.php?rest_route=\/wp\/v2\/posts\/14539"}],"collection":[{"href":"https:\/\/agromt.news\/index.php?rest_route=\/wp\/v2\/posts"}],"about":[{"href":"https:\/\/agromt.news\/index.php?rest_route=\/wp\/v2\/types\/post"}],"author":[{"embeddable":true,"href":"https:\/\/agromt.news\/index.php?rest_route=\/wp\/v2\/users\/1"}],"replies":[{"embeddable":true,"href":"https:\/\/agromt.news\/index.php?rest_route=%2Fwp%2Fv2%2Fcomments&post=14539"}],"version-history":[{"count":0,"href":"https:\/\/agromt.news\/index.php?rest_route=\/wp\/v2\/posts\/14539\/revisions"}],"wp:featuredmedia":[{"embeddable":true,"href":"https:\/\/agromt.news\/index.php?rest_route=\/wp\/v2\/media\/14540"}],"wp:attachment":[{"href":"https:\/\/agromt.news\/index.php?rest_route=%2Fwp%2Fv2%2Fmedia&parent=14539"}],"wp:term":[{"taxonomy":"category","embeddable":true,"href":"https:\/\/agromt.news\/index.php?rest_route=%2Fwp%2Fv2%2Fcategories&post=14539"},{"taxonomy":"post_tag","embeddable":true,"href":"https:\/\/agromt.news\/index.php?rest_route=%2Fwp%2Fv2%2Ftags&post=14539"}],"curies":[{"name":"wp","href":"https:\/\/api.w.org\/{rel}","templated":true}]}}