{"id":14537,"date":"2025-06-02T17:36:12","date_gmt":"2025-06-02T21:36:12","guid":{"rendered":"https:\/\/agromt.news\/?p=14537"},"modified":"2025-06-02T17:36:12","modified_gmt":"2025-06-02T21:36:12","slug":"semana-reserva-chuva-superior-a-60-mm-e-baixas-temperaturas","status":"publish","type":"post","link":"https:\/\/agromt.news\/?p=14537","title":{"rendered":"Semana reserva chuva superior a 60 mm e baixas temperaturas"},"content":{"rendered":"<p> <br \/>\n<\/p>\n<div>\n<p>O Instituto Nacional de Meteorologia (Inmet) divulgou a previs\u00e3o do tempo entre esta segunda-feira (2) e a pr\u00f3xima (9). Volumes de chuva superiores a 60 mm e temperaturas acima de 34\u00b0C s\u00e3o alguns dos destaques. Confira:<\/p>\n<div data-icp-cta=\"1\" id=\"icp-cta-unique\">Voc\u00ea quer entender como usar o clima a seu favor?<b> <\/b><a href=\"https:\/\/climacampo.canalrural.com.br\/climacampo_-01\">Preparamos um e-book exclusivo<\/a> para ajudar produtores rurais a se antecipar \u00e0s mudan\u00e7as do tempo e planejar melhor suas a\u00e7\u00f5es. Com base em previs\u00f5es meteorol\u00f3gicas confi\u00e1veis, ele oferece orienta\u00e7\u00f5es pr\u00e1ticas para proteger sua lavoura e otimizar seus resultados.<\/div>\n<h2 class=\"wp-block-heading\" id=\"h-sul\">Sul<\/h2>\n<p>S\u00e3o previstos volumes de chuva acima de <strong>60 mm<\/strong> no centro-norte do <strong><a href=\"https:\/\/www.canalrural.com.br\/nacional\/rio-grande-do-sul\/\">Rio Grande do Sul<\/a><\/strong> e leste de Santa Catarina. Nesses locais, os maiores acumulados podem ocorrer na quinta-feira (5) \u2014 tons em laranja e vermelho no mapa abaixo. Nas demais \u00e1reas, s\u00e3o previstos menores volumes, com valores inferiores a 40 mm (manchas em verde).<\/p>\n<h2 class=\"wp-block-heading\" id=\"h-centro-oeste-e-sudeste\">Centro-Oeste e Sudeste<\/h2>\n<figure class=\"wp-block-image size-full\"><img fetchpriority=\"high\" decoding=\"async\" width=\"327\" height=\"393\" alt=\"previs\u00e3o do tempo - chuva\" class=\"wp-image-4103591\"  data-lazy- src=\"https:\/\/agromt.news\/wp-content\/uploads\/2025\/06\/Semana-reserva-chuva-superior-a-60-mm-e-baixas-temperaturas.jpg\"\/><img decoding=\"async\" width=\"327\" height=\"393\" src=\"https:\/\/agromt.news\/wp-content\/uploads\/2025\/06\/Semana-reserva-chuva-superior-a-60-mm-e-baixas-temperaturas.jpg\" alt=\"previs\u00e3o do tempo - chuva\" class=\"wp-image-4103591\"  \/><figcaption class=\"wp-element-caption\">Foto: Reprodu\u00e7\u00e3o Inmet<\/figcaption><\/figure>\n<p>A semana come\u00e7a com previs\u00e3o de chuvas em \u00e1reas do centro-sul de Mato Grosso do Sul, S\u00e3o Paulo, sul de Minas Gerais, Rio de Janeiro e norte do Esp\u00edrito Santo, com volumes que podem ultrapassar os 20 mm (tons em verde). A partir de quarta-feira (4), o predom\u00ednio \u00e9 de tempo aberto nestas \u00e1reas.<\/p>\n<h2 class=\"wp-block-heading\" id=\"h-nordeste\">Nordeste <\/h2>\n<p>N\u00e3o h\u00e1 previs\u00e3o de chuva, somente em \u00e1reas pr\u00f3ximas ao litoral, onde est\u00e3o previstos volumes acima de 20 mm (tons em azul e verde). No litoral da Bahia, de Sergipe e Alagoas, al\u00e9m do noroeste do Maranh\u00e3o, as precipita\u00e7\u00f5es podem alcan\u00e7ar os 50 mm (tons em amarelo).<\/p>\n<h2 class=\"wp-block-heading\" id=\"h-norte\">Norte<\/h2>\n<p>Os maiores acumulados de chuva se concentrar\u00e3o na faixa que vai desde o noroeste do Amazonas at\u00e9 o nordeste do Par\u00e1, com volumes que podem superar os <strong>60 mm<\/strong>. Nas demais \u00e1reas, s\u00e3o previstos menores volumes, inferiores a 40 mm. Destaque para o sul da regi\u00e3o amaz\u00f4nica, onde n\u00e3o h\u00e1 previs\u00e3o de chuvas ao longo da semana.<\/p>\n<\/div>\n<div>\n<h2 class=\"wp-block-heading\" id=\"h-temperaturas-minimas-e-maximas\">Temperaturas m\u00ednimas e m\u00e1ximas<\/h2>\n<figure class=\"wp-block-image size-full\"><img decoding=\"async\" width=\"330\" height=\"386\" alt=\"previs\u00e3o de temperatura\" class=\"wp-image-4103590\"  data-lazy- src=\"https:\/\/agromt.news\/wp-content\/uploads\/2025\/06\/1748900172_161_Semana-reserva-chuva-superior-a-60-mm-e-baixas-temperaturas.jpg\"\/><img loading=\"lazy\" decoding=\"async\" width=\"330\" height=\"386\" src=\"https:\/\/agromt.news\/wp-content\/uploads\/2025\/06\/1748900172_161_Semana-reserva-chuva-superior-a-60-mm-e-baixas-temperaturas.jpg\" alt=\"previs\u00e3o de temperatura\" class=\"wp-image-4103590\"  \/><figcaption class=\"wp-element-caption\">Foto: Reprodu\u00e7\u00e3o<\/figcaption><\/figure>\n<p>A previs\u00e3o ao longo da semana indica temperaturas m\u00e1ximas elevadas nas regi\u00f5es Norte, Nordeste, Centro-Oeste e oeste da Regi\u00e3o Sudeste, com valores que podem ultrapassar os 30\u00b0C.<\/p>\n<p>Segundo o Inmet, as temperaturas podem ficar abaixo de 24\u00b0C no leste do Sudeste e no Sul, exceto no norte do Paran\u00e1, onde as temperaturas m\u00e1ximas podem ultrapassar os 30\u00b0C. <\/p>\n<p>Ao longo da semana s\u00e3o previstas temperaturas m\u00e1ximas acima de<strong> 34\u00b0C<\/strong> no sul do Par\u00e1, norte do Tocantins e de Mato Grosso, al\u00e9m do sudeste do Piau\u00ed, como, por exemplo, no dia 7 de junho (como mostra o mapa acima).<\/p>\n<p>Neste mesmo dia, as temperaturas abaixo de <strong>18\u00b0C<\/strong> ocorreram no Rio Grande do Sul e sudeste de Santa Catarina.<\/p>\n<p>As temperaturas m\u00ednimas seguir\u00e3o acima de 26\u00b0C na Regi\u00e3o Norte, norte da Regi\u00e3o Nordeste, al\u00e9m do noroeste de Mato Grosso. Por\u00e9m, o avan\u00e7o de uma massa de ar frio ao longo da semana, deve derrubar as temperaturas no Rio Grande do Sul. <\/p>\n<p>A partir do dia 06 de maio, o Inmet aponta que as temperaturas m\u00ednimas podem ficar abaixo de 10\u00b0C na parte sul do Rio Grande do Sul. Term\u00f4metros indicando entre <strong>16\u00b0C e 18\u00b0C<\/strong> tamb\u00e9m em Santa Catarina, no leste do Paran\u00e1 e de S\u00e3o Paulo, al\u00e9m de \u00e1reas de Minas Gerais, da Bahia, de Goi\u00e1s e do Distrito Federal.<\/p>\n<\/p><\/div>\n<p><br \/>\n<br \/><a href=\"https:\/\/www.canalrural.com.br\/tempo\/semana-reserva-chuva-superior-a-60-mm-e-baixas-temperaturas\/\">Source link <\/a><\/p>\n","protected":false},"excerpt":{"rendered":"<p>O Instituto Nacional de Meteorologia (Inmet) divulgou a previs\u00e3o do tempo entre esta segunda-feira (2) e a pr\u00f3xima (9). Volumes<\/p>\n","protected":false},"author":1,"featured_media":14538,"comment_status":"open","ping_status":"open","sticky":false,"template":"","format":"standard","meta":{"_monsterinsights_skip_tracking":false,"_monsterinsights_sitenote_active":false,"_monsterinsights_sitenote_note":"","_monsterinsights_sitenote_category":0,"_uf_show_specific_survey":0,"_uf_disable_surveys":false,"footnotes":""},"categories":[1],"tags":[],"class_list":["post-14537","post","type-post","status-publish","format-standard","has-post-thumbnail","hentry","category-news"],"_links":{"self":[{"href":"https:\/\/agromt.news\/index.php?rest_route=\/wp\/v2\/posts\/14537"}],"collection":[{"href":"https:\/\/agromt.news\/index.php?rest_route=\/wp\/v2\/posts"}],"about":[{"href":"https:\/\/agromt.news\/index.php?rest_route=\/wp\/v2\/types\/post"}],"author":[{"embeddable":true,"href":"https:\/\/agromt.news\/index.php?rest_route=\/wp\/v2\/users\/1"}],"replies":[{"embeddable":true,"href":"https:\/\/agromt.news\/index.php?rest_route=%2Fwp%2Fv2%2Fcomments&post=14537"}],"version-history":[{"count":0,"href":"https:\/\/agromt.news\/index.php?rest_route=\/wp\/v2\/posts\/14537\/revisions"}],"wp:featuredmedia":[{"embeddable":true,"href":"https:\/\/agromt.news\/index.php?rest_route=\/wp\/v2\/media\/14538"}],"wp:attachment":[{"href":"https:\/\/agromt.news\/index.php?rest_route=%2Fwp%2Fv2%2Fmedia&parent=14537"}],"wp:term":[{"taxonomy":"category","embeddable":true,"href":"https:\/\/agromt.news\/index.php?rest_route=%2Fwp%2Fv2%2Fcategories&post=14537"},{"taxonomy":"post_tag","embeddable":true,"href":"https:\/\/agromt.news\/index.php?rest_route=%2Fwp%2Fv2%2Ftags&post=14537"}],"curies":[{"name":"wp","href":"https:\/\/api.w.org\/{rel}","templated":true}]}}