{"id":14529,"date":"2025-06-02T16:09:53","date_gmt":"2025-06-02T20:09:53","guid":{"rendered":"https:\/\/agromt.news\/?p=14529"},"modified":"2025-06-02T16:09:53","modified_gmt":"2025-06-02T20:09:53","slug":"periodo-de-seca-coloca-lavouras-em-risco-e-acende-alerta-sobre-incendios-fora-de-controle","status":"publish","type":"post","link":"https:\/\/agromt.news\/?p=14529","title":{"rendered":"Per\u00edodo de seca coloca lavouras em risco e acende alerta sobre inc\u00eandios fora de controle"},"content":{"rendered":"<p> <br \/>\n<br \/><img decoding=\"async\" src=\"https:\/\/agromt.news\/wp-content\/uploads\/2025\/06\/Periodo-de-seca-coloca-lavouras-em-risco-e-acende-alerta.jpeg\" \/><\/p>\n<div>\n<p>Com a <a href=\"https:\/\/www.canalrural.com.br\/?s=estiagem+\">estiagem <\/a>\u2018em cena\u2019 no estado de Mato Grosso, passaram a valer as regras do per\u00edodo proibitivo de queimadas. Determinada pelo Decreto n\u00ba 1.403\/2025, a proibi\u00e7\u00e3o vai de 1\u00ba de junho a 31 de dezembro no Pantanal, e de 1\u00ba de julho a 30 de novembro nas regi\u00f5es da Amaz\u00f4nia e do Cerrado. A medida tem como objetivo reduzir os riscos de inc\u00eandios florestais e nas lavouras, que se intensificam e se tornam mais perigosos durante os meses mais secos do ano.<\/p>\n<ul class=\"wp-block-list\">\n<li><strong><em>Fique por dentro das novidades e not\u00edcias recentes sobre a soja! Participe da nossa comunidade atrav\u00e9s do\u00a0<a href=\"https:\/\/chat.whatsapp.com\/BmMRwA0TZ2DHGyhzoaVEWu\">link<\/a><\/em><\/strong>!<\/li>\n<\/ul>\n<p>Em \u00e1reas rurais, a seca severa e a vegeta\u00e7\u00e3o ressecada aumentam o potencial de combust\u00e3o, exigindo uma s\u00e9rie de cuidados por parte dos produtores. Entre as pr\u00e1ticas recomendadas est\u00e3o a constru\u00e7\u00e3o de aceiros, a limpeza de \u00e1reas com material inflam\u00e1vel e a revis\u00e3o de maquin\u00e1rios agr\u00edcolas. A orienta\u00e7\u00e3o das autoridades \u00e9 clara: prevenir \u00e9 sempre mais eficaz e seguro do que tentar combater o fogo j\u00e1 em propaga\u00e7\u00e3o.<\/p>\n<p>Segundo a <a href=\"https:\/\/aprosoja.com.br\/\">Aprosoja Mato Grosso<\/a>, produtores do estado t\u00eam se antecipado ao per\u00edodo cr\u00edtico com medidas organizadas internamente em suas propriedades. Em munic\u00edpios como Brasnorte e Diamantino, por exemplo, fazendeiros v\u00eam promovendo reuni\u00f5es com funcion\u00e1rios para alinhar procedimentos, revisar equipamentos e refor\u00e7ar a\u00e7\u00f5es de vigil\u00e2ncia.<\/p>\n<\/div>\n<div>\n<p>A associa\u00e7\u00e3o est\u00e1 entre as entidades que v\u00eam atuando nesse contexto, com campanhas de conscientiza\u00e7\u00e3o, distribui\u00e7\u00e3o de materiais educativos e participa\u00e7\u00e3o no Comit\u00ea Estadual de Gest\u00e3o do Fogo (CEGF), junto a \u00f3rg\u00e3os p\u00fablicos. Embora represente interesses do setor produtivo, a entidade tamb\u00e9m integra articula\u00e7\u00f5es voltadas \u00e0 preven\u00e7\u00e3o e ao apoio t\u00e9cnico em \u00e1reas rurais.<\/p>\n<p>\u201cA seca exige aten\u00e7\u00e3o redobrada. A constru\u00e7\u00e3o de aceiros e o preparo das equipes s\u00e3o pontos essenciais para evitar danos maiores\u201d, comentou Luiz Pedro Bier, vice-presidente da Aprosoja MT.<\/p>\n<p>Al\u00e9m da a\u00e7\u00e3o organizada, o papel do vizinho bem preparado e consciente tamb\u00e9m \u00e9 destacado pelos pr\u00f3prios produtores como fator decisivo para evitar a propaga\u00e7\u00e3o das chamas. A detec\u00e7\u00e3o precoce e a resposta r\u00e1pida ainda s\u00e3o consideradas as formas mais eficientes de conter o fogo.<\/p>\n<p>Outra recomenda\u00e7\u00e3o importante, segundo especialistas e \u00f3rg\u00e3os ambientais, \u00e9 a notifica\u00e7\u00e3o imediata \u00e0s autoridades em caso de foco de inc\u00eandio, acompanhada de registros como fotos e v\u00eddeos que documentem os esfor\u00e7os de conten\u00e7\u00e3o. Essa documenta\u00e7\u00e3o pode ser essencial em investiga\u00e7\u00f5es e tamb\u00e9m em eventuais processos legais ou administrativos.<\/p>\n<\/p><\/div>\n<p><br \/>\n<br \/><a href=\"https:\/\/www.canalrural.com.br\/agricultura\/projeto-soja-brasil\/seca-coloca-lavouras-em-risco-e-acende-alerta-contra-incendios-fora-de-controle\/\">Source link <\/a><\/p>\n","protected":false},"excerpt":{"rendered":"<p>Com a estiagem \u2018em cena\u2019 no estado de Mato Grosso, passaram a valer as regras do per\u00edodo proibitivo de queimadas.<\/p>\n","protected":false},"author":1,"featured_media":14530,"comment_status":"open","ping_status":"open","sticky":false,"template":"","format":"standard","meta":{"_monsterinsights_skip_tracking":false,"_monsterinsights_sitenote_active":false,"_monsterinsights_sitenote_note":"","_monsterinsights_sitenote_category":0,"_uf_show_specific_survey":0,"_uf_disable_surveys":false,"footnotes":""},"categories":[1],"tags":[],"class_list":["post-14529","post","type-post","status-publish","format-standard","has-post-thumbnail","hentry","category-news"],"_links":{"self":[{"href":"https:\/\/agromt.news\/index.php?rest_route=\/wp\/v2\/posts\/14529"}],"collection":[{"href":"https:\/\/agromt.news\/index.php?rest_route=\/wp\/v2\/posts"}],"about":[{"href":"https:\/\/agromt.news\/index.php?rest_route=\/wp\/v2\/types\/post"}],"author":[{"embeddable":true,"href":"https:\/\/agromt.news\/index.php?rest_route=\/wp\/v2\/users\/1"}],"replies":[{"embeddable":true,"href":"https:\/\/agromt.news\/index.php?rest_route=%2Fwp%2Fv2%2Fcomments&post=14529"}],"version-history":[{"count":0,"href":"https:\/\/agromt.news\/index.php?rest_route=\/wp\/v2\/posts\/14529\/revisions"}],"wp:featuredmedia":[{"embeddable":true,"href":"https:\/\/agromt.news\/index.php?rest_route=\/wp\/v2\/media\/14530"}],"wp:attachment":[{"href":"https:\/\/agromt.news\/index.php?rest_route=%2Fwp%2Fv2%2Fmedia&parent=14529"}],"wp:term":[{"taxonomy":"category","embeddable":true,"href":"https:\/\/agromt.news\/index.php?rest_route=%2Fwp%2Fv2%2Fcategories&post=14529"},{"taxonomy":"post_tag","embeddable":true,"href":"https:\/\/agromt.news\/index.php?rest_route=%2Fwp%2Fv2%2Ftags&post=14529"}],"curies":[{"name":"wp","href":"https:\/\/api.w.org\/{rel}","templated":true}]}}